{"id":25438,"date":"2024-07-08T17:06:17","date_gmt":"2024-07-08T17:06:17","guid":{"rendered":"https:\/\/www.diariocronica.com.ar\/noticias\/2024\/07\/08\/98748-aumenta-la-presion-sobre-perez-en-red-bull-tras-otro-fin-de-semana-nefasto-en-la-f1"},"modified":"2024-07-08T17:06:17","modified_gmt":"2024-07-08T17:06:17","slug":"aumenta-la-presion-sobre-perez-en-red-bull-tras-otro-fin-de-semana-nefasto-en-la-f1","status":"publish","type":"post","link":"https:\/\/latecordoba.com\/index.php\/2024\/07\/08\/aumenta-la-presion-sobre-perez-en-red-bull-tras-otro-fin-de-semana-nefasto-en-la-f1\/","title":{"rendered":"Aumenta la presi\u00f3n sobre P\u00e9rez en Red Bull tras otro fin de semana nefasto en la F1"},"content":{"rendered":"\n<div class=\"media_block\"><a href=\"http:\/\/latecordoba.com\/wp-content\/uploads\/2024\/07\/aumenta-la-presion-sobre-perez-en-red-bull-tras-otro-fin-de-semana-nefasto-en-la-f1.jpg\"><img decoding=\"async\" src=\"http:\/\/latecordoba.com\/wp-content\/uploads\/2024\/07\/aumenta-la-presion-sobre-perez-en-red-bull-tras-otro-fin-de-semana-nefasto-en-la-f1.jpg\" class=\"media_thumbnail\"><\/a><\/div>\n<div><img decoding=\"async\" src=\"http:\/\/latecordoba.com\/wp-content\/uploads\/2024\/07\/aumenta-la-presion-sobre-perez-en-red-bull-tras-otro-fin-de-semana-nefasto-en-la-f1-1.jpg\" class=\"ff-og-image-inserted\"><\/div>\n<p>\nEl piloto mexicano no levanta cabeza y est\u00e1 lejos de los puestos principales en el campeonato.\n<\/p>\n<div readability=\"55\">\n<p><strong>Sergio P\u00e9rez est\u00e1 bajo m\u00e1s presi\u00f3n que nunca en el campe\u00f3n de F\u00f3rmula Uno, Red Bull, despu\u00e9s de que el mexicano no sumara puntos por tercer fin de semana en cinco carreras.<\/strong><\/p>\n<p>P\u00e9rez,&nbsp;<strong>subcampe\u00f3n el a\u00f1o pasado por detr\u00e1s de su compa\u00f1ero Max Verstappen, s\u00f3lo sum\u00f3 15 puntos en sus \u00faltimas seis carreras<\/strong>&nbsp;y cay\u00f3 a la sexta posici\u00f3n del Campeonato de Pilotos esta temporada.<\/p>\n<p><strong>&#8220;Por supuesto que est\u00e1 bajo presi\u00f3n. Eso es normal en la F1 y cuando est\u00e1s rindiendo por debajo de lo esperado esa presi\u00f3n aumenta&#8221;,<\/strong>&nbsp;dijo el jefe del equipo Christian Horner despu\u00e9s de que P\u00e9rez saliera desde el pitlane en el Gran Premio de Gran Breta\u00f1a del domingo y terminara en el puesto 17.<\/p>\n<p>El tricampe\u00f3n del mundo Verstappen, ganador de siete carreras este a\u00f1o y ahora con 84 puntos de ventaja sobre Lando Norris de McLaren, fue segundo.<\/p>\n<p>La mala actuaci\u00f3n de P\u00e9rez signific\u00f3 que McLaren super\u00f3 a Red Bull por quinta vez en seis carreras, un ritmo que podr\u00eda llevar a ese equipo a la lucha por el t\u00edtulo.<\/p>\n<p>El jefe de McLaren, Zak Brown, dijo d\u00edas atr\u00e1s que el bajo rendimiento de P\u00e9rez podr\u00eda ser un factor clave en el Campeonato de Constructores.<\/p>\n<p>Horner dijo que nada le hab\u00eda salido bien al mexicano en Silverstone, empezando por su trompo en la grava en la calificaci\u00f3n. &#8220;<strong>Sabe que es insostenible no sumar puntos&#8221;<\/strong>, dijo.<\/p>\n<p><strong>&#8220;Tenemos que sumar puntos con ese coche y \u00e9l lo sabe. Conoce su papel y su objetivo. Nadie tiene m\u00e1s ganas que &#8216;Checo&#8217; de recuperar su mejor versi\u00f3n&#8221;<\/strong>, agreg\u00f3.<\/p>\n<p>Red Bull ampli\u00f3 el contrato de P\u00e9rez en junio, un movimiento que ahora parece prematuro aunque las cl\u00e1usulas de rendimiento tambi\u00e9n podr\u00edan activarse.<\/p>\n<p><strong>&#8220;Por supuesto, hay frustraci\u00f3n cuando tus dos coches no est\u00e1n rindiendo (&#8230;) Algunos pilotos necesitan un brazo alrededor del hombro y otros necesitan una patada en el culo y a veces var\u00eda de una semana a otra&#8221;,<\/strong>&nbsp;a\u00f1adi\u00f3. <em>(NA)<\/em><\/p>\n<\/div>\n","protected":false},"excerpt":{"rendered":"\n<div class=\"media_block\"><a href=\"http:\/\/latecordoba.com\/wp-content\/uploads\/2024\/07\/aumenta-la-presion-sobre-perez-en-red-bull-tras-otro-fin-de-semana-nefasto-en-la-f1.jpg\"><img decoding=\"async\" src=\"http:\/\/latecordoba.com\/wp-content\/uploads\/2024\/07\/aumenta-la-presion-sobre-perez-en-red-bull-tras-otro-fin-de-semana-nefasto-en-la-f1.jpg\" class=\"media_thumbnail\"><\/a><\/div>\n<p>El piloto mexicano no levanta cabeza y est\u00e1 lejos de los puestos principales en el campeonato. <\/p>\n","protected":false},"author":1,"featured_media":25439,"comment_status":"closed","ping_status":"closed","sticky":false,"template":"","format":"standard","meta":[],"categories":[17],"tags":[],"_links":{"self":[{"href":"https:\/\/latecordoba.com\/index.php\/wp-json\/wp\/v2\/posts\/25438"}],"collection":[{"href":"https:\/\/latecordoba.com\/index.php\/wp-json\/wp\/v2\/posts"}],"about":[{"href":"https:\/\/latecordoba.com\/index.php\/wp-json\/wp\/v2\/types\/post"}],"author":[{"embeddable":true,"href":"https:\/\/latecordoba.com\/index.php\/wp-json\/wp\/v2\/users\/1"}],"replies":[{"embeddable":true,"href":"https:\/\/latecordoba.com\/index.php\/wp-json\/wp\/v2\/comments?post=25438"}],"version-history":[{"count":0,"href":"https:\/\/latecordoba.com\/index.php\/wp-json\/wp\/v2\/posts\/25438\/revisions"}],"wp:featuredmedia":[{"embeddable":true,"href":"https:\/\/latecordoba.com\/index.php\/wp-json\/wp\/v2\/media\/25439"}],"wp:attachment":[{"href":"https:\/\/latecordoba.com\/index.php\/wp-json\/wp\/v2\/media?parent=25438"}],"wp:term":[{"taxonomy":"category","embeddable":true,"href":"https:\/\/latecordoba.com\/index.php\/wp-json\/wp\/v2\/categories?post=25438"},{"taxonomy":"post_tag","embeddable":true,"href":"https:\/\/latecordoba.com\/index.php\/wp-json\/wp\/v2\/tags?post=25438"}],"curies":[{"name":"wp","href":"https:\/\/api.w.org\/{rel}","templated":true}]}}