{"id":25430,"date":"2024-07-08T20:29:00","date_gmt":"2024-07-08T20:29:00","guid":{"rendered":"https:\/\/www.iprofesional.com\/economia\/409293-la-suba-del-dolar-impacta-en-los-fondos-comunes-de-inversion"},"modified":"2024-07-08T20:29:00","modified_gmt":"2024-07-08T20:29:00","slug":"la-suba-del-dolar-y-la-incertidumbre-cambiaria-impactaron-en-los-fondos-comunes-de-inversion","status":"publish","type":"post","link":"https:\/\/latecordoba.com\/index.php\/2024\/07\/08\/la-suba-del-dolar-y-la-incertidumbre-cambiaria-impactaron-en-los-fondos-comunes-de-inversion\/","title":{"rendered":"La suba del d\u00f3lar y la incertidumbre cambiaria impactaron en los fondos comunes de inversi\u00f3n"},"content":{"rendered":"\n<div class=\"media_block\"><img decoding=\"async\" src=\"http:\/\/latecordoba.com\/wp-content\/uploads\/2024\/07\/la-suba-del-dolar-y-la-incertidumbre-cambiaria-impactaron-en-los-fondos-comunes-de-inversion.jpg\"><\/div>\n<p><strong>Junio estuvo signado por la incertidumbre, y la volatilidad en la industria de <a href=\"https:\/\/www.iprofesional.com\/finanzas\/405140-acciones-argentinas-que-mas-compraron-fci\" target=\"_blank\" rel=\"noopener noreferrer\">fondos comunes de inversi\u00f3n<\/a> fue un claro reflejo de ello.<\/strong> En detalle, si bien el patrimonio administrado se mantiene en niveles r\u00e9cord y supera los $40 billones, no present\u00f3 variaciones con respecto a mayo y qued\u00f3 por debajo de la inflaci\u00f3n por primera vez en el a\u00f1o.\n<\/p>\n<p><span>Todo en un marco donde los rescates totales superaron los $1,1 billones y los Money Market (o fondos de liquidez inmediata) fueron los grandes perdedores -con rescates superiores a los $1,2 billones-. Esto&nbsp;llevaron al patrimonio de la categor\u00eda a retroceder un 2% con respecto a mayo y cerrar en los 23,2 billones de pesos, <strong>representando igualmente un 58% del market share de la industria.<\/strong><\/span>\n<\/p>\n<h2><strong>D\u00f3lar Linked y Fondos Comunes de Inversi\u00f3n: su rendimiento<\/strong><\/h2>\n<p>Igualmente, esta tendencia, al menos considerando lo que va de julio, parece revertirse aunque la volatilidad en los flujos es alta y creemos que ser\u00e1 un dato que se mantendr\u00e1.\n<\/p>\n<p>Sin embargo, saliendo de la liquidez, otra clave de junio (que se repite en las pocas ruedas de este mes) tambi\u00e9n vino de la mano de los fondos con riesgo de mercado, donde <strong>aquellos de Renta Fija Corto Plazo y CER revirtieron la tendencia de los \u00faltimos meses para finalizar en rojo<\/strong>\n<\/p>\n<p>Muy diferente a lo que pas\u00f3 con la cobertura D\u00f3lar Linked, que sumaron flujo positivo por primera vez desde diciembre pasado. Recibieron suscripciones netas -gracias, puntualmente, a las \u00faltimas ruedas de junio- por unos 65.000 millones de pesos, de la mano de la incertidumbre creciente sobre la pol\u00edtica monetaria y cambiaria.\n<\/p>\n<div class=\"video\">\n<div class=\"lazy-video video-409293202407080531261499903167\" data-src=\"<iframe class='video-loaded video-409293202407080531261499903167' src='https:\/\/www.iprofesional.com\/video?source=https:\/\/assets.iprofesional.com\/assets\/mp4\/2024\/07\/579297.mp4&amp;type=video&amp;id=409293' style='border:none;overflow:hidden;left:0;top:0;margin-top:0px;position:relative;'><\/iframe>&#8220;> <\/p>\n<div class=\"image-container img-wide\"> <picture><source media=\"(min-width:465px)\" srcset=\"http:\/\/latecordoba.com\/wp-content\/uploads\/2024\/07\/la-suba-del-dolar-y-la-incertidumbre-cambiaria-impactaron-en-los-fondos-comunes-de-inversion-1.jpg\" data-backup=\"https:\/\/resizer.iproimg.com\/unsafe\/640x\/filters:format(webp)\/https:\/\/assets.iprofesional.com\/assets\/jpg\/2024\/04\/572517.jpg\" class=\"lazyload\"><source media=\"(min-width:650px)\" srcset=\"http:\/\/latecordoba.com\/wp-content\/uploads\/2024\/07\/la-suba-del-dolar-y-la-incertidumbre-cambiaria-impactaron-en-los-fondos-comunes-de-inversion-1.jpg\" data-backup=\"https:\/\/resizer.iproimg.com\/unsafe\/640x\/filters:format(webp)\/https:\/\/assets.iprofesional.com\/assets\/jpg\/2024\/04\/572517.jpg\" class=\"lazyload\"><img decoding=\"async\" loading=\"lazy\" class=\"lazyload\" src=\"http:\/\/latecordoba.com\/wp-content\/uploads\/2024\/07\/la-suba-del-dolar-y-la-incertidumbre-cambiaria-impactaron-en-los-fondos-comunes-de-inversion-1.jpg\" data-backup=\"https:\/\/resizer.iproimg.com\/unsafe\/640x\/filters:format(webp)\/https:\/\/assets.iprofesional.com\/assets\/jpg\/2024\/04\/572517.jpg\" alt=\"\u00bfLos fondos comunes de inversi\u00f3n se adaptan a una nueva coyuntura?\" width=\"100%\" height=\"auto\"> <\/picture> <\/div>\n<\/div>\n<\/div>\n<p><a href=\"https:\/\/www.iprofesional.com\/finanzas\/409258-el-dolar-blue-arranco-la-semana-en-alza-y-marco-un-nuevo-record-nominal\" target=\"_blank\" rel=\"noopener noreferrer\">La aceleraci\u00f3n de los d\u00f3lares financieros<\/a> (acumulando subas de +15% desde fines de mayo) y las dudas sostenibilidad del crawling peg del 2% del TC oficial -a pesar de anunciado y ratificado varias veces oficialmente en la \u00faltima semana- <strong>reflot\u00f3 el inter\u00e9s por esta cobertura<\/strong>. Inter\u00e9s \u00faltimo que se mantiene al sumar en la primera semana unos m\u00e1s de 100.000 millones de pesos.&nbsp;\n<\/p>\n<p>Otro dato a destacar es la continuidad de suscripciones netas hacia los fondos de <a href=\"https:\/\/www.iprofesional.com\/finanzas\/403368-que-son-las-lecap-y-como-invertir\" target=\"_blank\" rel=\"noopener noreferrer\">LECAPs<\/a> de Liquidez diaria. Estos ganaron unos cerca de 90.000 millones en junio, y se mantienen en positivo en estos d\u00edas.\n<\/p>\n<h2><strong>Rendimientos poco sobresalientes (m\u00e1s bien pobres)<\/strong><\/h2>\n<p>Ahora bien, los movimientos del flujo no fue lo \u00fanico a destacar, la presi\u00f3n sobre la curva de pesos tampoco ayud\u00f3 a los rendimientos de varias estrategias (en particular, a los fondos CER). Y <strong>si bien el mes, comenz\u00f3 en verde, no podemos hablar a\u00fan de una tendencia.<\/strong>\n<\/p>\n<p><span>En concreto, los Renta Fija Discrecionales sumaron un 3,6% el mes pasado, y 1.2% en julio. Mientras que los flamantes de Renta Fija T+0 (o fondos de Lecaps) acumulan poco m\u00e1s del 2.5% en el mismo tiempo, <strong>levemente por debajo de los Renta Fija de Corto Plazo con aproximadamente un 2%.<\/strong><\/span>\n<\/p>\n<div class=\"imagen\" readability=\"9\"><img decoding=\"async\" loading=\"lazy\" class=\"lazyload\" src=\"http:\/\/latecordoba.com\/wp-content\/uploads\/2024\/07\/la-suba-del-dolar-y-la-incertidumbre-cambiaria-impactaron-en-los-fondos-comunes-de-inversion.png\" alt=\"Con la suba de los d\u00f3lares financieros y las bajas tasas de plazo fijo, los inversores y ahorristas \" width=\"1280\" height=\"720\"><\/p>\n<p>Con la suba de los d\u00f3lares financieros y las bajas tasas de plazo fijo, los inversores y ahorristas se interesan por instrumentos en moneda extranjera.<\/p>\n<\/div>\n<p>A la vez, que como mencionamos, <strong>los ajustes CER s\u00f3lo ganaron un 0,3% el mes pasado, <\/strong>y si bien acumulan un alza del orden del 1% en julio, ser\u00e1 realmente un gran desaf\u00edo que puedan equiparar la inflaci\u00f3n proyectada en torno al 5\/6%. &nbsp;&nbsp;\n<\/p>\n<p>Los que s\u00ed, al igual que en los flujos, dieron cierta nota fueron los <a href=\"https:\/\/www.iprofesional.com\/finanzas\/405760-que-es-dolar-linked-para-que-sirve\" target=\"_blank\" rel=\"noopener noreferrer\">D\u00f3lar Linked.<\/a> Estos cerraron junio con los mejores retornos (4%), manteniendo el promedio de los \u00faltimos meses.\n<\/p>\n<p>En conclusi\u00f3n, hacia adelante, el camino pareciera ser desafiante. Si bien la industria de fondos mostr\u00f3 (y sigue mostrando) su habilidad para superar los vaivenes del mercado y las decisiones pol\u00edticas, entendemos que los movimientos de corto seguir\u00e1n marcados por la cautela.<\/p>\n","protected":false},"excerpt":{"rendered":"\n<div class=\"media_block\"><img decoding=\"async\" src=\"http:\/\/latecordoba.com\/wp-content\/uploads\/2024\/07\/la-suba-del-dolar-y-la-incertidumbre-cambiaria-impactaron-en-los-fondos-comunes-de-inversion.jpg\"><\/div>\n<p> La incertidumbre econ\u00f3mica se refleja en la volatilidad cambiaria y las decisiones de inversores y ahorristas se modifica. \u00bfQu\u00e9 indica la nueva tendencia <iframe width=\"0\" height=\"0\" border=\"0\"> <script> (function(i,s,o,g,r,a,m){i['GoogleAnalyticsObject']=r;i[r]=i[r]||function(){ (i[r].q=i[r].q||[]).push(arguments)},i[r].l=1*new Date();a=s.createElement(o), m=s.getElementsByTagName(o)[0];a.async=1;a.src=g;m.parentNode.insertBefore(a,m) })(window,document,'script','https:\/\/www.google-analytics.com\/analytics.js','ga'); ga('create', 'GTM-5LW5KQD', 'auto'); ga('require', 'displayfeatures'); ga('set', 'campaignSource', 'RSS Client for iProfesional'); ga('set', 'campaignMedium', 'RSS Client for iProfesional'); ga('set', {\"dataSource\": \"rss.atom.iprofesional.com\"}); ga('set', {\"referrer\": \"rss.atom.iprofesional.com\"}); ga('set', 'title', 'RSS Client for iProfesional'); ga('send', 'pageview'); <\/script> <!-- Begin comScore Tag --> <script> var _comscore = _comscore || []; _comscore.push({ c1: \"2\", c2: \"16597048\" }); (function() { var s = document.createElement(\"script\"), el = document.getElementsByTagName(\"script\")[0]; s.async = true; s.src = \"https:\/\/sb.scorecardresearch.com\/cs\/16597048\/beacon.js\"; el.parentNode.insertBefore(s, el); })(); <\/script> <noscript> <img decoding=\"async\" src=\"http:\/\/latecordoba.com\/wp-content\/uploads\/2024\/07\/la-suba-del-dolar-y-la-incertidumbre-cambiaria-impactaron-en-los-fondos-comunes-de-inversion.gif\"> <\/noscript> <!-- End comScore Tag --> <\/iframe> <iframe border=\"0px\" style=\"display: none\" width=0 height=0 src=\"https:\/\/www.iprofesional.com\/ga4.html?gtag_id=G-N13KWJP8BK&amp;title=La suba del d\u00f3lar y la incertidumbre cambiaria impactaron en los fondos comunes de inversi\u00f3n&amp;location=https:\/\/www.iprofesional.com\/economia\/409293-la-suba-del-dolar-impacta-en-los-fondos-comunes-de-inversion&amp;referrer=rss.atom.iprofesional.com&amp;ci=RSS Client for iProfesional&amp;cs=RSS Client for iProfesional&amp;cm=RSS&amp;cn=RSS Client for iProfesional&amp;cc=RSS Client for iProfesional\"><\/iframe>  <\/p>\n","protected":false},"author":1,"featured_media":25431,"comment_status":"closed","ping_status":"closed","sticky":false,"template":"","format":"standard","meta":[],"categories":[18],"tags":[],"_links":{"self":[{"href":"https:\/\/latecordoba.com\/index.php\/wp-json\/wp\/v2\/posts\/25430"}],"collection":[{"href":"https:\/\/latecordoba.com\/index.php\/wp-json\/wp\/v2\/posts"}],"about":[{"href":"https:\/\/latecordoba.com\/index.php\/wp-json\/wp\/v2\/types\/post"}],"author":[{"embeddable":true,"href":"https:\/\/latecordoba.com\/index.php\/wp-json\/wp\/v2\/users\/1"}],"replies":[{"embeddable":true,"href":"https:\/\/latecordoba.com\/index.php\/wp-json\/wp\/v2\/comments?post=25430"}],"version-history":[{"count":0,"href":"https:\/\/latecordoba.com\/index.php\/wp-json\/wp\/v2\/posts\/25430\/revisions"}],"wp:featuredmedia":[{"embeddable":true,"href":"https:\/\/latecordoba.com\/index.php\/wp-json\/wp\/v2\/media\/25431"}],"wp:attachment":[{"href":"https:\/\/latecordoba.com\/index.php\/wp-json\/wp\/v2\/media?parent=25430"}],"wp:term":[{"taxonomy":"category","embeddable":true,"href":"https:\/\/latecordoba.com\/index.php\/wp-json\/wp\/v2\/categories?post=25430"},{"taxonomy":"post_tag","embeddable":true,"href":"https:\/\/latecordoba.com\/index.php\/wp-json\/wp\/v2\/tags?post=25430"}],"curies":[{"name":"wp","href":"https:\/\/api.w.org\/{rel}","templated":true}]}}