{"id":25428,"date":"2024-07-08T21:16:42","date_gmt":"2024-07-08T21:16:42","guid":{"rendered":"https:\/\/elnoticierodigital.com.ar\/?p=2087345"},"modified":"2024-07-08T21:16:42","modified_gmt":"2024-07-08T21:16:42","slug":"jugado-leandro-paredes-estreno-nuevo-look-extremopara-la-semifinal-de-argentina-contra-canada","status":"publish","type":"post","link":"https:\/\/latecordoba.com\/index.php\/2024\/07\/08\/jugado-leandro-paredes-estreno-nuevo-look-extremopara-la-semifinal-de-argentina-contra-canada\/","title":{"rendered":"\u00a1Jugado! Leandro Paredes estren\u00f3 nuevo look \u201cextremo\u201dpara la semifinal de Argentina contra Canad\u00e1"},"content":{"rendered":"<p> <!-- image --><\/p>\n<div class=\"td-post-featured-image\"><a href=\"https:\/\/i0.wp.com\/elnoticierodigital.com.ar\/wp-content\/uploads\/2024\/07\/2087345.jpg?fit=752%2C475&amp;ssl=1\" data-caption><img decoding=\"async\" loading=\"lazy\" width=\"696\" height=\"440\" class=\"entry-thumb td-modal-image\" src=\"http:\/\/latecordoba.com\/wp-content\/uploads\/2024\/07\/jugado-leandro-paredes-estreno-nuevo-look-extremopara-la-semifinal-de-argentina-contra-canada.jpg\" srcset=\"http:\/\/latecordoba.com\/wp-content\/uploads\/2024\/07\/jugado-leandro-paredes-estreno-nuevo-look-extremopara-la-semifinal-de-argentina-contra-canada-1.jpg 752w, http:\/\/latecordoba.com\/wp-content\/uploads\/2024\/07\/jugado-leandro-paredes-estreno-nuevo-look-extremopara-la-semifinal-de-argentina-contra-canada-2.jpg 300w, http:\/\/latecordoba.com\/wp-content\/uploads\/2024\/07\/jugado-leandro-paredes-estreno-nuevo-look-extremopara-la-semifinal-de-argentina-contra-canada-3.jpg 150w, http:\/\/latecordoba.com\/wp-content\/uploads\/2024\/07\/jugado-leandro-paredes-estreno-nuevo-look-extremopara-la-semifinal-de-argentina-contra-canada.jpg 696w\" sizes=\"(max-width: 696px) 100vw, 696px\" alt title=\"2087345\"><\/a><\/div>\n<p> <!-- content --><\/p>\n<article readability=\"42\">El martes 9 de julio, D\u00eda de la Independencia, la Selecci\u00f3n argentina jugar\u00e1 a todo o nada contra Canad\u00e1 para las semifinales de la Copa Am\u00e9rica. Y Leandro Paredes est\u00e1 listo con nuevo look para enfrentar al equipo canandiense en el MetLife Stadium de Nueva Jersey.<\/p>\n<p>Si bien todav\u00eda Lionel Scaloni no defini\u00f3 si jugar\u00e1n Paredes o Giovani Lo Celso en la semi, el mediocampista est\u00e1 preparado para lo que decida el DT, f\u00edsicamente y mucho m\u00e1s. As\u00ed se pudo ver al viralizarse un video donde aparece Leandro con un cambio rotundo.<\/p>\n<p>\u00bfQu\u00e9 se hizo el futbolista para romper con la monoton\u00eda durante la concentraci\u00f3n mientras otros juegan al chinch\u00f3n o al truco? Decidi\u00f3 dejar atr\u00e1s su color natural y se decolor\u00f3 el pelo, llev\u00e1ndolo a un platinado, un estilo que le qued\u00f3 espectacular y con mucha onda, como se puede apreciar en las fotos y clips del volante de la A.S. Roma.<\/p>\n<p>\u201cNunca me gustaron los rubios platinados, hasta hoy\u201d; \u201cYa ni la elegancia es de Francia\u201d; \u201cDesmayada\u201d; \u201cPero qu\u00e9 hombre\u201d; \u201cMi amor, qu\u00e9 te hiciste\u201d, fueron algunos de los comentarios que le dejaron a Leandro Paredes en sus feed de Instagram al mostrar su nuevo look.<\/p>\n<p>LEANDRO PAREDES, EL ADMINISTRADOR DEL GRUPO DE CHAT DE LOS \u201cCAMPEONES DEL MUNDO\u201d<\/p>\n<p>Apenas arranc\u00f3 la concentraci\u00f3n de la Selecci\u00f3n argentina en Miami, Lionel Messi brind\u00f3 una entrevista al Pollo \u00c1lvarez en el que, entre otras cosas, revel\u00f3 que Leandro Paredes era el administrador del grupo de WhatsApp que ten\u00edan con sus compa\u00f1eros de la Scaloneta.<\/p>\n<p>\u00bfC\u00f3mo se llama el chat de los jugadores que llevaron a la Argentina a lo m\u00e1s alto aquel 18 de diciembre de 2022? \u201cCampeones del mundo\u201d, cont\u00f3 Leo, sonriente, t\u00edmido, sabiendo que estaba revelando informaci\u00f3n \u201cclasificada\u201d. \u201c\u00a1Me van a matar!\u2026\u201d, expres\u00f3 el rosarino, entre risas y avergonzado.<\/p>\n<\/article>\n<p>Fuente: <a href=\"https:\/\/www.paparazzi.com.ar\/deportes\/jugado-leandro-paredes-estreno-nuevo-look-extremopara-la-semifinal-de-argentina-contra-canada\/\">https:\/\/www.paparazzi.com.ar\/<\/a><\/p>\n","protected":false},"excerpt":{"rendered":"<p> El martes 9 de julio, D\u00eda de la Independencia, la Selecci\u00f3n argentina jugar\u00e1 a todo o nada contra Canad\u00e1 para las semifinales de la Copa Am\u00e9rica. Y Leandro Paredes est\u00e1 listo con nuevo look para enfrentar al equipo canandiense en el MetLife Stadium de Nueva Jersey. Si bien todav\u00eda Lionel Scaloni no defini\u00f3 si jugar\u00e1n [&#8230;]  <\/p>\n","protected":false},"author":1,"featured_media":25429,"comment_status":"closed","ping_status":"closed","sticky":false,"template":"","format":"standard","meta":[],"categories":[14],"tags":[],"_links":{"self":[{"href":"https:\/\/latecordoba.com\/index.php\/wp-json\/wp\/v2\/posts\/25428"}],"collection":[{"href":"https:\/\/latecordoba.com\/index.php\/wp-json\/wp\/v2\/posts"}],"about":[{"href":"https:\/\/latecordoba.com\/index.php\/wp-json\/wp\/v2\/types\/post"}],"author":[{"embeddable":true,"href":"https:\/\/latecordoba.com\/index.php\/wp-json\/wp\/v2\/users\/1"}],"replies":[{"embeddable":true,"href":"https:\/\/latecordoba.com\/index.php\/wp-json\/wp\/v2\/comments?post=25428"}],"version-history":[{"count":0,"href":"https:\/\/latecordoba.com\/index.php\/wp-json\/wp\/v2\/posts\/25428\/revisions"}],"wp:featuredmedia":[{"embeddable":true,"href":"https:\/\/latecordoba.com\/index.php\/wp-json\/wp\/v2\/media\/25429"}],"wp:attachment":[{"href":"https:\/\/latecordoba.com\/index.php\/wp-json\/wp\/v2\/media?parent=25428"}],"wp:term":[{"taxonomy":"category","embeddable":true,"href":"https:\/\/latecordoba.com\/index.php\/wp-json\/wp\/v2\/categories?post=25428"},{"taxonomy":"post_tag","embeddable":true,"href":"https:\/\/latecordoba.com\/index.php\/wp-json\/wp\/v2\/tags?post=25428"}],"curies":[{"name":"wp","href":"https:\/\/api.w.org\/{rel}","templated":true}]}}