{"id":25426,"date":"2024-07-08T15:10:55","date_gmt":"2024-07-08T15:10:55","guid":{"rendered":"https:\/\/radioritmo.com.ar\/?p=17845"},"modified":"2024-07-08T15:10:55","modified_gmt":"2024-07-08T15:10:55","slug":"simon-aguirre-sorprendio-con-el-anuncio-de-su-gira-por-un-pais-del-caribe","status":"publish","type":"post","link":"https:\/\/latecordoba.com\/index.php\/2024\/07\/08\/simon-aguirre-sorprendio-con-el-anuncio-de-su-gira-por-un-pais-del-caribe\/","title":{"rendered":"Sim\u00f3n Aguirre sorprendi\u00f3 con el anuncio de su gira por un pa\u00eds del Caribe"},"content":{"rendered":"\n<div class=\"single-post-thumb\"> <img loading=\"lazy\" width=\"500\" height=\"282\" src=\"http:\/\/latecordoba.com\/wp-content\/uploads\/2024\/07\/simon-aguirre-sorprendio-con-el-anuncio-de-su-gira-por-un-pais-del-caribe.jpg\" class=\"attachment-slider size-slider wp-post-image\" alt decoding=\"async\" fetchpriority=\"high\" srcset=\"http:\/\/latecordoba.com\/wp-content\/uploads\/2024\/07\/simon-aguirre-sorprendio-con-el-anuncio-de-su-gira-por-un-pais-del-caribe.jpg 500w, https:\/\/radioritmo.com.ar\/wp-content\/uploads\/2024\/07\/Simon-Aguirre-300x169.jpg 300w\" sizes=\"(max-width: 500px) 100vw, 500px\"> <\/div>\n<p>Foto: Instagram Oficial de Sim\u00f3n Aguirre<\/p>\n<div class=\"post-inner\">\n<p class=\"post-meta\"> <span class=\"tie-date\"><i class=\"fa fa-clock-o\"><\/i>2 horas ago<\/span> <span class=\"post-cats\"><i class=\"fa fa-folder\"><\/i><a href=\"https:\/\/radioritmo.com.ar\/category\/noticias\/\" rel=\"category tag\">noticias<\/a><\/span> <\/p>\n<div class=\"entry\">\n<h2 class=\"article__dropline\">El cantante de R\u00edo Cuarto dio un inesperado anuncio. El destino donde cantar\u00e1 y el apoyo de sus colegas.<\/h2>\n<h3><b>Sim\u00f3n Aguirre<\/b>&nbsp;no para de sorprender a sus fan\u00e1ticos con cada paso que da en su carrera. El cuartetero cerr\u00f3 el fin de semana anunciando&nbsp;<b>su gira por M\u00e9xico<\/b>&nbsp;y lo hizo con un emotivo posteo.<\/h3>\n<h3>\u201cDesde chiquito siempre supe que quer\u00eda ser un artista. Lo que nunca me imagin\u00e9 fue poder llevar mi voz y mis canciones a otro pa\u00eds.&nbsp;<b>\u00a1Nos vamos a M\u00e9xico!&nbsp;<\/b>Sin la gente que me hace el aguante nada ser\u00eda posible\u201d, escribi\u00f3 en su cuenta de Instagram.<\/h3>\n<p><img loading=\"lazy\" decoding=\"async\" class=\"alignnone size-medium wp-image-17846\" src=\"http:\/\/latecordoba.com\/wp-content\/uploads\/2024\/07\/simon-aguirre-sorprendio-con-el-anuncio-de-su-gira-por-un-pais-del-caribe-1.jpg\" alt width=\"296\" height=\"300\" srcset=\"http:\/\/latecordoba.com\/wp-content\/uploads\/2024\/07\/simon-aguirre-sorprendio-con-el-anuncio-de-su-gira-por-un-pais-del-caribe-1.jpg 296w, https:\/\/radioritmo.com.ar\/wp-content\/uploads\/2024\/07\/Instagram.jpg 372w\" sizes=\"(max-width: 296px) 100vw, 296px\"><\/p>\n<h3><b>La gira tendr\u00e1 lugar en agosto<\/b>. Tras el anuncio no esquiv\u00f3 a la emoci\u00f3n y agradeci\u00f3 a sus seguidores, tanto a los nuevos como a los viejos. Adem\u00e1s, hizo menci\u00f3n especial a su familia: \u201c<b>A mi t\u00edo Walter, a mi familia, a mi novia, a mis amigos, y a todo el que me conoce<\/b>. Que Dios les multiplique lo que me desean. Vos tambi\u00e9n pod\u00e9s, nada es imposible\u201d.<\/h3>\n<h3 class=\"paragraph\">El cantante acompa\u00f1\u00f3 sus palabras con un video que grab\u00f3 en abril mientras se encontraba en dicho pa\u00eds. Cabe recordar que aquel viaje lo hizo junto a Valentina M\u00e1rquez y fue uno de los primeros pasos de su relaci\u00f3n.<\/h3>\n<h3 class=\"paragraph\"><b>El apoyo de sus colegas<\/b><\/h3>\n<h3 class=\"paragraph\">Los comentarios se hicieron sentir tras el anuncio. Sus seguidores le desearon la mejor de las suertes y sus colegas no se quedaron atr\u00e1s.&nbsp;<b>\u201cLa frecuencia y convicci\u00f3n Sim\u00f3n. Lleg\u00f3 tu momento. Te quiero y amo con el alma\u201d<\/b>, escribi\u00f3 Lisandro M\u00e1rquez. \u201cMerecido lo tiene mi rey\u201d y \u201cDale, a romperla\u201d, comentaron Gino Rodr\u00edguez y Fede Herrera.<br \/><img decoding=\"async\" src=\"https:\/\/eldoce.tv\/resizer\/v2\/simon-aguirre-sorprendio-con-el-anuncio-de-su-gira-por-un-pais-del-caribe-6HV7G7ASA5DT7M4GFZ7KWUUIKU.png?auth=e5ea1dcd540f0575d9f694ec2ab43a3449509cd63ae9cf8f81bdb35f4c10d52d&amp;width=767\" alt=\"Sim\u00f3n Aguirre sorprendi\u00f3 con el anuncio de su gira por un pa\u00eds del Caribe\"><\/h3>\n<\/p><\/div>\n<p><!-- .entry \/--> <!-- .share-post --> <\/div>\n<p><!-- .post-inner -->  <\/p>\n","protected":false},"excerpt":{"rendered":"<p> El cantante de R\u00edo Cuarto dio un inesperado anuncio. El destino donde cantar\u00e1 y el apoyo de sus colegas. Sim\u00f3n Aguirre\u00a0no para de sorprender a sus fan\u00e1ticos con cada paso que da en su carrera. El cuartetero cerr\u00f3 el fin de semana anunciando\u00a0su gira por M\u00e9xico\u00a0y lo hizo con un emotivo posteo. \u201cDesde chiquito siempre &#8230;  <\/p>\n","protected":false},"author":1,"featured_media":25427,"comment_status":"closed","ping_status":"closed","sticky":false,"template":"","format":"standard","meta":[],"categories":[20],"tags":[],"_links":{"self":[{"href":"https:\/\/latecordoba.com\/index.php\/wp-json\/wp\/v2\/posts\/25426"}],"collection":[{"href":"https:\/\/latecordoba.com\/index.php\/wp-json\/wp\/v2\/posts"}],"about":[{"href":"https:\/\/latecordoba.com\/index.php\/wp-json\/wp\/v2\/types\/post"}],"author":[{"embeddable":true,"href":"https:\/\/latecordoba.com\/index.php\/wp-json\/wp\/v2\/users\/1"}],"replies":[{"embeddable":true,"href":"https:\/\/latecordoba.com\/index.php\/wp-json\/wp\/v2\/comments?post=25426"}],"version-history":[{"count":0,"href":"https:\/\/latecordoba.com\/index.php\/wp-json\/wp\/v2\/posts\/25426\/revisions"}],"wp:featuredmedia":[{"embeddable":true,"href":"https:\/\/latecordoba.com\/index.php\/wp-json\/wp\/v2\/media\/25427"}],"wp:attachment":[{"href":"https:\/\/latecordoba.com\/index.php\/wp-json\/wp\/v2\/media?parent=25426"}],"wp:term":[{"taxonomy":"category","embeddable":true,"href":"https:\/\/latecordoba.com\/index.php\/wp-json\/wp\/v2\/categories?post=25426"},{"taxonomy":"post_tag","embeddable":true,"href":"https:\/\/latecordoba.com\/index.php\/wp-json\/wp\/v2\/tags?post=25426"}],"curies":[{"name":"wp","href":"https:\/\/api.w.org\/{rel}","templated":true}]}}