{"id":25368,"date":"2024-07-06T17:22:00","date_gmt":"2024-07-06T17:22:00","guid":{"rendered":"https:\/\/www.iprofesional.com\/economia\/409199-que-es-la-ley-hojarasca-el-primer-proyecto-de-federico-sturzenegger"},"modified":"2024-07-06T17:22:00","modified_gmt":"2024-07-06T17:22:00","slug":"federico-sturzenegger-ya-tiene-lista-la-ley-hojarasca-para-enviar-al-congreso","status":"publish","type":"post","link":"https:\/\/latecordoba.com\/index.php\/2024\/07\/06\/federico-sturzenegger-ya-tiene-lista-la-ley-hojarasca-para-enviar-al-congreso\/","title":{"rendered":"Federico Sturzenegger ya tiene lista la Ley Hojarasca para enviar al Congreso"},"content":{"rendered":"\n<div class=\"media_block\"><img decoding=\"async\" src=\"http:\/\/latecordoba.com\/wp-content\/uploads\/2024\/07\/federico-sturzenegger-ya-tiene-lista-la-ley-hojarasca-para-enviar-al-congreso.jpg\"><\/div>\n<p>El expresidente del Banco Central, <a href=\"https:\/\/www.iprofesional.com\/economia\/409194-federico-sturzenegger-confirma-sus-funciones-y-quienes-integran-su-equipo\" target=\"_blank\" rel=\"noopener noreferrer\">Federico Sturzenegger, jur\u00f3 este viernes como nuevo ministro de Desregulaci\u00f3n y Transformaci\u00f3n del Estado<\/a> y se est\u00e1 preparando para impulsar su primer proyecto legislativo. Se trata de la Lley Hojarasca.\n<\/p>\n<p>Tras la jura, el flamante ministro dio detalles de <strong>cu\u00e1les ser\u00e1n sus primeros pasos <\/strong>en el cargo: &#8220;<strong>Vamos a trabajar en la agenda de la libertad econ\u00f3mica<\/strong>. Est\u00e1 la famosa frase que dice: &#8216;Cu\u00e1ntas m\u00e1s leyes, menos justicia&#8217;. Entonces creo que <span>Argentina est\u00e1 un poco sobrecargada de normas y regulaciones<\/span>, y el Presidente me pidi\u00f3 que avancemos en sacarle ese pie encima a la actividad productiva. Creo que es una de las maneras m\u00e1s eficaces que tenemos de promover la actividad econ\u00f3mica, el empleo y el crecimiento&#8221;.\n<\/p>\n<p>&#8220;Despu\u00e9s, hay una segunda agenda, que tiene que ver con la <strong>transformaci\u00f3n del Estado<\/strong>. Se ha aprobado la <a href=\"https:\/\/www.iprofesional.com\/politica\/408713-que-cambia-con-la-ley-bases-y-el-primer-triunfo-de-javier-milei\" target=\"_blank\" rel=\"noopener noreferrer\">Ley Bases,<\/a> que le da al Gobierno un a\u00f1o para encarar el proceso de reforma del Estado. Tenemos que entender que cada peso que gasta el sector p\u00fablico, es un peso que alguien paga. Y lo paga con impuestos o con el impuesto inflacionario. Esas son las dos agendas que vamos a estar trabajando&#8221;, agreg\u00f3 el flamante ministro.\n<\/p>\n<p>Y apunto a la <strong>Ley hojarasca<\/strong>: &#8220;Vamos a arrancar con una ley, que le damos el nombre de &#8216;<strong>hojarasca<\/strong>&#8216;, que <strong>se refiere a un compendio de leyes que encontramos, que quedaron obsoletas,<\/strong> afectan los derechos de propiedad. Son varias decenas de leyes. Esperamos un muy lindo debate en el Congreso y es el primer paso para retomar la agenda legislativa&#8221;.\n<\/p>\n<div class=\"video\">\n<div class=\"lazy-video video-409199202407060228372002994011\" data-src=\"<iframe class='video-loaded video-409199202407060228372002994011' src='https:\/\/www.iprofesional.com\/video?source=https:\/\/assets.iprofesional.com\/assets\/mp4\/2024\/07\/579160.mp4&amp;type=video&amp;id=409199' style='border:none;overflow:hidden;left:0;top:0;margin-top:0px;position:relative;'><\/iframe>&#8220;> <\/p>\n<div class=\"image-container img-wide\"> <picture><source media=\"(min-width:465px)\" srcset=\"http:\/\/latecordoba.com\/wp-content\/uploads\/2024\/07\/federico-sturzenegger-ya-tiene-lista-la-ley-hojarasca-para-enviar-al-congreso-1.jpg\" data-backup=\"https:\/\/resizer.iproimg.com\/unsafe\/640x\/filters:format(webp)\/https:\/\/assets.iprofesional.com\/assets\/jpg\/2024\/05\/575566.jpg\" class=\"lazyload\"><source media=\"(min-width:650px)\" srcset=\"http:\/\/latecordoba.com\/wp-content\/uploads\/2024\/07\/federico-sturzenegger-ya-tiene-lista-la-ley-hojarasca-para-enviar-al-congreso-1.jpg\" data-backup=\"https:\/\/resizer.iproimg.com\/unsafe\/640x\/filters:format(webp)\/https:\/\/assets.iprofesional.com\/assets\/jpg\/2024\/05\/575566.jpg\" class=\"lazyload\"><img decoding=\"async\" loading=\"lazy\" class=\"lazyload\" src=\"http:\/\/latecordoba.com\/wp-content\/uploads\/2024\/07\/federico-sturzenegger-ya-tiene-lista-la-ley-hojarasca-para-enviar-al-congreso-1.jpg\" data-backup=\"https:\/\/resizer.iproimg.com\/unsafe\/640x\/filters:format(webp)\/https:\/\/assets.iprofesional.com\/assets\/jpg\/2024\/05\/575566.jpg\" alt=\"Qu\u00e9 es la Ley Hojarasca, el proyecto que Sturzenegger tiene listo para enviar al Congreso\" width=\"100%\" height=\"auto\"> <\/picture> <\/div>\n<\/div>\n<\/div>\n<h2>Qu\u00e9 es la Ley Hojarasca que plantea Federico Sturzenegger<\/h2>\n<p>A trav\u00e9s de la Ley Hojarasca, el nuevo ministro de Desregulaci\u00f3n y Transformaci\u00f3n del Estado <strong>lanzar\u00e1 un paquete de normas que tienen como principal objetivo barrer&nbsp; normas<\/strong> burocr\u00e1ticas.\n<\/p>\n<p>En estos d\u00edas la estar\u00e1 enviando al Congreso, mientras algunos <strong>diputados empiezan a analizar<\/strong> en reserva el trazo grueso y otros esperan a ver el proyecto para definir su postura, mientras se perfilan debates muy dif\u00edciles para la segunda mitad del a\u00f1o.\n<\/p>\n<p>A trav\u00e9s de la ley Hojarasca, el nuevo ministro de Desregulaci\u00f3n y Transformaci\u00f3n del Estado lanzar\u00e1 un paquete de normas que tienen como principal objetivo barrer con &#8220;m\u00e1s de 100 normas burocr\u00e1ticas&#8221;.\n<\/p>\n<p>Los diputados de la oposici\u00f3n, sin embargo, ya anticiparon la negativa a votar un nuevo conjunto de reformas tan extenso, en medio del debate por el Decreto de Necesidad y Urgencia 70\/2024 y la ley bases aprobada definitivamente en la C\u00e1mara de Diputados.\n<\/p>\n<h2>\u00bfQu\u00e9 cambios llegar\u00e1n con la Ley de Hojarasca?<\/h2>\n<p>Hay<strong> provincias que a\u00fan hoy cobran impuestos a la tecnolog\u00eda, <\/strong>por ejemplo, un inversor que dise\u00f1\u00f3 una app para agro y que invierte y genera empleo, debi\u00f3 desembolsar unos $20 millones, porque el estado provincial no lo considera tecnol\u00f3gico, porque no entrega un CD a sus clientes.\n<\/p>\n<p>Lo explic\u00f3 en X Gustavo L\u00e1zzari. &#8220;Ese tipo de normas est\u00e1n en todos lados, lo empezaron a hacer algunos intendentes como Diego Valenzuela y Javier Iguacel, eliminar tasas absurdas para atar el caballo o poner una mesa en la vereda, situaciones rid\u00edculas que joden al que invierte, de todo eso nos vamos a encargar&#8221;, dicen en Casa Rosada.\n<\/p>\n<p>Guillermo Francos empez\u00f3 junto con Lisandro Catal\u00e1n un peque\u00f1o sondeo de<strong> c\u00f3mo viene el humor en gobernadores<\/strong>, porque despu\u00e9s de la ley de bases, habr\u00e1 una nueva integraci\u00f3n del bloque oficial para hacer que la bautizada Ley de Hojarasca deje cesante un paquete de 100 normas distintas para que se puedan dinamizar procesos a la hora de comprar, vender, sacar un cr\u00e9dito, exportar e importar. Todo el proceso productivo de distintos componentes de la econom\u00eda quedar\u00e1 bajo la lupa del nuevo ministerio que entrar\u00e1 en vigencia la semana que viene, seg\u00fan supo este medio.\n<\/p>\n<div class=\"imagen\" readability=\"9\"><img decoding=\"async\" loading=\"lazy\" class=\"lazyload\" src=\"http:\/\/latecordoba.com\/wp-content\/uploads\/2024\/07\/federico-sturzenegger-ya-tiene-lista-la-ley-hojarasca-para-enviar-al-congreso-2.jpg\" alt width=\"1280\" height=\"720\"><\/p>\n<p>A trav\u00e9s de la ley Hojarasca, Sturzenegger<strong> <\/strong>lanzar\u00e1 un paquete de normas que tienen como principal objetivo barrer normas burocr\u00e1ticas<\/p>\n<\/div>\n<h2>Examen para ingresar al trabajo en el Estado, un impulso de Sturzenegger<\/h2>\n<p>La ley Hojarasca es solo una parte de los cambios. Entre uno de <a href=\"https:\/\/www.iprofesional.com\/economia\/409194-federico-sturzenegger-confirma-sus-funciones-y-quienes-integran-su-equipo\" target=\"_blank\" rel=\"noopener noreferrer\">los primeros impulsos de la agenda de Sturzenegger<\/a> se encuentra que quienes est\u00e9n interesados en &#8220;desarrollar una carrera administrativa&#8221;, deber\u00e1n dar &#8220;un <strong>examen de ingreso a la funci\u00f3n p\u00fablica <\/strong>como la que se usa en los pa\u00edses con servicio civil profesional&#8221;, destac\u00f3 Sturzenegger en su cuenta de X (ex Twitter).\n<\/p>\n<p>Respecto a los detalles, se\u00f1al\u00f3 que &#8220;<span>el examen de ingreso an\u00f3nimo permitir\u00e1 dejar atr\u00e1s la pesadilla de un Estado plagado de \u00f1oquis o acomodados pol\u00edticos que los argentinos de bien no merecen y que violan el esp\u00edritu de nuestra Constituci\u00f3n de separar la pol\u00edtica del empleo p\u00fablico<\/span>&#8220;.\n<\/p>\n<p>Asimismo, asegur\u00f3 que &#8220;la <strong>estabilidad del empleado p\u00fablico <\/strong>se entiende para evitar que un gobierno cambie a los funcionarios para reemplazarlos por adictos&#8221;. Y en este sentido, se refiri\u00f3 al gobierno anterior, en donde remarc\u00f3 que &#8220;el Kirchnerismo us\u00f3 este loable objetivo para lo contrario: llenando al Estado de militantes cada vez que termina un mandato&#8221;.\n<\/p>\n<div class=\"imagen\" readability=\"8\"><img decoding=\"async\" loading=\"lazy\" class=\"lazyload\" src=\"http:\/\/latecordoba.com\/wp-content\/uploads\/2024\/07\/federico-sturzenegger-ya-tiene-lista-la-ley-hojarasca-para-enviar-al-congreso-3.jpg\" alt width=\"533\" height=\"370\"><\/p>\n<p>Federico Sturzenegger dio pautas para quienes est\u00e9n interesados en &#8220;desarrollar una carrera administrativa&#8221;<\/p>\n<\/div>\n<h2>Desregulaci\u00f3n del mercado aerocomercial, tema clave para Sturzenegger<\/h2>\n<p>En cuanto al tema de la desregulaci\u00f3n, dio detalles espec\u00edficos de la <strong>agenda<\/strong>, que tiene dos ejes: &#8220;Por un lado, retomar la agenda legislativa. El presidente ha dicho reiteradamente que las iniciativas del DNU 70\/23 y la Ley Bases son solo una peque\u00f1a parte de la agenda de liberalizaci\u00f3n que el gobierno tiene preparado&#8221;, indic\u00f3.\n<\/p>\n<p>&#8220;Hay una segunda agenda, la reglamentaria: decretos, reglamentos y resoluciones que solo le ponen el pie encima a la producci\u00f3n. Vamos a necesitar de mucha ayuda del sector privado para identificar estos costos ocultos y poder ayudar a eliminarlos&#8221;, agreg\u00f3.\n<\/p>\n<p>Y se refiri\u00f3 espec\u00edficamente al tema aerocomercial. El ministro asegur\u00f3 que &#8220;una agenda de desregulaci\u00f3n no son cr\u00e9ditos subsidiados o reducciones impositivas. Es <strong>eliminar burocracia innecesaria&#8221;<\/strong>.\n<\/p>\n<p>&#8220;La <a href=\"https:\/\/www.iprofesional.com\/politica\/409106-que-medidas-prepara-el-gobierno-para-desregular-el-sector-aerocomercial\" target=\"_blank\" rel=\"noopener noreferrer\"><strong>desregulaci\u00f3n del mercado aerocomercial<\/strong><\/a> que se conocer\u00e1 en estos d\u00edas, es un ejemplo de cambios simples que permitir\u00e1n conectar m\u00e1s ciudades&#8221;, cerr\u00f3.<\/p>\n","protected":false},"excerpt":{"rendered":"\n<div class=\"media_block\"><img decoding=\"async\" src=\"http:\/\/latecordoba.com\/wp-content\/uploads\/2024\/07\/federico-sturzenegger-ya-tiene-lista-la-ley-hojarasca-para-enviar-al-congreso.jpg\"><\/div>\n<p> A trav\u00e9s de esta propuesta, el nuevo ministro lanzar\u00e1 un paquete de normas que tienen como principal objetivo barrer\u00a0normas burocr\u00e1ticas <iframe width=\"0\" height=\"0\" border=\"0\"> <script> (function(i,s,o,g,r,a,m){i['GoogleAnalyticsObject']=r;i[r]=i[r]||function(){ (i[r].q=i[r].q||[]).push(arguments)},i[r].l=1*new Date();a=s.createElement(o), m=s.getElementsByTagName(o)[0];a.async=1;a.src=g;m.parentNode.insertBefore(a,m) })(window,document,'script','https:\/\/www.google-analytics.com\/analytics.js','ga'); ga('create', 'GTM-5LW5KQD', 'auto'); ga('require', 'displayfeatures'); ga('set', 'campaignSource', 'RSS Client for iProfesional'); ga('set', 'campaignMedium', 'RSS Client for iProfesional'); ga('set', {\"dataSource\": \"rss.atom.iprofesional.com\"}); ga('set', {\"referrer\": \"rss.atom.iprofesional.com\"}); ga('set', 'title', 'RSS Client for iProfesional'); ga('send', 'pageview'); <\/script> <!-- Begin comScore Tag --> <script> var _comscore = _comscore || []; _comscore.push({ c1: \"2\", c2: \"16597048\" }); (function() { var s = document.createElement(\"script\"), el = document.getElementsByTagName(\"script\")[0]; s.async = true; s.src = \"https:\/\/sb.scorecardresearch.com\/cs\/16597048\/beacon.js\"; el.parentNode.insertBefore(s, el); })(); <\/script> <noscript> <img decoding=\"async\" src=\"http:\/\/latecordoba.com\/wp-content\/uploads\/2024\/07\/federico-sturzenegger-ya-tiene-lista-la-ley-hojarasca-para-enviar-al-congreso.gif\"> <\/noscript> <!-- End comScore Tag --> <\/iframe> <iframe border=\"0px\" style=\"display: none\" width=0 height=0 src=\"https:\/\/www.iprofesional.com\/ga4.html?gtag_id=G-N13KWJP8BK&amp;title=Federico Sturzenegger ya tiene lista la Ley Hojarasca para enviar al Congreso&amp;location=https:\/\/www.iprofesional.com\/economia\/409199-que-es-la-ley-hojarasca-el-primer-proyecto-de-federico-sturzenegger&amp;referrer=rss.atom.iprofesional.com&amp;ci=RSS Client for iProfesional&amp;cs=RSS Client for iProfesional&amp;cm=RSS&amp;cn=RSS Client for iProfesional&amp;cc=RSS Client for iProfesional\"><\/iframe>  <\/p>\n","protected":false},"author":1,"featured_media":25369,"comment_status":"closed","ping_status":"closed","sticky":false,"template":"","format":"standard","meta":[],"categories":[18],"tags":[],"_links":{"self":[{"href":"https:\/\/latecordoba.com\/index.php\/wp-json\/wp\/v2\/posts\/25368"}],"collection":[{"href":"https:\/\/latecordoba.com\/index.php\/wp-json\/wp\/v2\/posts"}],"about":[{"href":"https:\/\/latecordoba.com\/index.php\/wp-json\/wp\/v2\/types\/post"}],"author":[{"embeddable":true,"href":"https:\/\/latecordoba.com\/index.php\/wp-json\/wp\/v2\/users\/1"}],"replies":[{"embeddable":true,"href":"https:\/\/latecordoba.com\/index.php\/wp-json\/wp\/v2\/comments?post=25368"}],"version-history":[{"count":0,"href":"https:\/\/latecordoba.com\/index.php\/wp-json\/wp\/v2\/posts\/25368\/revisions"}],"wp:featuredmedia":[{"embeddable":true,"href":"https:\/\/latecordoba.com\/index.php\/wp-json\/wp\/v2\/media\/25369"}],"wp:attachment":[{"href":"https:\/\/latecordoba.com\/index.php\/wp-json\/wp\/v2\/media?parent=25368"}],"wp:term":[{"taxonomy":"category","embeddable":true,"href":"https:\/\/latecordoba.com\/index.php\/wp-json\/wp\/v2\/categories?post=25368"},{"taxonomy":"post_tag","embeddable":true,"href":"https:\/\/latecordoba.com\/index.php\/wp-json\/wp\/v2\/tags?post=25368"}],"curies":[{"name":"wp","href":"https:\/\/api.w.org\/{rel}","templated":true}]}}