{"id":25355,"date":"2024-07-06T00:52:46","date_gmt":"2024-07-06T00:52:46","guid":{"rendered":"http:\/\/f757e4ee60bcf0f2d79a510ec0e9e87a"},"modified":"2024-07-06T00:52:46","modified_gmt":"2024-07-06T00:52:46","slug":"santiago-caputo-le-prohibio-a-bullrich-hablar-de-la-crisis-del-pro-no-nos-traigas-tus-quilombos-a-nosotros","status":"publish","type":"post","link":"https:\/\/latecordoba.com\/index.php\/2024\/07\/06\/santiago-caputo-le-prohibio-a-bullrich-hablar-de-la-crisis-del-pro-no-nos-traigas-tus-quilombos-a-nosotros\/","title":{"rendered":"Santiago Caputo le prohibi\u00f3 a Bullrich hablar de la crisis del PRO: &#8220;No nos traigas tus quilombos a nosotros&#8221;"},"content":{"rendered":"\n<div class=\"media_block\"><img decoding=\"async\" src=\"http:\/\/latecordoba.com\/wp-content\/uploads\/2024\/07\/santiago-caputo-le-prohibio-a-bullrich-hablar-de-la-crisis-del-pro-no-nos-traigas-tus-quilombos-a-nosotros.jpg\"><\/div>\n<div><img decoding=\"async\" src=\"http:\/\/latecordoba.com\/wp-content\/uploads\/2024\/07\/santiago-caputo-le-prohibio-a-bullrich-hablar-de-la-crisis-del-pro-no-nos-traigas-tus-quilombos-a-nosotros-1.jpg\" class=\"ff-og-image-inserted\"><\/div>\n<p>Santiago Caputo se enter\u00f3 de la conferencia de prensa que planeaba Patricia Bullrich en Pertutti para hablar de la interna del PRO y la llam\u00f3 para que se encuadrara.<\/p>\n<p>&#8220;No nos traigas tus quilombos a nosotros&#8221;, exclam\u00f3 el l\u00edder de los Peaky Blinders, que de ese modo logr\u00f3 que la ministra de Seguridad se disuadiera de pronunciarse sobre la pelea con Mauricio Macri.<\/p>\n<p>El asesor estrella del presidente calcul\u00f3 que iba a ser contraproducente que un ministro hablara de las peleas partidarias de un partido, que ni siquiera es el de Javier Milei, justo en medio del caso Loan, el nene correntino que lleva tres semanas desaparecido. Adem\u00e1s desde una posici\u00f3n derrotista: Patricia perdi\u00f3 por paliza en la asamblea del PRO nacional y ya ven\u00eda de fracasar en el reparto del PRO bonaerense.<\/p>\n<p>Bullrich hab\u00eda enviado una carta para echarle nafta a la disputa con Macri y, mientras lanzaba <a href=\"https:\/\/www.lapoliticaonline.com\/tools\/redirect.php?t=3&amp;i=293719&amp;s=7693af334c2b6fa7ae37b53ec199e108\" target=\"_blank\" rel=\"noopener\">la l\u00ednea Pertutti<\/a> del partido amarillo, lanz\u00f3 una explosiva frase contra el ex presidente. &#8220;Nos cagamos en que nos quieran venir a correr con el aparato&#8221;, dijo. Lo mismo dec\u00eda en la campa\u00f1a previa a las primarias contra Horacio Rodr\u00edguez Larreta. <\/p>\n<figure class=\"vsmwidget widget-wrapper iframehidden widget-type-youtube youtube \" vsmtype=\"youtube\" contenteditable=\"false\" hiturl=\"\/tools\/hit.php?d=39dad6c21a8dbd1e4ef08a22cce6a50b;;&amp;a=210\"><iframe loading=\"lazy\" width=\"200\" height=\"113\" src=\"https:\/\/www.youtube.com\/embed\/NmtpkjVfZqw?feature=oembed\" frameborder=\"0\" allow=\"accelerometer; autoplay; clipboard-write; encrypted-media; gyroscope; picture-in-picture; web-share\" referrerpolicy=\"strict-origin-when-cross-origin\" allowfullscreen title=\"Los vecinos del Abasto lanzaron ep\u00c3\u00adtetos contra la ministra de Seguridad\">[embedded content]<\/iframe><\/figure>\n<p>En medio de la euforia por la ruptura, Bullrich convoc\u00f3 a la prensa para salir a pegarle a Macri, pero finalmente se limit\u00f3 a hablar del caso Loan en la vereda de Pertutti, en donde&nbsp;debi\u00f3 hablar en medio del griter\u00edo de vecinos del Abasto que le lanzaron ep\u00edtetos hirientes.<\/p>\n","protected":false},"excerpt":{"rendered":"\n<div class=\"media_block\"><img decoding=\"async\" src=\"http:\/\/latecordoba.com\/wp-content\/uploads\/2024\/07\/santiago-caputo-le-prohibio-a-bullrich-hablar-de-la-crisis-del-pro-no-nos-traigas-tus-quilombos-a-nosotros.jpg\"><\/div>\n<p>La ministra de Seguridad iba a dar una conferencia de prensa en Pertutti para hablar de la ruptura del PRO pero debi\u00f3 improvisar una declaraci\u00f3n sobre Loan en medio de un griter\u00edo.  <\/p>\n","protected":false},"author":1,"featured_media":25356,"comment_status":"closed","ping_status":"closed","sticky":false,"template":"","format":"standard","meta":[],"categories":[18],"tags":[],"_links":{"self":[{"href":"https:\/\/latecordoba.com\/index.php\/wp-json\/wp\/v2\/posts\/25355"}],"collection":[{"href":"https:\/\/latecordoba.com\/index.php\/wp-json\/wp\/v2\/posts"}],"about":[{"href":"https:\/\/latecordoba.com\/index.php\/wp-json\/wp\/v2\/types\/post"}],"author":[{"embeddable":true,"href":"https:\/\/latecordoba.com\/index.php\/wp-json\/wp\/v2\/users\/1"}],"replies":[{"embeddable":true,"href":"https:\/\/latecordoba.com\/index.php\/wp-json\/wp\/v2\/comments?post=25355"}],"version-history":[{"count":0,"href":"https:\/\/latecordoba.com\/index.php\/wp-json\/wp\/v2\/posts\/25355\/revisions"}],"wp:featuredmedia":[{"embeddable":true,"href":"https:\/\/latecordoba.com\/index.php\/wp-json\/wp\/v2\/media\/25356"}],"wp:attachment":[{"href":"https:\/\/latecordoba.com\/index.php\/wp-json\/wp\/v2\/media?parent=25355"}],"wp:term":[{"taxonomy":"category","embeddable":true,"href":"https:\/\/latecordoba.com\/index.php\/wp-json\/wp\/v2\/categories?post=25355"},{"taxonomy":"post_tag","embeddable":true,"href":"https:\/\/latecordoba.com\/index.php\/wp-json\/wp\/v2\/tags?post=25355"}],"curies":[{"name":"wp","href":"https:\/\/api.w.org\/{rel}","templated":true}]}}