{"id":25353,"date":"2024-07-06T03:48:34","date_gmt":"2024-07-06T03:48:34","guid":{"rendered":"https:\/\/viapais.com.ar\/arroyito\/agenda-en-el-comienzo-de-las-vacaciones-de-julio-mucha-actividad-de-los-deportistas-locales\/"},"modified":"2024-07-06T03:48:34","modified_gmt":"2024-07-06T03:48:34","slug":"agenda-en-el-comienzo-de-las-vacaciones-de-julio-mucha-actividad-de-los-deportistas-locales","status":"publish","type":"post","link":"https:\/\/latecordoba.com\/index.php\/2024\/07\/06\/agenda-en-el-comienzo-de-las-vacaciones-de-julio-mucha-actividad-de-los-deportistas-locales\/","title":{"rendered":"Agenda: en el comienzo de las vacaciones de Julio, mucha actividad de los deportistas locales"},"content":{"rendered":"\n<p>Para el d\u00eda<b> s\u00e1bado 6 de julio, <\/b>estas son las actividades: <\/p>\n<ul>\n<li><span>Por el Campeonato de la Liga Regional de F\u00fatbol San Francisco, <b>en inferiores la verde es visitante en Santa Rosa<\/b> de R\u00edo Primero con las categor\u00edas: Promocional, Pre infantil, Infantil, Pre Juvenil y Juvenil. <b>A partir de las 12 horas.<\/b><\/span><\/li>\n<li><span><b>Para el b\u00e1squet<\/b>, se realizar\u00e1 un Entrenamiento de <b>Pre Selecci\u00f3n de B\u00e1squet Femenino <\/b>de la Asociaci\u00f3n de B\u00e1squet San Francisco en el<b> polideportivo Enrique Brizzio.<\/b> Categor\u00edas: U13, U15 y U17. A partir de las 15 horas. Adem\u00e1s, continuando con el <b>Torneo de la Asociaci\u00f3n de Basquetbol<\/b> San Francisco, en U13 visitante en Devoto contra Las Varillas por la Copa de Plata. A partir de las 10 horas. <\/span><\/li>\n<\/ul>\n<figure><picture><img alt=\"B\u00e1squet Deportivo y Cultural Arroyito San Isidro\" class=\" block \" src=\"http:\/\/latecordoba.com\/wp-content\/uploads\/2024\/07\/agenda-en-el-comienzo-de-las-vacaciones-de-julio-mucha-actividad-de-los-deportistas-locales.jpg\" sizes=\"100vw\" loading=\"lazy\" data-src=\"http:\/\/latecordoba.com\/wp-content\/uploads\/2024\/07\/agenda-en-el-comienzo-de-las-vacaciones-de-julio-mucha-actividad-de-los-deportistas-locales.jpg\" width=\"1023px\" fetchpriority=\"low\" decoding=\"async\" height=\"575px\"><\/picture><figcaption class>B\u00e1squet Deportivo y Cultural Arroyito San Isidro Foto: V\u00eda Arroyito<\/figcaption><\/figure>\n<ul>\n<li><span>El <b>hockey por el Torneo de la Federaci\u00f3n Oeste Santafesina<\/b> de Hockey el <b>Centro Vecinal San Miguel tiene fecha en San Francisco <\/b>para el sub 14 se medir\u00e1 con Deportivo Libertad en tanto que sub 16, reserva y primera contra Polideportivo. Por el lado de <b>la verde, ser\u00e1 visitante tambi\u00e9n en Club Sportivo Belgrano<\/b> de San Francisco con Reserva y Primera. A partir de las 15 horas.<\/span><\/li>\n<li><span><b>Por el lado del voley el equipo del Cultural <\/b>y<b> <\/b>por el Torneo organizado por la Liga Interdepartamental de V\u00f3ley, <b>ser\u00e1 visitante en Colonia Marina. <\/b>Categor\u00eda: Sub 16 Femenino. A partir de las 9 horas.<\/span><\/li>\n<\/ul>\n<p>Las actividades ya en la jornada del <b>domingo 7 de julio <\/b>ser\u00e1n: <\/p>\n<ul>\n<li><span>Respecto del <b>b\u00e1squet por el Torneo de la Asociaci\u00f3n de Basquetbol <\/b>San Francisco, la verde ser\u00e1 visitante en <b>El Tala de San Francisco contra Devoto,<\/b> <b>Copa de Plata. Categor\u00eda: U17<\/b>. A partir de las 10 horas.<\/span><\/li>\n<\/ul>\n<figure><picture><img alt=\"Handball Cultural de Arroyito Primera\" class=\" block \" src=\"http:\/\/latecordoba.com\/wp-content\/uploads\/2024\/07\/agenda-en-el-comienzo-de-las-vacaciones-de-julio-mucha-actividad-de-los-deportistas-locales-1.jpg\" sizes=\"100vw\" loading=\"lazy\" data-src=\"http:\/\/latecordoba.com\/wp-content\/uploads\/2024\/07\/agenda-en-el-comienzo-de-las-vacaciones-de-julio-mucha-actividad-de-los-deportistas-locales-1.jpg\" width=\"1023px\" fetchpriority=\"low\" decoding=\"async\" height=\"648px\"><\/picture><figcaption class>Handball Cultural de Arroyito Primera Foto: Instagram<\/figcaption><\/figure>\n<ul>\n<li><span><b>Los atletas del handball <\/b>y continuando con el Torneo de la <b>Federaci\u00f3n Cordobesa<\/b>, ser\u00e1 visitante en R\u00edo Primero. Categor\u00edas: Infantiles y Menores Femenino, Cadetes y Menores Masculino. <b>A partir de las 10:30 horas. Primera Femenina <\/b>por el Torneo de la Federaci\u00f3n Cordobesa ser\u00e1 visitante en <b>Barrio Parque de C\u00f3rdoba<\/b>. A partir de las 11:30 horas. Para la <b>Primera Masculina<\/b> tendr\u00e1 un Partido Amistoso en R\u00edo Primero. A partir de las 15:45 horas.<\/span><\/li>\n<li><span>El <b>hockey <\/b>participar\u00e1 de un <b>Encuentro Infantil de la actividad en Las Varillas.<\/b> A partir de las 10 horas.<\/span><\/li>\n<\/ul>\n<figure><picture><img alt=\"Los Hurones rugby Arroyito\" class=\" block \" src=\"http:\/\/latecordoba.com\/wp-content\/uploads\/2024\/07\/agenda-en-el-comienzo-de-las-vacaciones-de-julio-mucha-actividad-de-los-deportistas-locales-2.jpg\" sizes=\"100vw\" loading=\"lazy\" data-src=\"http:\/\/latecordoba.com\/wp-content\/uploads\/2024\/07\/agenda-en-el-comienzo-de-las-vacaciones-de-julio-mucha-actividad-de-los-deportistas-locales-2.jpg\" width=\"1023px\" fetchpriority=\"low\" decoding=\"async\" height=\"681px\"><\/picture><figcaption class>Los Hurones rugby Arroyito Foto: Prensa Los Hurones<\/figcaption><\/figure>\n<ul>\n<li><span>Para el <b>rugby de la verde<\/b>, por el Torneo de la Uni\u00f3n Cordobesa de Rugby, <b>visitante en Villa del Rosario<\/b>. Categor\u00eda: Juveniles. A partir de las 11 horas.<\/span><\/li>\n<li><span>En <b>bochas se participar\u00e1 de un Torneo en Villa del Rosario,<\/b> Parejas 4 y 2 puntos. A partir de las <b>8:30 horas.<\/b><\/span><\/li>\n<li><span>Plato fuerte en el f\u00fatbol donde por la <b>Zona Oeste se disputar\u00e1 la Gran Final del Torneo Apertura en Reserva<\/b> donde el <b>Sportivo 24 de Septiembre visita al Ateneo Acci\u00f3n Juvenil <\/b>en Santa Rosa desde las <b>15 hs.<\/b> Tambi\u00e9n en el f\u00fatbol se disputa la<b> Final del Apertura en Primera con Sportivo Belgrano<\/b> de R\u00edo Primero <b>visitando desde las 15 hs. al CAPU <\/b>de La Tordilla desde las 15 hs.<\/span><\/li>\n<\/ul>\n","protected":false},"excerpt":{"rendered":"<p>Para el d\u00eda s\u00e1bado 6 de julio, estas son las actividades: Por el Campeonato de la Liga Regional de F\u00fatbol San Francisco, en inferiores la verde es visitante en Santa Rosa de R\u00edo Primero con las categor\u00edas: Promocional, Pre infantil, Infantil, Pre Juvenil y Juvenil. A partir de las 12 horas. Para el b\u00e1squet, se [&hellip;]<\/p>\n","protected":false},"author":1,"featured_media":25354,"comment_status":"closed","ping_status":"closed","sticky":false,"template":"","format":"standard","meta":[],"categories":[15],"tags":[],"_links":{"self":[{"href":"https:\/\/latecordoba.com\/index.php\/wp-json\/wp\/v2\/posts\/25353"}],"collection":[{"href":"https:\/\/latecordoba.com\/index.php\/wp-json\/wp\/v2\/posts"}],"about":[{"href":"https:\/\/latecordoba.com\/index.php\/wp-json\/wp\/v2\/types\/post"}],"author":[{"embeddable":true,"href":"https:\/\/latecordoba.com\/index.php\/wp-json\/wp\/v2\/users\/1"}],"replies":[{"embeddable":true,"href":"https:\/\/latecordoba.com\/index.php\/wp-json\/wp\/v2\/comments?post=25353"}],"version-history":[{"count":0,"href":"https:\/\/latecordoba.com\/index.php\/wp-json\/wp\/v2\/posts\/25353\/revisions"}],"wp:featuredmedia":[{"embeddable":true,"href":"https:\/\/latecordoba.com\/index.php\/wp-json\/wp\/v2\/media\/25354"}],"wp:attachment":[{"href":"https:\/\/latecordoba.com\/index.php\/wp-json\/wp\/v2\/media?parent=25353"}],"wp:term":[{"taxonomy":"category","embeddable":true,"href":"https:\/\/latecordoba.com\/index.php\/wp-json\/wp\/v2\/categories?post=25353"},{"taxonomy":"post_tag","embeddable":true,"href":"https:\/\/latecordoba.com\/index.php\/wp-json\/wp\/v2\/tags?post=25353"}],"curies":[{"name":"wp","href":"https:\/\/api.w.org\/{rel}","templated":true}]}}