{"id":25345,"date":"2024-07-05T20:00:38","date_gmt":"2024-07-05T20:00:38","guid":{"rendered":"https:\/\/www.animalgourmet.com\/?p=107424"},"modified":"2024-07-05T20:00:38","modified_gmt":"2024-07-05T20:00:38","slug":"el-dia-cero-inspiro-el-menu-degustacion-del-balcon-del-zocalo","status":"publish","type":"post","link":"https:\/\/latecordoba.com\/index.php\/2024\/07\/05\/el-dia-cero-inspiro-el-menu-degustacion-del-balcon-del-zocalo\/","title":{"rendered":"El D\u00eda Cero inspir\u00f3 el men\u00fa degustaci\u00f3n del Balc\u00f3n del Z\u00f3calo"},"content":{"rendered":"\n<p><span>El D\u00eda Cero fue la inspiraci\u00f3n del <strong>chef Pepe Salinas<\/strong> y su equipo creativo I+D <\/span><span>para dise\u00f1ar el men\u00fa degustaci\u00f3n que podr\u00e1s encontrar en el <a target=\"_blank\" href=\"https:\/\/balcondelzocalo.com\/\" rel=\"noopener\">Balc\u00f3n del Z\u00f3calo<\/a>.<\/span><\/p>\n<p><span>Con el objetivo de hacer conciencia entre los comensales, el chef presenta <strong>9 platillos que abren la conversaci\u00f3n sobre el tema. <\/strong>La experiencia inicia con un vaso de agua servida desde una <strong>jarra con forma de Tl\u00e1loc<\/strong>, Dios de la lluvia.<\/span><\/p>\n<p><span> Posteriormente, al interior de <\/span><span>la cava del restaurante, te sirven una copa de <em>champagne, <\/em>que da inicio a esta experiencia reflexiva.&nbsp;<\/span><\/p>\n<div id=\"attachment_107426\" class=\"wp-caption aligncenter\" readability=\"33\"><img loading=\"lazy\" fetchpriority=\"high\" decoding=\"async\" aria-describedby=\"caption-attachment-107426\" class=\"wp-image-107426 size-full\" src=\"http:\/\/latecordoba.com\/wp-content\/uploads\/2024\/07\/el-dia-cero-inspiro-el-menu-degustacion-del-balcon-del-zocalo.jpg\" alt=\"El chef Pepe Salinas presenta su men\u00fa degustaci\u00f3n sobre el D\u00eda Cero.\" width=\"1200\" height=\"800\" srcset=\"http:\/\/latecordoba.com\/wp-content\/uploads\/2024\/07\/el-dia-cero-inspiro-el-menu-degustacion-del-balcon-del-zocalo.jpg 1200w, http:\/\/latecordoba.com\/wp-content\/uploads\/2024\/07\/el-dia-cero-inspiro-el-menu-degustacion-del-balcon-del-zocalo-5.jpg 300w, http:\/\/latecordoba.com\/wp-content\/uploads\/2024\/07\/el-dia-cero-inspiro-el-menu-degustacion-del-balcon-del-zocalo-6.jpg 600w, https:\/\/www.animalgourmet.com\/wp-content\/uploads\/2024\/07\/Chef-Pepe-Saliina-768x512.jpg 768w\" sizes=\"(max-width: 1200px) 100vw, 1200px\"><\/p>\n<p id=\"caption-attachment-107426\" class=\"wp-caption-text\">El chef Pepe Salinas presenta su men\u00fa degustaci\u00f3n sobre el D\u00eda Cero\/ Foto: Paulina Figueroa (Animal Gourmet)<\/p>\n<\/div>\n<h2>\u00bfQu\u00e9 es el D\u00eda Cero?<\/h2>\n<p><span>El D\u00eda Cero hace referencia a un periodo en el futuro en el que no podremos <strong>suministrar o abastecer la cantidad de agua<\/strong> que actualmente requerimos para las necesidades principales de subsistencia y desarrollo, de acuerdo con la Universidad Nacional Aut\u00f3noma de Mexico (<a target=\"_blank\" href=\"https:\/\/www.gaceta.unam.mx\/que-significa-realmente-eso-de-dia-cero-por-la-escasez-de-agua\/\" rel=\"noopener\">UNAM<\/a>)<\/span><span>.<\/span><\/p>\n<p><strong>M\u00e1s de una cuarta parte de la humanidad vive bajo la amenaza<\/strong>&nbsp;de poder alcanzar su temible<strong> D\u00eda Cero<\/strong>, se\u00f1ala <a target=\"_blank\" href=\"https:\/\/thesocialwater.org\/\" rel=\"noopener\"><em>The Social Water<\/em><\/a>, una fundaci\u00f3n dedica al cuidado del agua. En cifras, esto se ilustra con las mil millones de personas que actualmente no tienen acceso al l\u00edquido y con las otras <strong>2 mil 700 millones<\/strong> que les falta una vez al mes.<\/p>\n<div id=\"attachment_107427\" class=\"wp-caption aligncenter\" readability=\"33\"><img loading=\"lazy\" decoding=\"async\" aria-describedby=\"caption-attachment-107427\" class=\"wp-image-107427 size-full\" src=\"http:\/\/latecordoba.com\/wp-content\/uploads\/2024\/07\/el-dia-cero-inspiro-el-menu-degustacion-del-balcon-del-zocalo-1.jpg\" alt=\"El D\u00eda Cero podr\u00eda llegar a CDMX en 2028 si persisten los actuales h\u00e1bitos de consumo y desperdicio.\" width=\"1200\" height=\"800\" srcset=\"http:\/\/latecordoba.com\/wp-content\/uploads\/2024\/07\/el-dia-cero-inspiro-el-menu-degustacion-del-balcon-del-zocalo-7.jpg 1200w, http:\/\/latecordoba.com\/wp-content\/uploads\/2024\/07\/el-dia-cero-inspiro-el-menu-degustacion-del-balcon-del-zocalo-8.jpg 300w, http:\/\/latecordoba.com\/wp-content\/uploads\/2024\/07\/el-dia-cero-inspiro-el-menu-degustacion-del-balcon-del-zocalo-9.jpg 600w, https:\/\/www.animalgourmet.com\/wp-content\/uploads\/2024\/07\/Dia-Cero-en-Mexico-768x512.jpg 768w\" sizes=\"(max-width: 1200px) 100vw, 1200px\"><\/p>\n<p id=\"caption-attachment-107427\" class=\"wp-caption-text\">El D\u00eda Cero podr\u00eda llegar a CDMX en 2028 si persisten los actuales h\u00e1bitos de consumo y desperdicio\/ Foto: Pixabay<\/p>\n<\/div>\n<h2>Men\u00fa degustaci\u00f3n del Balc\u00f3n del Z\u00f3calo<\/h2>\n<p>Para aquellas personas que decidan vivir la experiencia de este men\u00fa, es importante que lo hagan con la mente abierta a escuchar, reconocer y actuar sobre el D\u00eda Cero. <strong>No hay forma que el tema no ponga sobre la mesa lo que estamos haciendo individualmente para terminar con nuestro planeta.&nbsp;<\/strong><\/p>\n<h3>Meteorito origina agua en la Tierra<\/h3>\n<p>El chef Pepe Salinas comienza esta experiencia con un paleta servida en una roca. <strong>El interior de esta paleta contiene sangrita, tequila y lim\u00f3n. La textura y color del meteorito lo logran con crema de cacao y polvo de totomoxtle.<\/strong><\/p>\n<p>Este peque\u00f1o bocado es resultado de una noticia que se dio a conocer en 2021: <a target=\"_blank\" href=\"https:\/\/cnnespanol.cnn.com\/2022\/11\/17\/agua-tierra-meteorito-trax\/\" rel=\"noopener\"><strong><em>\u201cHallan agua en meteorito que cay\u00f3 en Inglaterra\u201d<\/em><\/strong><\/a>, el meteorito cay\u00f3 en el patio delantero de una familia en Inglaterra en la localidad de Winchcombe, en Gloucestershire, e investigadores descubrieron que conten\u00eda agua similar a la que se encuentra en la Tierra.<\/p>\n<div id=\"attachment_107428\" class=\"wp-caption aligncenter\" readability=\"33\"><img loading=\"lazy\" decoding=\"async\" aria-describedby=\"caption-attachment-107428\" class=\"wp-image-107428 size-full\" src=\"http:\/\/latecordoba.com\/wp-content\/uploads\/2024\/07\/el-dia-cero-inspiro-el-menu-degustacion-del-balcon-del-zocalo-2.jpg\" alt=\"Menu\u0301 degustacio\u0301n del Balco\u0301n del Zo\u0301calo por el chef Pepe Salinas.\" width=\"1200\" height=\"800\" srcset=\"http:\/\/latecordoba.com\/wp-content\/uploads\/2024\/07\/el-dia-cero-inspiro-el-menu-degustacion-del-balcon-del-zocalo-10.jpg 1200w, http:\/\/latecordoba.com\/wp-content\/uploads\/2024\/07\/el-dia-cero-inspiro-el-menu-degustacion-del-balcon-del-zocalo-11.jpg 300w, http:\/\/latecordoba.com\/wp-content\/uploads\/2024\/07\/el-dia-cero-inspiro-el-menu-degustacion-del-balcon-del-zocalo-12.jpg 600w, https:\/\/www.animalgourmet.com\/wp-content\/uploads\/2024\/07\/Menu-degustacion-del-Balcon-del-Zocalo-768x512.jpg 768w\" sizes=\"(max-width: 1200px) 100vw, 1200px\"><\/p>\n<p id=\"caption-attachment-107428\" class=\"wp-caption-text\">Menu\u0301 degustacio\u0301n del Balco\u0301n del Zo\u0301calo por el chef Pepe Salinas\/ Foto: Paulina Figueroa (Animal Gourmet)<\/p>\n<\/div>\n<h3>Crisis en el Lago de P\u00e1tzcuaro<\/h3>\n<div class=\"post-details\" readability=\"41.996627318718\">\n<p><span>Asimismo, podr\u00e1s degustar un platillo inspirado en el<\/span><a target=\"_blank\" href=\"https:\/\/animalpolitico.com\/estados\/lago-patzcuaro-sequia-pierde-superficie-robo-agua\" rel=\"noopener\"><span> Lago de P\u00e1tzcuaro<\/span><\/a><span> el cual ha perdido el 4<strong>2% de su superficie por el robo de agua, la sequ\u00eda y la siembra irregular.<\/strong><\/span><\/p>\n<p><span>Las personas pueden caminar sobre la tierra que sol\u00eda estar cubierta de agua de la que econ\u00f3micamente dependen habitantes que se dedicaban a la pesca y el turismo.<\/span><\/p>\n<p><span>Este platillo es un<\/span><strong><a target=\"_blank\" href=\"https:\/\/www.animalgourmet.com\/2016\/03\/22\/receta-aguachile-de-camaron-con-un-toque-de-chipotle\/\" rel=\"noopener\"> aguachile<\/a><\/strong><span><strong> de mel\u00f3n, con una tostada de ma\u00edz con fresa liofilizada,<\/strong> servido sobre un plato de porcelana que hace alusi\u00f3n a la sequ\u00eda existente en el lago.<\/span><\/p>\n<div id=\"attachment_107429\" class=\"wp-caption aligncenter\" readability=\"32\"><img loading=\"lazy\" decoding=\"async\" aria-describedby=\"caption-attachment-107429\" class=\"wp-image-107429 size-full\" src=\"http:\/\/latecordoba.com\/wp-content\/uploads\/2024\/07\/el-dia-cero-inspiro-el-menu-degustacion-del-balcon-del-zocalo-3.jpg\" alt=\"Platillo sobre el Lago de Patzcuaro.\" width=\"1200\" height=\"800\" srcset=\"http:\/\/latecordoba.com\/wp-content\/uploads\/2024\/07\/el-dia-cero-inspiro-el-menu-degustacion-del-balcon-del-zocalo-13.jpg 1200w, http:\/\/latecordoba.com\/wp-content\/uploads\/2024\/07\/el-dia-cero-inspiro-el-menu-degustacion-del-balcon-del-zocalo-14.jpg 300w, http:\/\/latecordoba.com\/wp-content\/uploads\/2024\/07\/el-dia-cero-inspiro-el-menu-degustacion-del-balcon-del-zocalo-15.jpg 600w, https:\/\/www.animalgourmet.com\/wp-content\/uploads\/2024\/07\/Platillo-sobre-el-Lago-de-Patzcuaro-768x512.jpg 768w\" sizes=\"(max-width: 1200px) 100vw, 1200px\"><\/p>\n<p id=\"caption-attachment-107429\" class=\"wp-caption-text\">Platillo sobre el Lago de Patzcuaro\/ Foto: Paulina Figueroa (Animal Gourmet)<\/p>\n<\/div>\n<\/div>\n<div class=\"w-full \" readability=\"6\">\n<div class=\"grid mx-auto \" readability=\"7\">\n<p><h3 id=\"nap-notas-body-p3\" class=\"mx-auto my-[10px] py-[10px]\" data-google-query-id=\"CMnWnam5kIcDFRv4KAUdY6MKUQ\">Huella hidrica de la industria textil<\/h3>\n<\/p>\n<\/div>\n<\/div>\n<p><span>Para continuar con la experiencia, Pepe Salinas presenta un <strong>platillo que critica la huella h\u00eddrica que deja la industria textil.<\/strong>&nbsp; <\/span><span>Se calcula que para la fabricaci\u00f3n de un pantal\u00f3n de mezclilla se utilizan 10 mil litros de agua.&nbsp;<\/span><\/p>\n<p>Bajo ese contexto, <strong>Balc\u00f3n del Z\u00f3calo presenta una ensalada preparada con lechuga<\/strong> <strong>de hidropon\u00eda. <\/strong>La hidropon\u00eda hace posible cultivar incluso en forma casera, ya que los cultivos hidrop\u00f3nicos se adaptan a cualquier tipo de espacio y condiciones.<\/p>\n<section class><\/section>\n<h3>Consumo de refresco en el estado de Chiapas<\/h3>\n<p><span>En este men\u00fa degustaci\u00f3n tambi\u00e9n se pone sobre la mesa el problema de <strong>consumo de refrescos en el estado de Chiapas.<\/strong> Cada chiapaneco consume casi 822 litros de refresco al a\u00f1o, reduciendo la cantidad de agua que ingieren, de acuerdo con datos del <strong>Consejo Nacional de Humanidades, Ciencias y Tecnolog\u00edas (<a target=\"_blank\" href=\"https:\/\/conahcyt.mx\/somos-lo-que-bebemos-el-bienestar-de-la-sociedad-mexicana-en-juego\/#:~:text=Chiapas%2C%20por%20ejemplo%2C%20es%20la,sobre%20Chiapas%20y%20la%20Frontera\" rel=\"noopener\">Conahcyt<\/a>)<\/strong>.<\/span><\/p>\n<p>Para este tiempo se sirve una <strong>cuba libre (c\u00f3ctel que se prepara con refresco de cola, ron, jugo de lim\u00f3n y hielo)<\/strong> clarificada, con una t\u00e9cnica <strong><em>milk punch<\/em><\/strong>.<\/p>\n<p>El proceso consiste en cuajar la leche, reduciendo el pH (tradicionalmente utilizando jugo de lim\u00f3n), y se eliminan los s\u00f3lidos l\u00e1cteos a trav\u00e9s de la filtraci\u00f3n (tradicionalmente utilizando gasa, actualmente utilizando un filtro de caf\u00e9). <strong>El resultado es una bebida transparente.<\/strong><\/p>\n<div id=\"attachment_107430\" class=\"wp-caption aligncenter\" readability=\"33\"><img loading=\"lazy\" decoding=\"async\" aria-describedby=\"caption-attachment-107430\" class=\"wp-image-107430 size-full\" src=\"http:\/\/latecordoba.com\/wp-content\/uploads\/2024\/07\/el-dia-cero-inspiro-el-menu-degustacion-del-balcon-del-zocalo-4.jpg\" alt=\"Balco\u0301n del Zo\u0301calo presenta su menu\u0301 degustacio\u0301n sobre el Di\u0301a Cero.\" width=\"1200\" height=\"800\" srcset=\"http:\/\/latecordoba.com\/wp-content\/uploads\/2024\/07\/el-dia-cero-inspiro-el-menu-degustacion-del-balcon-del-zocalo-16.jpg 1200w, http:\/\/latecordoba.com\/wp-content\/uploads\/2024\/07\/el-dia-cero-inspiro-el-menu-degustacion-del-balcon-del-zocalo-17.jpg 300w, http:\/\/latecordoba.com\/wp-content\/uploads\/2024\/07\/el-dia-cero-inspiro-el-menu-degustacion-del-balcon-del-zocalo-18.jpg 600w, https:\/\/www.animalgourmet.com\/wp-content\/uploads\/2024\/07\/Balcon-del-Zocalo-presenta-su-menu-degustacion-sobre-el-Dia-Cero-768x512.jpg 768w\" sizes=\"(max-width: 1200px) 100vw, 1200px\"><\/p>\n<p id=\"caption-attachment-107430\" class=\"wp-caption-text\">Balco\u0301n del Zo\u0301calo presenta su menu\u0301 degustacio\u0301n sobre el Di\u0301a Cero\/ Foto: Paulina Figueroa (Animal Gourmet)<\/p>\n<\/div>\n<h2>Es momento de actuar para nuestro planeta<\/h2>\n<p><span>Es as\u00ed como a lo largo de esta experiencia se busca reflexionar sobre lo que estamos haciendo con nuestro planeta y el futuro desolador, sin embargo hay acad\u00e9micos optimistas que afirman que <\/span><span class=\"post-title\">D\u00eda cero en M\u00e9xico est\u00e1 lejos si tomamos conciencia.<\/span><\/p>\n<p>El experto del Instituto de Investigaciones Sociales de la UNAM, Manuel Perl\u00f3, pide <strong>no entrar en p\u00e1nico y desde ahora tomar medidas. <\/strong>Una de sus recomendaciones es utilizar el agua como lo hacen en lugares de la CDMX donde la gente no tiene acceso al recurso.<\/p>\n<p>\u2014\u2014\u2014<\/p>\n<p><span>El men\u00fa degustaci\u00f3n del Balc\u00f3n del Z\u00f3calo estar\u00e1 disponible a partir del <strong>21 de julio y hasta el 21 de septiembre<\/strong>.&nbsp;<\/span><\/p>\n<p><em><strong>Ubicaci\u00f3n:<\/strong> Av. 5 de Mayo 61, Centro Hist\u00f3rico de la Cdad. de M\u00e9xico, Centro, Cuauht\u00e9moc, 06000 Ciudad de M\u00e9xico, CDMX<\/em><\/p>\n<p><em><strong>Instagram:<\/strong> @<span class=\"x1lliihq x193iq5w x6ikm8r x10wlt62 xlyipyv xuxw1ft\">balcondelzocalo<\/span><\/em><\/p>\n<p><!-- CONTENT END 1 -->  <\/p>\n","protected":false},"excerpt":{"rendered":"<p> El D\u00eda Cero fue la inspiraci\u00f3n del chef Pepe Salinas y su equipo creativo I+D para dise\u00f1ar el men\u00fa degustaci\u00f3n que podr\u00e1s encontrar en el Balc\u00f3n del Z\u00f3calo. Con el objetivo de hacer conciencia entre los comensales, el chef presenta 9 platillos que abren la conversaci\u00f3n sobre el tema. La experiencia inicia con un vaso [&#8230;]  <\/p>\n","protected":false},"author":1,"featured_media":25346,"comment_status":"closed","ping_status":"closed","sticky":false,"template":"","format":"standard","meta":[],"categories":[21],"tags":[],"_links":{"self":[{"href":"https:\/\/latecordoba.com\/index.php\/wp-json\/wp\/v2\/posts\/25345"}],"collection":[{"href":"https:\/\/latecordoba.com\/index.php\/wp-json\/wp\/v2\/posts"}],"about":[{"href":"https:\/\/latecordoba.com\/index.php\/wp-json\/wp\/v2\/types\/post"}],"author":[{"embeddable":true,"href":"https:\/\/latecordoba.com\/index.php\/wp-json\/wp\/v2\/users\/1"}],"replies":[{"embeddable":true,"href":"https:\/\/latecordoba.com\/index.php\/wp-json\/wp\/v2\/comments?post=25345"}],"version-history":[{"count":0,"href":"https:\/\/latecordoba.com\/index.php\/wp-json\/wp\/v2\/posts\/25345\/revisions"}],"wp:featuredmedia":[{"embeddable":true,"href":"https:\/\/latecordoba.com\/index.php\/wp-json\/wp\/v2\/media\/25346"}],"wp:attachment":[{"href":"https:\/\/latecordoba.com\/index.php\/wp-json\/wp\/v2\/media?parent=25345"}],"wp:term":[{"taxonomy":"category","embeddable":true,"href":"https:\/\/latecordoba.com\/index.php\/wp-json\/wp\/v2\/categories?post=25345"},{"taxonomy":"post_tag","embeddable":true,"href":"https:\/\/latecordoba.com\/index.php\/wp-json\/wp\/v2\/tags?post=25345"}],"curies":[{"name":"wp","href":"https:\/\/api.w.org\/{rel}","templated":true}]}}