{"id":25327,"date":"2024-07-05T20:17:00","date_gmt":"2024-07-05T20:17:00","guid":{"rendered":"https:\/\/www.iprofesional.com\/economia\/409173-industria-y-construccion-se-desplomaron-en-mayo-de-cuanto-fue-la-caida"},"modified":"2024-07-05T20:17:00","modified_gmt":"2024-07-05T20:17:00","slug":"la-industria-cayo-148-y-la-construccion-se-desplomo-32-en-mayo-segun-el-indec","status":"publish","type":"post","link":"https:\/\/latecordoba.com\/index.php\/2024\/07\/05\/la-industria-cayo-148-y-la-construccion-se-desplomo-32-en-mayo-segun-el-indec\/","title":{"rendered":"La industria cay\u00f3 14,8% y la construcci\u00f3n se desplom\u00f3 32% en mayo, seg\u00fan el INDEC"},"content":{"rendered":"\n<div class=\"media_block\"><img decoding=\"async\" src=\"http:\/\/latecordoba.com\/wp-content\/uploads\/2024\/07\/la-industria-cayo-148-y-la-construccion-se-desplomo-32-en-mayo-segun-el-indec.jpg\"><\/div>\n<div id>\n<p> La actividad industrial cedi\u00f3 casi 15% interanual, mientras que la construcci\u00f3n se derrumb\u00f3 32%. Qu\u00e9 dicen los datos sectoriales para los meses siguientes <\/p>\n<p><strong>05\/07\/2024<\/strong> &#8211; 17:17hs<\/p>\n<div class=\"image-container img-wide padding-b\"> <picture><source media=\"(min-width:650px)\" srcset=\"http:\/\/latecordoba.com\/wp-content\/uploads\/2024\/07\/la-industria-cayo-148-y-la-construccion-se-desplomo-32-en-mayo-segun-el-indec.webp\" data-srcset=\"http:\/\/latecordoba.com\/wp-content\/uploads\/2024\/07\/la-industria-cayo-148-y-la-construccion-se-desplomo-32-en-mayo-segun-el-indec.webp\" class><source media=\"(min-width:465px)\" srcset=\"http:\/\/latecordoba.com\/wp-content\/uploads\/2024\/07\/la-industria-cayo-148-y-la-construccion-se-desplomo-32-en-mayo-segun-el-indec.webp\" data-srcset=\"http:\/\/latecordoba.com\/wp-content\/uploads\/2024\/07\/la-industria-cayo-148-y-la-construccion-se-desplomo-32-en-mayo-segun-el-indec.webp\" class><img decoding=\"async\" loading=\"lazy\" src=\"http:\/\/latecordoba.com\/wp-content\/uploads\/2024\/07\/la-industria-cayo-148-y-la-construccion-se-desplomo-32-en-mayo-segun-el-indec.webp\" data-src=\"http:\/\/latecordoba.com\/wp-content\/uploads\/2024\/07\/la-industria-cayo-148-y-la-construccion-se-desplomo-32-en-mayo-segun-el-indec.webp\" class alt=\"Se profundiza la recesi\u00f3n: la industria y la construcci\u00f3n se desplomaron en mayo\" width=\"1280px\" height=\"720px\"> <\/picture> <\/div>\n<\/p><\/div>\n<div readability=\"105.95750230132\">\n<p>La<strong> econom\u00eda no repunta. <\/strong>Y as\u00ed se refleja en los primeros datos oficiales de mayo. Este viernes el <strong>INDEC <\/strong>inform\u00f3 que la<a href=\"https:\/\/www.iprofesional.com\/economia\/408206-industria-cual-es-el-principal-reclamo-de-los-empresarios-del-sector\" target=\"_blank\" rel=\"noopener noreferrer\"> actividad industrial y de la construcci\u00f3n volvieron a caer <\/a>con fuerza en el quinto mes del a\u00f1o.\n<\/p>\n<p>De esta manera, si bien se especulaba con que abril haya significado un piso en la recesi\u00f3n, la realidad indica que <strong>en mayo estuvo lejos de comenzar a observarse una recuperaci\u00f3n.<\/strong>\n<\/p>\n<h2>La industria y la construcci\u00f3n cayeron en mayo<\/h2>\n<p>Seg\u00fan inform\u00f3 el organismo oficial, en mayo&nbsp;el \u00cdndice de <strong>producci\u00f3n industrial <\/strong>manufacturero (IPI manufacturero) <strong>cay\u00f3 14,8% respecto de igual mes de 2023<\/strong>.\n<\/p>\n<p>Adem\u00e1s, el acumulado de <strong>enero-mayo <\/strong>de 2024 presenta una disminuci\u00f3n de <strong>15,2%<\/strong> respecto a igual per\u00edodo de 2023.\n<\/p>\n<p>En tanto, el \u00edndice de la serie desestacionalizada <span>muestra una variaci\u00f3n negativa de 0,2% respecto de abril.<\/span>\n<\/p>\n<p>Para los pr\u00f3ximos meses, la consultora Orlando Ferreres anticipa una continuidad de la actividad industrial en los <strong>bajos niveles actuales<\/strong>.\n<\/p>\n<div class=\"imagen\" readability=\"8\"><img decoding=\"async\" loading=\"lazy\" class=\"lazyload\" src=\"http:\/\/latecordoba.com\/wp-content\/uploads\/2024\/07\/la-industria-cayo-148-y-la-construccion-se-desplomo-32-en-mayo-segun-el-indec-1.jpg\" alt=\"La industria y la construcci\u00f3n cayeron con fuerza en mayo. No hay se\u00f1ales de una recuperaci\u00f3n en el corto plazo\" width=\"1280\" height=\"720\"><\/p>\n<p>La industria y la construcci\u00f3n cayeron con fuerza en mayo. No hay se\u00f1ales de una recuperaci\u00f3n en el corto plazo<\/p>\n<\/div>\n<p>&#8220;Esperamos que un eventual cambio de tendencia y comienzo de recuperaci\u00f3n se produzca cuando la<span> desaceleraci\u00f3n de la inflaci\u00f3n de lugar a una mejora de los ingresos de las familias y a una recomposici\u00f3n de la demanda interna<\/span>&#8220;, sostuvo.\n<\/p>\n<p>Por su parte, <strong>la construcci\u00f3n experiment\u00f3 un derrumbe interanual del 32,6%.&nbsp;<\/strong>El acumulado de los cinco primeros meses de 2024 del \u00edndice serie original presenta una baja de <strong>32,2%<\/strong> con relaci\u00f3n a igual per\u00edodo de 2023.\n<\/p>\n<p>No obstante, el \u00edndice de la<strong> serie desestacionalizada<\/strong> muestra una variaci\u00f3n<strong> positiva de 6,2% respecto de abril.<\/strong>\n<\/p>\n<h2>Ca\u00eddas e incertidumbre en la construcci\u00f3n<\/h2>\n<p>El sector de la construcci\u00f3n est\u00e1 a un paso de completar un semestre de <a href=\"https:\/\/www.iprofesional.com\/negocios\/406407-la-construccion-contagia-a-las-metalurgicas-cayo-fuerte-la-demanda-de-insumos\" target=\"_blank\" rel=\"noopener noreferrer\">derrumbe acumulado<\/a>&nbsp;y la perspectiva sigue siendo de incertidumbre y preocupaci\u00f3n para todos los actores de ese sector. S\u00f3lo en los primeros cinco meses del a\u00f1o los despachos de insumos como<strong>&nbsp;la grifer\u00eda, los ladrillos y los productos el\u00e9ctricos evidenciaron una ca\u00edda superior al 30%<\/strong>&nbsp;y la demanda de cemento se redujo, tambi\u00e9n, casi un 33% respecto de junio del a\u00f1o pasado.\n<\/p>\n<div class=\"video\">\n<div class=\"lazy-video video-40917320240705052617708496582\" data-src=\"<iframe class='video-loaded video-40917320240705052617708496582' src='https:\/\/www.iprofesional.com\/video?source=https:\/\/assets.iprofesional.com\/assets\/mp4\/2024\/06\/578326.mp4&amp;type=video&amp;id=409173' style='border:none;overflow:hidden;left:0;top:0;margin-top:0px;position:relative;'><\/iframe>&#8220;> <\/p>\n<div class=\"image-container img-wide\"> <picture><source media=\"(min-width:465px)\" srcset=\"http:\/\/latecordoba.com\/wp-content\/uploads\/2024\/07\/la-industria-cayo-148-y-la-construccion-se-desplomo-32-en-mayo-segun-el-indec-2.jpg\" data-backup=\"https:\/\/resizer.iproimg.com\/unsafe\/640x\/filters:format(webp)\/https:\/\/assets.iprofesional.com\/assets\/jpg\/2024\/07\/578928.jpg\" class=\"lazyload\"><source media=\"(min-width:650px)\" srcset=\"http:\/\/latecordoba.com\/wp-content\/uploads\/2024\/07\/la-industria-cayo-148-y-la-construccion-se-desplomo-32-en-mayo-segun-el-indec-2.jpg\" data-backup=\"https:\/\/resizer.iproimg.com\/unsafe\/640x\/filters:format(webp)\/https:\/\/assets.iprofesional.com\/assets\/jpg\/2024\/07\/578928.jpg\" class=\"lazyload\"><img decoding=\"async\" loading=\"lazy\" class=\"lazyload\" src=\"http:\/\/latecordoba.com\/wp-content\/uploads\/2024\/07\/la-industria-cayo-148-y-la-construccion-se-desplomo-32-en-mayo-segun-el-indec-2.jpg\" data-backup=\"https:\/\/resizer.iproimg.com\/unsafe\/640x\/filters:format(webp)\/https:\/\/assets.iprofesional.com\/assets\/jpg\/2024\/07\/578928.jpg\" alt=\"Se profundiza la recesi\u00f3n: la industria y la construcci\u00f3n se desplomaron en mayo\" width=\"100%\" height=\"auto\"> <\/picture> <\/div>\n<\/div>\n<\/div>\n<p>Un porcentaje similar muestra, adem\u00e1s, la venta de productos de ferreter\u00eda&nbsp;<strong>por consecuencia de la paralizaci\u00f3n de obras privadas<\/strong>. Seg\u00fan entidades y expertos del sector, la variaci\u00f3n del tipo de cambio, combinada con una inflaci\u00f3n que sigue sin ceder en los art\u00edculos importados, rompe toda posibilidad de recuperaci\u00f3n inmediata de un sector clave de la econom\u00eda.\n<\/p>\n<p>El mal momento que atraviesa la&nbsp;<a href=\"https:\/\/www.iprofesional.com\/negocios\/404689-aceleran-los-costos-de-la-construccion-en-dolares-y-se-frenan-obras\" target=\"_blank\" rel=\"noopener noreferrer\">actividad del ladrillo<\/a>&nbsp;fue expuesta por el Grupo Construya, la entidad que integra a los principales proveedores de insumos, a trav\u00e9s de un monitoreo al que accedi\u00f3&nbsp;<strong>iProfesional<\/strong>.\n<\/p>\n<p>Seg\u00fan la organizaci\u00f3n, las ventas de junio se ubicaron 32% por debajo de los n\u00fameros de igual mes pero del a\u00f1o pasado. &#8220;En promedio en enero-junio de 2024 los despachos del grupo Construya&nbsp;<strong>resultaron 32,8% menores&nbsp;<\/strong>a los realizados durante los primeros cinco meses de 2023&#8243;, precis\u00f3 Grupo Construya.\n<\/p>\n<p>La menor demanda es consecuencia directa de la reducci\u00f3n en la <a href=\"https:\/\/www.iprofesional.com\/negocios\/409158-construccion-cuanto-afecto-el-paralisis-de-obras-a-corralones-y-ferreterias\" target=\"_blank\" rel=\"noopener noreferrer\">velocidad que exhiben las obras en marcha <\/a>y la falta de lanzamiento de nuevos proyectos.<\/p>\n<\/p><\/div>\n","protected":false},"excerpt":{"rendered":"\n<div class=\"media_block\"><img decoding=\"async\" src=\"http:\/\/latecordoba.com\/wp-content\/uploads\/2024\/07\/la-industria-cayo-148-y-la-construccion-se-desplomo-32-en-mayo-segun-el-indec.jpg\"><\/div>\n<p> La actividad industrial cedi\u00f3 casi 15% interanual, mientras que la construcci\u00f3n se derrumb\u00f3 32%. Qu\u00e9 dicen los datos sectoriales para los meses siguientes <iframe width=\"0\" height=\"0\" border=\"0\"> <script> (function(i,s,o,g,r,a,m){i['GoogleAnalyticsObject']=r;i[r]=i[r]||function(){ (i[r].q=i[r].q||[]).push(arguments)},i[r].l=1*new Date();a=s.createElement(o), m=s.getElementsByTagName(o)[0];a.async=1;a.src=g;m.parentNode.insertBefore(a,m) })(window,document,'script','https:\/\/www.google-analytics.com\/analytics.js','ga'); ga('create', 'GTM-5LW5KQD', 'auto'); ga('require', 'displayfeatures'); ga('set', 'campaignSource', 'RSS Client for iProfesional'); ga('set', 'campaignMedium', 'RSS Client for iProfesional'); ga('set', {\"dataSource\": \"rss.atom.iprofesional.com\"}); ga('set', {\"referrer\": \"rss.atom.iprofesional.com\"}); ga('set', 'title', 'RSS Client for iProfesional'); ga('send', 'pageview'); <\/script> <!-- Begin comScore Tag --> <script> var _comscore = _comscore || []; _comscore.push({ c1: \"2\", c2: \"16597048\" }); (function() { var s = document.createElement(\"script\"), el = document.getElementsByTagName(\"script\")[0]; s.async = true; s.src = \"https:\/\/sb.scorecardresearch.com\/cs\/16597048\/beacon.js\"; el.parentNode.insertBefore(s, el); })(); <\/script> <noscript> <img decoding=\"async\" src=\"http:\/\/latecordoba.com\/wp-content\/uploads\/2024\/07\/la-industria-cayo-148-y-la-construccion-se-desplomo-32-en-mayo-segun-el-indec.gif\"> <\/noscript> <!-- End comScore Tag --> <\/iframe> <iframe border=\"0px\" style=\"display: none\" width=0 height=0 src=\"https:\/\/www.iprofesional.com\/ga4.html?gtag_id=G-N13KWJP8BK&amp;title=La industria cay\u00f3 14,8% y la construcci\u00f3n se desplom\u00f3 32% en mayo, seg\u00fan el INDEC&amp;location=https:\/\/www.iprofesional.com\/economia\/409173-industria-y-construccion-se-desplomaron-en-mayo-de-cuanto-fue-la-caida&amp;referrer=rss.atom.iprofesional.com&amp;ci=RSS Client for iProfesional&amp;cs=RSS Client for iProfesional&amp;cm=RSS&amp;cn=RSS Client for iProfesional&amp;cc=RSS Client for iProfesional\"><\/iframe>  <\/p>\n","protected":false},"author":1,"featured_media":25328,"comment_status":"closed","ping_status":"closed","sticky":false,"template":"","format":"standard","meta":[],"categories":[18],"tags":[],"_links":{"self":[{"href":"https:\/\/latecordoba.com\/index.php\/wp-json\/wp\/v2\/posts\/25327"}],"collection":[{"href":"https:\/\/latecordoba.com\/index.php\/wp-json\/wp\/v2\/posts"}],"about":[{"href":"https:\/\/latecordoba.com\/index.php\/wp-json\/wp\/v2\/types\/post"}],"author":[{"embeddable":true,"href":"https:\/\/latecordoba.com\/index.php\/wp-json\/wp\/v2\/users\/1"}],"replies":[{"embeddable":true,"href":"https:\/\/latecordoba.com\/index.php\/wp-json\/wp\/v2\/comments?post=25327"}],"version-history":[{"count":0,"href":"https:\/\/latecordoba.com\/index.php\/wp-json\/wp\/v2\/posts\/25327\/revisions"}],"wp:featuredmedia":[{"embeddable":true,"href":"https:\/\/latecordoba.com\/index.php\/wp-json\/wp\/v2\/media\/25328"}],"wp:attachment":[{"href":"https:\/\/latecordoba.com\/index.php\/wp-json\/wp\/v2\/media?parent=25327"}],"wp:term":[{"taxonomy":"category","embeddable":true,"href":"https:\/\/latecordoba.com\/index.php\/wp-json\/wp\/v2\/categories?post=25327"},{"taxonomy":"post_tag","embeddable":true,"href":"https:\/\/latecordoba.com\/index.php\/wp-json\/wp\/v2\/tags?post=25327"}],"curies":[{"name":"wp","href":"https:\/\/api.w.org\/{rel}","templated":true}]}}