{"id":25319,"date":"2024-07-05T17:54:53","date_gmt":"2024-07-05T17:54:53","guid":{"rendered":"http:\/\/c1e7127cedb321fe33b182fea4303a13"},"modified":"2024-07-05T17:54:53","modified_gmt":"2024-07-05T17:54:53","slug":"el-acuerdo-de-jaldo-con-milei-para-armar-las-listas-y-partir-al-radicalismo-y-al-pro","status":"publish","type":"post","link":"https:\/\/latecordoba.com\/index.php\/2024\/07\/05\/el-acuerdo-de-jaldo-con-milei-para-armar-las-listas-y-partir-al-radicalismo-y-al-pro\/","title":{"rendered":"El acuerdo de Jaldo con Milei para armar las listas y partir al radicalismo y al PRO"},"content":{"rendered":"\n<div class=\"media_block\"><img decoding=\"async\" src=\"http:\/\/latecordoba.com\/wp-content\/uploads\/2024\/07\/el-acuerdo-de-jaldo-con-milei-para-armar-las-listas-y-partir-al-radicalismo-y-al-pro.jpg\"><\/div>\n<p>Osvaldo Jaldo tiene bastante avanzado el acuerdo con Javier Milei para armar las listas de las elecciones legislativas del 2025 en Tucum\u00e1n, en una jugada que podr\u00eda incluir a sectores del radicalismo y el PRO.<\/p>\n<p>El gobernador tucumano es el m\u00e1s cercano a la Casa Rosada, que <a href=\"https:\/\/www.lapoliticaonline.com\/politica\/en-el-gobierno-apuestan-a-armar-listas-en-2025-con-la-ayuda-de-jaldo-jalil-y-saenz\/\" target=\"_blank\" rel=\"noopener\">como revel\u00f3 LPO<\/a>&nbsp;aspira a armar listas tambi\u00e9n con el catamarque\u00f1o Ra\u00fal Jalil y el salte\u00f1o Gustavo S\u00e1enz. Pero en el caso de Jaldo el acuerdo est\u00e1 bastante avanzado.<\/p>\n<p>Fuentes de la provincia contaron a LPO que los art\u00edfices del acuerdo con Jaldo son Guillermo Francos y el vicejefe de Gabinete del Interior, Lisandro Catal\u00e1n, que es tucumano. El rol de Catal\u00e1n es clave al punto que es mencionado como posible candidato a diputado nacional en 2025, representando a Milei en Tucum\u00e1n.<\/p>\n<p><a href=\"https:\/\/www.lapoliticaonline.com\/tools\/redirect.php?t=3&amp;i=291365&amp;s=5297ff2291a100c12a812c93af9baa99\" target=\"_blank\" class=\"link-type-content content-type-noticia-ar\" rel=\"noopener\">En el gobierno apuestan a armar listas en 2025 con la ayuda de Jaldo, Jalil y S\u00e1enz<\/a><\/p>\n<p>Con el acuerdo con Jaldo, Milei hizo a un lado al que&nbsp;era su hombre en la provincia, el legislador Ricardo Bussi. Tambi\u00e9n releg\u00f3 al partido Creo del dirigente rural Sebasti\u00e1n Murga y la diputada nacional Paula Omodeo. De hecho, estos sectores le estaban pidiendo a Milei los cargos de las delegaciones nacional como ANSES o AFIP, pero el presidente se las cedi\u00f3 al gobernador.<\/p>\n<p>El acuerdo para 2025 podr\u00eda incluir a sectores del PRO que responden a Patricia Bullrich y tambi\u00e9n al sector del radicalismo que lidera el diputado Mariano Campero, que podr\u00eda acercar a los intendentes de Yerba Buena, Concepci\u00f3n y Simoca. Campero se acerc\u00f3 al gobierno nacional a partir de su buena relaci\u00f3n con su colega Fernando Iglesias.&nbsp;<\/p>\n<p>Esa jugada implicar\u00eda aislar a los radicales Jos\u00e9 Cano y Silvia El\u00edas de P\u00e9rez, que tienen peso en el partido pero no a nivel territorial. En el PRO la inc\u00f3gnita es c\u00f3mo jugar\u00e1 el ex intendente Germ\u00e1n Alfaro, que se hab\u00eda acercado a Jaldo y a nivel nacional ayuda a Milei a trav\u00e9s de su esposa la senadora Beatriz \u00c1vila. Pero por ahora se mantiene en silencio.<\/p>\n<figure class=\"vsmimage\" contenteditable=\"false\"><img decoding=\"async\" loading=\"lazy\" alt=\"Cristina Kirchner con los hermanos Yedlin\" data-vsmid=\"229899\" data-owidth=\"1280\" data-oheight=\"853\" src=\"data:image\/png;base64,iVBORw0KGgoAAAANSUhEUgAAAx4AAAIOAQMAAAAMVUlSAAAAA1BMVEUAAACnej3aAAAAAXRSTlMAQObYZgAAAElJREFUeJztwQEBAAAAgiD\/r25IQAEAAAAAAAAAAAAAAAAAAAAAAAAAAAAAAAAAAAAAAAAAAAAAAAAAAAAAAAAAAAAAAAAAAPBjz4YAAXoxaWgAAAAASUVORK5CYII=\" vsmidos=\"1\" vsmsrc=\"\/files\/image\/229\/229899\/66883b49481e3_798_526!.jpg?s=e88c42d3b6631c67df4ec7383cfe8f2a&amp;d=1720204106\" width=\"798\" height=\"526\"><\/figure>\n<p>Si Jaldo cierra con Milei el peronismo tendr\u00e1 un problema serio porque el gobernador avanz\u00f3 mucho en el armado territorial y cerr\u00f3 con la gran mayor\u00eda de los intendentes del PJ, incluida la ex manzurista Rossana Chahla que gobierna la capital.&nbsp;<\/p>\n<p>El peronismo no jaldista ha quedado reducido a Manzur, los hermanos Pablo y Gabriel Yedlin que esta semana visitaron a Cristina Kirchner, y territorialmente al intendente de Taf\u00ed Viejo, Javier Noguera.<\/p>\n","protected":false},"excerpt":{"rendered":"\n<div class=\"media_block\"><img decoding=\"async\" src=\"http:\/\/latecordoba.com\/wp-content\/uploads\/2024\/07\/el-acuerdo-de-jaldo-con-milei-para-armar-las-listas-y-partir-al-radicalismo-y-al-pro.jpg\"><\/div>\n<p>El acuerdo fue tejido por el vicejefe de gabinete Lisandro Catal\u00e1n, que es tucumano y podr\u00eda ser candidato a diputado en 2025.  <\/p>\n","protected":false},"author":1,"featured_media":25320,"comment_status":"closed","ping_status":"closed","sticky":false,"template":"","format":"standard","meta":[],"categories":[18],"tags":[],"_links":{"self":[{"href":"https:\/\/latecordoba.com\/index.php\/wp-json\/wp\/v2\/posts\/25319"}],"collection":[{"href":"https:\/\/latecordoba.com\/index.php\/wp-json\/wp\/v2\/posts"}],"about":[{"href":"https:\/\/latecordoba.com\/index.php\/wp-json\/wp\/v2\/types\/post"}],"author":[{"embeddable":true,"href":"https:\/\/latecordoba.com\/index.php\/wp-json\/wp\/v2\/users\/1"}],"replies":[{"embeddable":true,"href":"https:\/\/latecordoba.com\/index.php\/wp-json\/wp\/v2\/comments?post=25319"}],"version-history":[{"count":0,"href":"https:\/\/latecordoba.com\/index.php\/wp-json\/wp\/v2\/posts\/25319\/revisions"}],"wp:featuredmedia":[{"embeddable":true,"href":"https:\/\/latecordoba.com\/index.php\/wp-json\/wp\/v2\/media\/25320"}],"wp:attachment":[{"href":"https:\/\/latecordoba.com\/index.php\/wp-json\/wp\/v2\/media?parent=25319"}],"wp:term":[{"taxonomy":"category","embeddable":true,"href":"https:\/\/latecordoba.com\/index.php\/wp-json\/wp\/v2\/categories?post=25319"},{"taxonomy":"post_tag","embeddable":true,"href":"https:\/\/latecordoba.com\/index.php\/wp-json\/wp\/v2\/tags?post=25319"}],"curies":[{"name":"wp","href":"https:\/\/api.w.org\/{rel}","templated":true}]}}