{"id":25317,"date":"2024-07-05T20:40:40","date_gmt":"2024-07-05T20:40:40","guid":{"rendered":"https:\/\/viapais.com.ar\/cordoba\/aoita-extendio-el-paro-de-transporte-interurbano-en-cordoba-sera-por-72-horas\/"},"modified":"2024-07-05T20:40:40","modified_gmt":"2024-07-05T20:40:40","slug":"aoita-extendio-el-paro-de-transporte-interurbano-en-cordoba-sera-por-72-horas","status":"publish","type":"post","link":"https:\/\/latecordoba.com\/index.php\/2024\/07\/05\/aoita-extendio-el-paro-de-transporte-interurbano-en-cordoba-sera-por-72-horas\/","title":{"rendered":"Aoita extendi\u00f3 el paro de transporte interurbano en C\u00f3rdoba: ser\u00e1 por 72 horas"},"content":{"rendered":"<br \/>\n<section readability=\"40.907679738562\">\n<p>Este viernes 5, la <a href=\"https:\/\/viapais.com.ar\/cordoba\/aoita-extenderia-el-paro-de-transporte-interurbano-en-cordoba-de-que-depende-y-hasta-cuando-seria\/\" target=\"_blank\" rel=\"noopener\">Asociaci\u00f3n Obrera de la Industria del Transporte Automotor (Aoita)<\/a> llev\u00f3 a cabo una <a href=\"https:\/\/viapais.com.ar\/cordoba\/se-confirmo-el-paro-de-transporte-interurbano-en-cordoba-sera-el-viernes-5-de-julio\/\" target=\"_blank\" rel=\"noopener\">retenci\u00f3n total del servicio<\/a> de <b>colectivos interurbanos de C\u00f3rdoba<\/b>. En principio, la suspensi\u00f3n de tareas era por 24 horas, pero luego confirmaron que <b>la medida se extender\u00e1 por 72 horas. <\/b><\/p>\n<article class=\"article card\">\n<div class=\"article-inner \">\n<div class=\"article-image \"><a href=\"https:\/\/viapais.com.ar\/cordoba\/aumento-el-precio-del-transporte-interurbano-de-cordoba-el-listado-de-los-principales-destinos\/\" title=\"Transporte Interurbano\"><\/p>\n<figure><img alt=\"Transporte Interurbano\" class=\" block \" src=\"http:\/\/latecordoba.com\/wp-content\/uploads\/2024\/07\/aoita-extendio-el-paro-de-transporte-interurbano-en-cordoba-sera-por-72-horas.jpg\" sizes=\"auto\" loading=\"lazy\" data-src=\"http:\/\/latecordoba.com\/wp-content\/uploads\/2024\/07\/aoita-extendio-el-paro-de-transporte-interurbano-en-cordoba-sera-por-72-horas.jpg\" width=\"307px\" fetchpriority=\"low\" decoding=\"async\" height=\"173px\"><\/figure>\n<p><\/a><\/div>\n<\/div>\n<\/article>\n<p>Aoita lanz\u00f3 un paro en el servicio de C\u00f3rdoba ante un <b>pago incompleto de salarios de junio<\/b>. La secretar\u00eda de Transporte neg\u00f3 deudas y pidi\u00f3 que las partes lleguen a un acuerdo. Ante la falta de consenso, <b>el gremio recrudeci\u00f3 las medidas<\/b>. <\/p>\n<h2 class><b>AOITA EXTENDI\u00d3 EL PARO DE INTERURBANOS EN C\u00d3RDOBA <\/b><\/h2>\n<p>Tras un Plenario de Delegados, Aoita decidi\u00f3 realizar <b>retenci\u00f3n de tareas <\/b>(sin asistencia a los puestos de trabajo) <b>por 72 horas desde las 00 horas del s\u00e1bado 6 de julio<\/b>. En un comunicado, el gremio neg\u00f3 acuerdos con el empresariado y el Gobierno de C\u00f3rdoba y confirm\u00f3 la medida de fuerza. <\/p>\n<p>Respecto a las razones, el documento indica que responde al \u201c<b>incumplimiento por parte de las empresas del pago \u00edntegro de haberes del mes de junio<\/b> como as\u00ed tambi\u00e9n del S.A.C. correspondiente al 1\u00b0 semestre del corriente a\u00f1o\u201d. <\/p>\n<p>Finalmente, se\u00f1alaron que el lunes 8 de julio se realizar\u00e1un nuevo Plenario General De Delegados. \u201c<b>Exhortamos a los empresarios a ajustar su conducta<\/b> y honrar los compromisos salariales asumidos y reiteramos el pedido de urgente intervenci\u00f3n de los organismos del Gobierno\u201d. <\/p>\n<h2 class><b>PARO DE TRANSPORTE INTERURBANO EN C\u00d3RDOBA<\/b><\/h2>\n<p>\u201cAlgunas empresas prestatarias del servicio p\u00fablico de transporte pasajeros <b>no podr\u00edan afrontar \u00edntegramente los salarios<\/b> correspondientes al mes de junio 2024 y el saldo del primer semestre\u201d, se\u00f1al\u00f3 un comunicado de Aoita.<\/p>\n<p>Ante la falta de pagos del medio aguinaldo y el salario correspondiente al mes de junio, <b>Aoita llam\u00f3 a una \u201cretenci\u00f3n total de tareas\u201d desde la medianoche<\/b>. En principio, la medida de fuerza <b>ser\u00e1 por 24 horas <\/b>y <b>afectar\u00e1 a las empresas que no recibieron los pagos<\/b>.<\/p>\n<article class=\"article card\">\n<div class=\"article-inner \">\n<div class=\"article-image \"><a href=\"https:\/\/viapais.com.ar\/cordoba\/que-pasara-con-el-transporte-en-cordoba-aoita-declaro-estado-de-alerta\/\" title=\"Transporte Interurbano\"><\/p>\n<figure><img alt=\"Transporte Interurbano\" class=\" block \" src=\"http:\/\/latecordoba.com\/wp-content\/uploads\/2024\/07\/aoita-extendio-el-paro-de-transporte-interurbano-en-cordoba-sera-por-72-horas.jpg\" sizes=\"auto\" loading=\"lazy\" data-src=\"http:\/\/latecordoba.com\/wp-content\/uploads\/2024\/07\/aoita-extendio-el-paro-de-transporte-interurbano-en-cordoba-sera-por-72-horas.jpg\" width=\"307px\" fetchpriority=\"low\" decoding=\"async\" height=\"173px\"><\/figure>\n<p><\/a><\/div>\n<\/div>\n<\/article>\n<p>\u201c<b>Solo cuatro empresas pagaron<\/b>\u201d, dijeron fuentes vinculadas a la Asociaci\u00f3n, los delegados mantendr\u00e1n una reuni\u00f3n durante el viernes para \u201cponer en consideraci\u00f3n de sus integrantes<b> la adopci\u00f3n de nuevas medidas en caso de persistir la reticencia al cumplimiento salarial <\/b>de las empresas prestatarias del servicio.<\/p>\n<\/section>\n<div class=\"story-tags noreadme-audima\">\n<h3>Temas Relacionados<\/h3>\n<\/div>\n","protected":false},"excerpt":{"rendered":"<p>Este viernes 5, la Asociaci\u00f3n Obrera de la Industria del Transporte Automotor (Aoita) llev\u00f3 a cabo una retenci\u00f3n total del servicio de colectivos interurbanos de C\u00f3rdoba. En principio, la suspensi\u00f3n de tareas era por 24 horas, pero luego confirmaron que la medida se extender\u00e1 por 72 horas. Aoita lanz\u00f3 un paro en el servicio de [&hellip;]<\/p>\n","protected":false},"author":1,"featured_media":25318,"comment_status":"closed","ping_status":"closed","sticky":false,"template":"","format":"standard","meta":[],"categories":[15],"tags":[],"_links":{"self":[{"href":"https:\/\/latecordoba.com\/index.php\/wp-json\/wp\/v2\/posts\/25317"}],"collection":[{"href":"https:\/\/latecordoba.com\/index.php\/wp-json\/wp\/v2\/posts"}],"about":[{"href":"https:\/\/latecordoba.com\/index.php\/wp-json\/wp\/v2\/types\/post"}],"author":[{"embeddable":true,"href":"https:\/\/latecordoba.com\/index.php\/wp-json\/wp\/v2\/users\/1"}],"replies":[{"embeddable":true,"href":"https:\/\/latecordoba.com\/index.php\/wp-json\/wp\/v2\/comments?post=25317"}],"version-history":[{"count":0,"href":"https:\/\/latecordoba.com\/index.php\/wp-json\/wp\/v2\/posts\/25317\/revisions"}],"wp:featuredmedia":[{"embeddable":true,"href":"https:\/\/latecordoba.com\/index.php\/wp-json\/wp\/v2\/media\/25318"}],"wp:attachment":[{"href":"https:\/\/latecordoba.com\/index.php\/wp-json\/wp\/v2\/media?parent=25317"}],"wp:term":[{"taxonomy":"category","embeddable":true,"href":"https:\/\/latecordoba.com\/index.php\/wp-json\/wp\/v2\/categories?post=25317"},{"taxonomy":"post_tag","embeddable":true,"href":"https:\/\/latecordoba.com\/index.php\/wp-json\/wp\/v2\/tags?post=25317"}],"curies":[{"name":"wp","href":"https:\/\/api.w.org\/{rel}","templated":true}]}}