{"id":25312,"date":"2024-07-05T10:19:00","date_gmt":"2024-07-05T10:19:00","guid":{"rendered":"https:\/\/viapais.com.ar\/rafaela\/el-senado-provincial-dio-media-sancion-al-codigo-procesal-penal-presentado-por-alcides-calvo\/"},"modified":"2024-07-05T10:19:00","modified_gmt":"2024-07-05T10:19:00","slug":"el-senado-provincial-dio-media-sancion-al-codigo-procesal-penal-presentado-por-alcides-calvo","status":"publish","type":"post","link":"https:\/\/latecordoba.com\/index.php\/2024\/07\/05\/el-senado-provincial-dio-media-sancion-al-codigo-procesal-penal-presentado-por-alcides-calvo\/","title":{"rendered":"El Senado provincial dio media sanci\u00f3n al C\u00f3digo Procesal Penal presentado por Alcides Calvo"},"content":{"rendered":"\n<p>En la sesi\u00f3n del jueves 4 de julio el Senado Provincial dio media sanci\u00f3n al proyecto de Alcides Calvo en la que contempla modificaciones a la ley 14.258 del C\u00f3digo Procesal Penal en lo referido al art\u00edculo 242 del mismo. \u201cApunta a permitir que puedan ser asignados a Municipios y Comunas, que cumplen un gran rol en materia de seguridad y prevenci\u00f3n\u201d, explic\u00f3 el senador por el departamento Castellanos<\/p>\n<article class=\"article card\">\n<div class=\"article-inner \">\n<div class=\"article-image \"><a href=\"https:\/\/viapais.com.ar\/rafaela\/icedel-capacito-en-rcp-primeros-auxilios-y-manejo-de-dea\/\" title=\"El ICEDeL capacit\u00f3 en RCP y Primeros Auxilios\"><\/p>\n<figure><img alt=\"El ICEDeL capacit\u00f3 en RCP y Primeros Auxilios\" class=\" block \" src=\"http:\/\/latecordoba.com\/wp-content\/uploads\/2024\/07\/el-senado-provincial-dio-media-sancion-al-codigo-procesal-penal-presentado-por-alcides-calvo.jpg\" sizes=\"auto\" loading=\"lazy\" data-src=\"http:\/\/latecordoba.com\/wp-content\/uploads\/2024\/07\/el-senado-provincial-dio-media-sancion-al-codigo-procesal-penal-presentado-por-alcides-calvo.jpg\" width=\"307px\" fetchpriority=\"low\" decoding=\"async\" height=\"173px\"><\/figure>\n<p><\/a><\/div>\n<\/div>\n<\/article>\n<p>Las modificaciones presentadas ut supra al C\u00f3digo Procesal Penal nacen en funci\u00f3n de lo demostrado en la din\u00e1mica y la pr\u00e1ctica procesal desde la implementaci\u00f3n de la ley N\u00b0 12.734. Las leyes penales y las leyes de procedimiento no son normas r\u00edgidas. Su constante evoluci\u00f3n requiere la necesidad e importancia de proponer modificaciones y adecuaciones a las necesidades contempor\u00e1neas, con la finalidad de mejorar la eficiencia y eficacia del sistema penal santafesino.<\/p>\n<p>Es por ello que se impone con esta media sanci\u00f3n la modificaci\u00f3n al segundo p\u00e1rrafo del Art\u00edculo 242 de este cuerpo normativo, teniendo en cuenta la importancia en estimular los tiempos para lograr la utilidad de los bienes objeto de secuestro, dep\u00f3sito, cautela previa o decomiso, como consecuencia de la investigaci\u00f3n de hechos il\u00edcitos que quedan a disposici\u00f3n de la Agencia Provincial de Registro, Administraci\u00f3n y Destino de Bienes y Derechos Patrimoniales, los que muchas veces permanecen paralizados durante un plazo prolongado. En ese sentido, la modificaci\u00f3n del Art\u00edculo 242 abarcar\u00eda a automotores o motocicletas o cualquier otros bienes muebles registrables que durante el lapso de seis meses, permanecieran secuestrados, y sobre los cuales no se hubiera efectuado reclamo por su propietario o persona con leg\u00edtimo derecho sobre los mismos, o en caso de que efectuado el mismo no se hubiera agotado el procedimiento podr\u00e1n ser entregados en calidad de dep\u00f3sito renovable anualmente al Poder Ejecutivo, para que lo utilice en funciones espec\u00edficas de la seguridad, Organismo de Investigaci\u00f3n del Ministerio P\u00fablico de la Acusaci\u00f3n o de los institutos de privaci\u00f3n de libertad, educativos o asistenciales del Estado Provincial, a los que se agregan entes aut\u00e1rquicos, municipalidades y comunas, cuerpos de bomberos voluntarios con personer\u00eda jur\u00eddica y\/o donde lo defina la Agencia Provincial de Registro, Administraci\u00f3n y Destino de Bienes y Derechos Patrimoniales o frente a las solicitudes que efectuaron dichas instituciones u organismos.<\/p>\n<p>Es necesario hacer menci\u00f3n a la circunstancia que radica en el deterioro que sufren dichos bienes con el paso del tiempo, provocando depreciaci\u00f3n y p\u00e9rdida de valor, y que, para recuperar su uso y puesta en funcionamiento es imprescindible la inversi\u00f3n econ\u00f3mica, probablemente evitable.<\/p>\n<p>Calvo manifiesta al respecto \u201cEsta modificaci\u00f3n permite que dichos bienes muebles u automotores puedan asignarse de manera temporal a los mismos atento que, por ejemplo, municipios y comunas realizan en la actualidad tareas de control o prevenci\u00f3n de delitos con guardias municipales o comunales y la necesidad de automotores, motocicletas siendo indispensable para funcionar, por lo que creemos que el ejecutivo provincial puede ampliar la asignaci\u00f3n temporal a los que permite actualmente la ley u otros institutos\u201d.<\/p>\n","protected":false},"excerpt":{"rendered":"<p>En la sesi\u00f3n del jueves 4 de julio el Senado Provincial dio media sanci\u00f3n al proyecto de Alcides Calvo en la que contempla modificaciones a la ley 14.258 del C\u00f3digo Procesal Penal en lo referido al art\u00edculo 242 del mismo. \u201cApunta a permitir que puedan ser asignados a Municipios y Comunas, que cumplen un gran [&hellip;]<\/p>\n","protected":false},"author":1,"featured_media":25313,"comment_status":"closed","ping_status":"closed","sticky":false,"template":"","format":"standard","meta":[],"categories":[15],"tags":[],"_links":{"self":[{"href":"https:\/\/latecordoba.com\/index.php\/wp-json\/wp\/v2\/posts\/25312"}],"collection":[{"href":"https:\/\/latecordoba.com\/index.php\/wp-json\/wp\/v2\/posts"}],"about":[{"href":"https:\/\/latecordoba.com\/index.php\/wp-json\/wp\/v2\/types\/post"}],"author":[{"embeddable":true,"href":"https:\/\/latecordoba.com\/index.php\/wp-json\/wp\/v2\/users\/1"}],"replies":[{"embeddable":true,"href":"https:\/\/latecordoba.com\/index.php\/wp-json\/wp\/v2\/comments?post=25312"}],"version-history":[{"count":0,"href":"https:\/\/latecordoba.com\/index.php\/wp-json\/wp\/v2\/posts\/25312\/revisions"}],"wp:featuredmedia":[{"embeddable":true,"href":"https:\/\/latecordoba.com\/index.php\/wp-json\/wp\/v2\/media\/25313"}],"wp:attachment":[{"href":"https:\/\/latecordoba.com\/index.php\/wp-json\/wp\/v2\/media?parent=25312"}],"wp:term":[{"taxonomy":"category","embeddable":true,"href":"https:\/\/latecordoba.com\/index.php\/wp-json\/wp\/v2\/categories?post=25312"},{"taxonomy":"post_tag","embeddable":true,"href":"https:\/\/latecordoba.com\/index.php\/wp-json\/wp\/v2\/tags?post=25312"}],"curies":[{"name":"wp","href":"https:\/\/api.w.org\/{rel}","templated":true}]}}