{"id":25310,"date":"2024-07-05T00:38:15","date_gmt":"2024-07-05T00:38:15","guid":{"rendered":"http:\/\/574fc46ce140c1ef9a674cbfd75d3f6e"},"modified":"2024-07-05T00:38:15","modified_gmt":"2024-07-05T00:38:15","slug":"tras-el-estallido-del-pro-valenzuela-se-alinea-con-bullrich-y-los-libertarios","status":"publish","type":"post","link":"https:\/\/latecordoba.com\/index.php\/2024\/07\/05\/tras-el-estallido-del-pro-valenzuela-se-alinea-con-bullrich-y-los-libertarios\/","title":{"rendered":"Tras el estallido del PRO, Valenzuela se alinea con Bullrich y los libertarios"},"content":{"rendered":"\n<div class=\"media_block\"><img decoding=\"async\" src=\"http:\/\/latecordoba.com\/wp-content\/uploads\/2024\/07\/tras-el-estallido-del-pro-valenzuela-se-alinea-con-bullrich-y-los-libertarios.jpg\"><\/div>\n<div><img decoding=\"async\" src=\"http:\/\/latecordoba.com\/wp-content\/uploads\/2024\/07\/tras-el-estallido-del-pro-valenzuela-se-alinea-con-bullrich-y-los-libertarios-1.jpg\" class=\"ff-og-image-inserted\"><\/div>\n<p>En medio del <a href=\"https:\/\/www.lapoliticaonline.com\/politica-mx\/exploto-el-pro-patricia-rompio-y-larreta-se-abstuvo-para-aislar-a-macri\/\">cataclismo interno que atraviesa el PRO<\/a> tras la escandalosa asamblea de este jueves, el armado bonaerense alineado a Patricia Bullrich y que encabeza Diego Valenzuela refuerza su alianza con los libertarios y ya tiene en agenda acciones conjuntas.<\/p>\n<p>El intendente de Tres de Febrero mantiene un contacto permanente con Sebasti\u00e1n Pareja, armador designado por Karina Milei en la provincia. <\/p>\n<p>En ese marco, LPO pudo saber que est\u00e1 prevista para la semana que viene en la Legislatura una actividad conjunta de los bloques del PRO que responden a Bullrich y los de La Libertad Avanza, tanto en Diputados como en el Senado.<\/p>\n<p>La intenci\u00f3n ser\u00e1 presentar miradas en com\u00fan en materia de seguridad y econom\u00eda que -aseguran- se plasmar\u00e1n en proyectos futuros en conjunto. <\/p>\n<p>La ruptura del PRO ya se hab\u00eda anticipado en la provincia, luego de la renuncia masiva de consejeros del partido en el plano bonaerense que allan\u00f3 el camino para que Cristian Ritondo asuma la presidencia, terminando anticipadamente con el mandato de la senadora Daniela Reich, esposa de Valenzuela.<\/p>\n<p><a href=\"https:\/\/www.lapoliticaonline.com\/tools\/redirect.php?t=3&amp;i=293723&amp;s=a4cea03227a49f20e03e93ecb1946d2e\" class=\"link-type-content content-type-noticia-ar\">Macri forz\u00f3 el rechazo de la asamblea del PRO a la fusi\u00f3n con La Libertad Avanza<\/a><\/p>\n<p>Ante eso, tanto Reich en el Senado como legisladores cercanos a Bullrich en Diputados conformaron el bloque PRO Libertad. En una escalada incesante de tensi\u00f3n, esa fractura del bloque PRO abri\u00f3 tambi\u00e9n pujas por asientos que el partido ocupa el Consejo de la Magistratura y el Banco Provincia. <\/p>\n<p>Frente a ese panorama, Macri decidi\u00f3 quebrar el acuerdo inicial que le asegur\u00f3 la lista de unidad en el PRO nacional y que implicaba que Bullrich ser\u00eda la presidenta de la asamblea partidaria. <\/p>\n<p>El temor de Mauricio Macri a que la ministra de Seguridad de Milei avance en una fusi\u00f3n con La Libertad Avanza motiv\u00f3 al expresidente a obturar la designaci\u00f3n de Bullrich al frente de ese \u00f3rgano partidario que define la pol\u00edtica de alianzas y coloc\u00f3 a un leal, Mart\u00edn Yeza.<\/p>\n<p class=\"authorquote\">&nbsp;Luego del primer encuentro que ambos sectores mantuvieron en mayo y que gener\u00f3 discordia fuerte con el macrismo, ahora, con la interna del PRO detonada, se acentuar\u00e1n las reuniones conjuntas. La pr\u00f3xima parada ser\u00e1 Bah\u00eda Blanca.&nbsp;<\/p>\n<p>Cerca de Valenzuela no ocultan el malestar por esa movida y definen lo sucedido en la asamblea como una conducta &#8220;autodestructiva&#8221; del partido y aseguran que el expresidente no cumpli\u00f3 con su palabra. <\/p>\n<p>&#8220;Un verdadero partido pol\u00edtico no excluye a un sector, integra a todos y genera debates y pas\u00f3 todo lo contrario&#8221;, se\u00f1alaron. De todos modos, seg\u00fan supo LPO, el intendente de Tres de Febrero seguir\u00e1 integrando el consejo del PRO nacional.<\/p>\n<p>M\u00e1s all\u00e1 de eso, Valenzuela est\u00e1 enfocado en la construcci\u00f3n de una mesa provincial en la que confluyan dirigentes PRO y libertarios. En Tres de Febrero sostienen que el PRO &#8220;no puede ser oposici\u00f3n a Milei&#8221; y aseguran que el partido, con m\u00e1s de 50 funcionarios en el gabinete nacional, est\u00e1 &#8220;totalmente integrado&#8221; al Gobierno. <\/p>\n<p>Por eso, se preguntan: &#8220;\u00bfPor qu\u00e9 no pueden hacer una actividad juntos Patricia y Pareja si son parte del mismo gobierno? Lo insensato ser\u00eda lo contrario&#8221;. <\/p>\n<p class=\"authorquote\">La semana que viene, el PRO alineado a Bullrich y los libertarios que responden a Pareja, se mostrar\u00e1n juntos con perspectivas de presentar proyectos en com\u00fan en materia de Seguridad y Econom\u00eda<\/p>\n<p>Con ese criterio, luego del primer encuentro que ambos sectores mantuvieron en mayo y que gener\u00f3 discordia fuerte con el macrismo, ahora, con la interna del PRO detonada, se acentuar\u00e1n las reuniones conjuntas. La pr\u00f3xima parada ser\u00e1 Bah\u00eda Blanca. <\/p>\n<p>En la Sexta secci\u00f3n (sur bonaerense), Bullrich tiene dos diputados provinciales del bloque PRO Libertad, Fernando Compagnoni y Abigail G\u00f3mez, adem\u00e1s de la exsenadora Nidia Moirano. A la vez, Valenzuela ya mantuvo comunicaci\u00f3n con el excandidato a intendente libertario en Bah\u00eda, Oscar Liberman.<\/p>\n<p>&#8220;Hay que construir un cambio en cada lugar y eso implica unir las dos velocidades del cambio&#8221;, aseguran en Tres de Febrero. <\/p>\n<p>En esa l\u00ednea, se seguir\u00e1n impulsando la creaci\u00f3n de bloques &#8220;PRO Libertad&#8221; en los concejos deliberantes, tal como ya sucedi\u00f3 en La Plata, Escobar, San Pedro y Mor\u00f3n, entre otros. <\/p>\n","protected":false},"excerpt":{"rendered":"\n<div class=\"media_block\"><img decoding=\"async\" src=\"http:\/\/latecordoba.com\/wp-content\/uploads\/2024\/07\/tras-el-estallido-del-pro-valenzuela-se-alinea-con-bullrich-y-los-libertarios.jpg\"><\/div>\n<p>El intendente de Tres de Febrero ya coordina acciones con el libertario Pareja y planea una visita a Bah\u00eda con Bullrich.  <\/p>\n","protected":false},"author":1,"featured_media":25311,"comment_status":"closed","ping_status":"closed","sticky":false,"template":"","format":"standard","meta":[],"categories":[18],"tags":[],"_links":{"self":[{"href":"https:\/\/latecordoba.com\/index.php\/wp-json\/wp\/v2\/posts\/25310"}],"collection":[{"href":"https:\/\/latecordoba.com\/index.php\/wp-json\/wp\/v2\/posts"}],"about":[{"href":"https:\/\/latecordoba.com\/index.php\/wp-json\/wp\/v2\/types\/post"}],"author":[{"embeddable":true,"href":"https:\/\/latecordoba.com\/index.php\/wp-json\/wp\/v2\/users\/1"}],"replies":[{"embeddable":true,"href":"https:\/\/latecordoba.com\/index.php\/wp-json\/wp\/v2\/comments?post=25310"}],"version-history":[{"count":0,"href":"https:\/\/latecordoba.com\/index.php\/wp-json\/wp\/v2\/posts\/25310\/revisions"}],"wp:featuredmedia":[{"embeddable":true,"href":"https:\/\/latecordoba.com\/index.php\/wp-json\/wp\/v2\/media\/25311"}],"wp:attachment":[{"href":"https:\/\/latecordoba.com\/index.php\/wp-json\/wp\/v2\/media?parent=25310"}],"wp:term":[{"taxonomy":"category","embeddable":true,"href":"https:\/\/latecordoba.com\/index.php\/wp-json\/wp\/v2\/categories?post=25310"},{"taxonomy":"post_tag","embeddable":true,"href":"https:\/\/latecordoba.com\/index.php\/wp-json\/wp\/v2\/tags?post=25310"}],"curies":[{"name":"wp","href":"https:\/\/api.w.org\/{rel}","templated":true}]}}