{"id":25308,"date":"2024-07-05T00:38:49","date_gmt":"2024-07-05T00:38:49","guid":{"rendered":"https:\/\/viapais.com.ar\/cordoba\/suspendieron-el-boleto-educativo-gratuito-en-cordoba-cuando-volvera-a-activarse\/"},"modified":"2024-07-05T00:38:49","modified_gmt":"2024-07-05T00:38:49","slug":"suspendieron-el-boleto-educativo-gratuito-en-cordoba-cuando-volvera-a-activarse","status":"publish","type":"post","link":"https:\/\/latecordoba.com\/index.php\/2024\/07\/05\/suspendieron-el-boleto-educativo-gratuito-en-cordoba-cuando-volvera-a-activarse\/","title":{"rendered":"Suspendieron el Boleto Educativo Gratuito en C\u00f3rdoba: cu\u00e1ndo volver\u00e1 a activarse"},"content":{"rendered":"<br \/>\n<section readability=\"28.109756097561\">\n<p>El <a href=\"https:\/\/viapais.com.ar\/cordoba\/abrio-la-inscripcion-para-el-boleto-educativo-gratuito-en-cordoba-como-se-hace\/\" target=\"_blank\" rel=\"noopener\"><b>Boleto Educativo Gratuito (BEG)<\/b><\/a><b> qued\u00f3 suspendido <\/b>durante el<b> <\/b><a href=\"https:\/\/viapais.com.ar\/cordoba\/vacaciones-de-invierno-2024-en-cordoba-cuando-empieza-el-receso-escolar\/\" target=\"_blank\" rel=\"noopener\">receso escolar de invierno<\/a>. As\u00ed lo confirm\u00f3 la Secretar\u00eda de Transporte del Gobierno de C\u00f3rdoba y precis\u00f3 que los estudiante<b> no podr\u00e1n usar el beneficio desde el pr\u00f3ximo lunes.<\/b><\/p>\n<article class=\"article card\">\n<div class=\"article-inner \">\n<div class=\"article-image \"><a href=\"https:\/\/viapais.com.ar\/cordoba\/vacaciones-de-invierno-2024-en-cordoba-cuando-empieza-el-receso-escolar\/\" title=\"Vacaciones de invierno en C\u00f3rdoba. (Ramiro Pereyra\/La Voz)\"><\/p>\n<figure><img alt=\"Vacaciones de invierno en C\u00f3rdoba. (Ramiro Pereyra\/La Voz)\" class=\" block \" src=\"http:\/\/latecordoba.com\/wp-content\/uploads\/2024\/07\/suspendieron-el-boleto-educativo-gratuito-en-cordoba-cuando-volvera-a-activarse.jpg\" sizes=\"auto\" loading=\"lazy\" data-src=\"http:\/\/latecordoba.com\/wp-content\/uploads\/2024\/07\/suspendieron-el-boleto-educativo-gratuito-en-cordoba-cuando-volvera-a-activarse.jpg\" width=\"307px\" fetchpriority=\"low\" decoding=\"async\" height=\"173px\"><\/figure>\n<p><\/a><\/div>\n<\/div>\n<\/article>\n<p>El <b>per\u00edodo de suspensi\u00f3n contempla desde el 8 al 19 de julio<\/b> para todos los niveles: inicial, primario, secundario, superior y universitario. Una vez finalizadas las vacaciones de julio, el beneficio se habilitar\u00e1 para utilizarse con normalidad.<\/p>\n<h2 class><b>ATENCI\u00d3N PRESENCIAL DE LA SECRETAR\u00cdA DE TRANSPORTE DE C\u00d3RDOBA<\/b><\/h2>\n<p>Por otra parte, desde la cartera provincial informaron que la <b>atenci\u00f3n presencial<\/b> durante las semanas del receso invernal se mantendr\u00e1 de <b>lunes a viernes, de 8 a 18 horas<\/b>, y para consultas estar\u00e1 disponible el n\u00famero de WhatsApp 3512010651 en el mismo horario.<\/p>\n<p>Asimismo, se\u00f1alaron que aquellas personas que todav\u00eda no gestionaron su BEG por primera vez o deseen renovarlo, <b>pueden realizar la gesti\u00f3n durante todo el a\u00f1o a trav\u00e9s del Formulario \u00danico de Postulantes<\/b> que se encuentra en la plataforma Ciudadano Digital.<\/p>\n<h2 class><b>BEG: c\u00f3mo es el tr\u00e1mite para obtenerlo o renovarlo<\/b><\/h2>\n<ul>\n<li><span>Para hacer el tr\u00e1mite por primera vez o renovar el beneficio, se debe ingresar a <a href=\"http:\/\/cidi.cba.gov.ar\/\" target=\"_blank\" rel=\"noopener\">cidi.cba.gov.ar<\/a>, escribir en el buscador <b>\u201cFormulario \u00danico de Postulantes\u201d<\/b> y buscar la opci\u00f3n <b>\u201cBoleto Educativo Gratuito\u201d<\/b>. Es requisito tener cuenta CiDi nivel 2 y estar matriculado en el ciclo lectivo 2023.<\/span><\/li>\n<li><span>Una vez seleccionada la opci\u00f3n correspondiente, se deber\u00e1 <b>completar el formulario<\/b> con domicilio y datos de quien se desea inscribir. Y, en el caso de no contar con una l\u00ednea directa hacia el establecimiento educativo, aclararlo dentro de la secci\u00f3n \u201cTrasbordo\u201d.<\/span><\/li>\n<li><span>Finalizado el tr\u00e1mite, la persona recibir\u00e1 una <b>notificaci\u00f3n en Ciudadano Digital<\/b> confirmando la inscripci\u00f3n y luego un correo con indicaciones sobre c\u00f3mo proceder en cada caso.<\/span><\/li>\n<li><span>En el caso de una renovaci\u00f3n, el mensaje le indicar\u00e1 si se hace autom\u00e1ticamente al utilizar el colectivo o si deber\u00e1 finalizarlo presencialmente en el puesto de atenci\u00f3n indicado. Si el <b>tr\u00e1mite es por primera vez<\/b>, la persona <b>deber\u00e1 retirar la tarjeta en la Secretar\u00eda de Transporte<\/b>.<\/span><\/li>\n<\/ul>\n<article class=\"article card\">\n<div class=\"article-inner \">\n<div class=\"article-image \"><a href=\"https:\/\/viapais.com.ar\/cordoba\/transporte-cordoba-coniferal-suma-un-nuevo-corredor-de-colectivos-que-pertenecia-a-ersa\/\" title=\"Coniferal\"><\/p>\n<figure><img alt=\"Coniferal\" class=\" block \" src=\"http:\/\/latecordoba.com\/wp-content\/uploads\/2024\/07\/suspendieron-el-boleto-educativo-gratuito-en-cordoba-cuando-volvera-a-activarse-1.jpg\" sizes=\"auto\" loading=\"lazy\" data-src=\"http:\/\/latecordoba.com\/wp-content\/uploads\/2024\/07\/suspendieron-el-boleto-educativo-gratuito-en-cordoba-cuando-volvera-a-activarse-1.jpg\" width=\"307px\" fetchpriority=\"low\" decoding=\"async\" height=\"173px\"><\/figure>\n<p><\/a><\/div>\n<\/div>\n<\/article>\n<p>En caso de<b> robo, p\u00e9rdida o rotura de la tarjeta<\/b>, el beneficiario deber\u00e1 dirigirse a la <b>empresa de transporte con el pl\u00e1stico o con la exposici\u00f3n<\/b> por extrav\u00edo emitida por una dependencia policial.<\/p>\n<\/section>\n<div class=\"story-tags noreadme-audima\">\n<h3>Temas Relacionados<\/h3>\n<\/div>\n","protected":false},"excerpt":{"rendered":"<p>El Boleto Educativo Gratuito (BEG) qued\u00f3 suspendido durante el receso escolar de invierno. As\u00ed lo confirm\u00f3 la Secretar\u00eda de Transporte del Gobierno de C\u00f3rdoba y precis\u00f3 que los estudiante no podr\u00e1n usar el beneficio desde el pr\u00f3ximo lunes. El per\u00edodo de suspensi\u00f3n contempla desde el 8 al 19 de julio para todos los niveles: inicial, [&hellip;]<\/p>\n","protected":false},"author":1,"featured_media":25309,"comment_status":"closed","ping_status":"closed","sticky":false,"template":"","format":"standard","meta":[],"categories":[15],"tags":[],"_links":{"self":[{"href":"https:\/\/latecordoba.com\/index.php\/wp-json\/wp\/v2\/posts\/25308"}],"collection":[{"href":"https:\/\/latecordoba.com\/index.php\/wp-json\/wp\/v2\/posts"}],"about":[{"href":"https:\/\/latecordoba.com\/index.php\/wp-json\/wp\/v2\/types\/post"}],"author":[{"embeddable":true,"href":"https:\/\/latecordoba.com\/index.php\/wp-json\/wp\/v2\/users\/1"}],"replies":[{"embeddable":true,"href":"https:\/\/latecordoba.com\/index.php\/wp-json\/wp\/v2\/comments?post=25308"}],"version-history":[{"count":0,"href":"https:\/\/latecordoba.com\/index.php\/wp-json\/wp\/v2\/posts\/25308\/revisions"}],"wp:featuredmedia":[{"embeddable":true,"href":"https:\/\/latecordoba.com\/index.php\/wp-json\/wp\/v2\/media\/25309"}],"wp:attachment":[{"href":"https:\/\/latecordoba.com\/index.php\/wp-json\/wp\/v2\/media?parent=25308"}],"wp:term":[{"taxonomy":"category","embeddable":true,"href":"https:\/\/latecordoba.com\/index.php\/wp-json\/wp\/v2\/categories?post=25308"},{"taxonomy":"post_tag","embeddable":true,"href":"https:\/\/latecordoba.com\/index.php\/wp-json\/wp\/v2\/tags?post=25308"}],"curies":[{"name":"wp","href":"https:\/\/api.w.org\/{rel}","templated":true}]}}