{"id":24286,"date":"2024-06-05T15:17:42","date_gmt":"2024-06-05T15:17:42","guid":{"rendered":"https:\/\/www.radiourbanasf.com.ar\/?p=19163"},"modified":"2024-06-05T15:17:42","modified_gmt":"2024-06-05T15:17:42","slug":"septima-fecha-del-llenate-el-mate-de-rock","status":"publish","type":"post","link":"https:\/\/latecordoba.com\/index.php\/2024\/06\/05\/septima-fecha-del-llenate-el-mate-de-rock\/","title":{"rendered":"S\u00e9ptima fecha del \u201cLlenate el mate de rock\u201d"},"content":{"rendered":"<p> <head><br \/>\n<meta charset=\"UTF-8\">\n<link rel=\"profile\" href=\"http:\/\/gmpg.org\/xfn\/11\">\n<link rel=\"pingback\" href=\"http:\/\/www.radiourbanasf.com.ar\/xmlrpc.php\">\n<title>S\u00e9ptima fecha del \u201cLlenate el mate de rock\u201d \u2013 Urbana Rock 100.9<\/title><br \/>\n<meta property=\"og:title\" content=\"S\u00e9ptima fecha del \u201cLlenate el mate de rock\u201d\"><br \/>\n<meta property=\"og:type\" content=\"article\"><br \/>\n<meta property=\"og:description\" content=\"Este domingo 9 de junio, desde las 16 hs, la Plazoleta Villafa\u00f1e ser\u00e1 escenario una vez m\u00e1s de este ...\"><br \/>\n<meta property=\"og:url\" content=\"http:\/\/www.radiourbanasf.com.ar\/noticias\/septima-fecha-del-llenate-el-mate-de-rock\/\"><br \/>\n<meta property=\"og:site_name\" content=\"Urbana Rock 100.9\"><br \/>\n<meta property=\"og:image\" content=\"http:\/\/latecordoba.com\/wp-content\/uploads\/2024\/06\/septima-fecha-del-llenate-el-mate-de-rock.jpg\"><br \/>\n<meta name=\"robots\" content=\"max-image-preview:large\">\n<link rel=\"dns-prefetch\" href=\"\/\/fonts.googleapis.com\">\n<link rel=\"dns-prefetch\" href=\"\/\/s.w.org\">\n<link rel=\"alternate\" type=\"application\/rss+xml\" title=\"Urbana Rock 100.9 \u00bb Feed\" href=\"http:\/\/www.radiourbanasf.com.ar\/feed\/\">\n<link rel=\"alternate\" type=\"application\/rss+xml\" title=\"Urbana Rock 100.9 \u00bb Feed de los comentarios\" href=\"http:\/\/www.radiourbanasf.com.ar\/comments\/feed\/\">\n<link rel=\"alternate\" type=\"application\/rss+xml\" title=\"Urbana Rock 100.9 \u00bb Comentario S\u00e9ptima fecha del \u201cLlenate el mate de rock\u201d del feed\" href=\"http:\/\/www.radiourbanasf.com.ar\/noticias\/septima-fecha-del-llenate-el-mate-de-rock\/feed\/\"> <link rel=\"stylesheet\" id=\"wp-block-library-css\" href=\"http:\/\/www.radiourbanasf.com.ar\/wp-includes\/css\/dist\/block-library\/style.min.css\" type=\"text\/css\" media=\"all\">\n<link rel=\"stylesheet\" id=\"contact-form-7-css\" href=\"http:\/\/www.radiourbanasf.com.ar\/wp-content\/plugins\/contact-form-7\/includes\/css\/styles.css\" type=\"text\/css\" media=\"all\">\n<link rel=\"stylesheet\" id=\"wabtn-style-css\" href=\"http:\/\/www.radiourbanasf.com.ar\/wp-content\/plugins\/whatsapp\/style.css\" type=\"text\/css\" media=\"all\">\n<link rel=\"stylesheet\" id=\"tie-style-css\" href=\"http:\/\/www.radiourbanasf.com.ar\/wp-content\/themes\/questreamingnew\/style.css\" type=\"text\/css\" media=\"all\">\n<link rel=\"stylesheet\" id=\"tie-ilightbox-skin-css\" href=\"http:\/\/www.radiourbanasf.com.ar\/wp-content\/themes\/questreamingnew\/css\/ilightbox\/dark-skin\/skin.css\" type=\"text\/css\" media=\"all\">\n<link rel=\"stylesheet\" id=\"Droid+Sans-css\" href=\"https:\/\/fonts.googleapis.com\/css?family=Droid+Sans%3Aregular%2C700\" type=\"text\/css\" media=\"all\"> <link rel=\"https:\/\/api.w.org\/\" href=\"http:\/\/www.radiourbanasf.com.ar\/wp-json\/\"><link rel=\"alternate\" type=\"application\/json\" href=\"http:\/\/www.radiourbanasf.com.ar\/wp-json\/wp\/v2\/posts\/19163\"><link rel=\"EditURI\" type=\"application\/rsd+xml\" title=\"RSD\" href=\"http:\/\/www.radiourbanasf.com.ar\/xmlrpc.php?rsd\">\n<link rel=\"wlwmanifest\" type=\"application\/wlwmanifest+xml\" href=\"http:\/\/www.radiourbanasf.com.ar\/wp-includes\/wlwmanifest.xml\"> <meta name=\"generator\" content=\"WordPress 5.8.2\">\n<link rel=\"canonical\" href=\"http:\/\/www.radiourbanasf.com.ar\/noticias\/septima-fecha-del-llenate-el-mate-de-rock\/\">\n<link rel=\"shortlink\" href=\"http:\/\/www.radiourbanasf.com.ar\/?p=19163\">\n<link rel=\"alternate\" type=\"application\/json+oembed\" href=\"http:\/\/www.radiourbanasf.com.ar\/wp-json\/oembed\/1.0\/embed?url=http%3A%2F%2Fwww.radiourbanasf.com.ar%2Fnoticias%2Fseptima-fecha-del-llenate-el-mate-de-rock%2F\">\n<link rel=\"alternate\" type=\"text\/xml+oembed\" href=\"http:\/\/www.radiourbanasf.com.ar\/wp-json\/oembed\/1.0\/embed?url=http%3A%2F%2Fwww.radiourbanasf.com.ar%2Fnoticias%2Fseptima-fecha-del-llenate-el-mate-de-rock%2F&amp;format=xml\">\n<!-- JoeMobi (http:\/\/joemobi.com) v:2.10 --><link rel=\"shortcut icon\" href=\"https:\/\/www.radioestacion.com.ar\/wp-content\/uploads\/2024\/02\/logourbana.webp\" title=\"Favicon\"> <!--[if IE]>\n<script type=\"text\/javascript\">jQuery(document).ready(function (){ jQuery(\".menu-item\").has(\"ul\").children(\"a\").attr(\"aria-haspopup\", \"true\");});<\/script>\n<![endif]--> <!--[if lt IE 9]>\n<script src=\"http:\/\/www.radiourbanasf.com.ar\/wp-content\/themes\/questreamingnew\/js\/html5.js\"><\/script>\n<script src=\"http:\/\/www.radiourbanasf.com.ar\/wp-content\/themes\/questreamingnew\/js\/selectivizr-min.js\"><\/script>\n<![endif]--><br \/>\n<!--[if IE 9]>\n<link rel=\"stylesheet\" type=\"text\/css\" media=\"all\" href=\"http:\/\/www.radiourbanasf.com.ar\/wp-content\/themes\/questreamingnew\/css\/ie9.css\" \/>\n<![endif]--><br \/>\n<!--[if IE 8]>\n<link rel=\"stylesheet\" type=\"text\/css\" media=\"all\" href=\"http:\/\/www.radiourbanasf.com.ar\/wp-content\/themes\/questreamingnew\/css\/ie8.css\" \/>\n<![endif]--><br \/>\n<!--[if IE 7]>\n<link rel=\"stylesheet\" type=\"text\/css\" media=\"all\" href=\"http:\/\/www.radiourbanasf.com.ar\/wp-content\/themes\/questreamingnew\/css\/ie7.css\" \/>\n<![endif]--> <meta name=\"viewport\" content=\"width=device-width, initial-scale=1.0\"> <!-- Google Analytics Tracking by Google Analyticator 6.5.4: http:\/\/www.videousermanuals.com\/google-analyticator\/ --> <\/head><body id=\"readabilityBody\" class=\"post-template-default single single-post postid-19163 single-format-standard lazy-enabled\"> <\/p>\n<div class=\"wrapper-outer\">\n<aside id=\"slide-out\"> <!-- .search-mobile \/--> <\/aside>\n<p><!-- #slide-out \/--> <\/p>\n<div id=\"wrapper\" class=\"boxed\">\n<div class=\"inner-wrapper\"> <!-- #header \/--> <\/p>\n<div id=\"breaking-news\" class=\"breaking-news\"> <span class=\"breaking-news-title\"><i class=\"fa fa-bolt\"><\/i> <span>Ultimas Noticias<\/span><\/span> <\/div>\n<p> <!-- .breaking-news --> <\/p>\n<div id=\"main-content\" class=\"container\">\n<div class=\"content\">\n<div id=\"crumbs\" xmlns:v=\"http:\/\/rdf.data-vocabulary.org\/#\"><span typeof=\"v:Breadcrumb\"><a rel=\"v:url\" property=\"v:title\" class=\"crumbs-home\" href=\"http:\/\/www.radiourbanasf.com.ar\">Home<\/a><\/span> <span class=\"delimiter\">\/<\/span> <span typeof=\"v:Breadcrumb\"><a rel=\"v:url\" property=\"v:title\" href=\"http:\/\/www.radiourbanasf.com.ar\/category\/noticias\/\">Noticias<\/a><\/span> <span class=\"delimiter\">\/<\/span> <span class=\"current\">S\u00e9ptima fecha del \u201cLlenate el mate de rock\u201d<\/span><\/div>\n<article class=\"post-listing post-19163 post type-post status-publish format-standard has-post-thumbnail hentry category-noticias\" id=\"the-post\">\n<div class=\"single-post-thumb\"> <img decoding=\"async\" width=\"660\" height=\"330\" src=\"http:\/\/latecordoba.com\/wp-content\/uploads\/2024\/06\/septima-fecha-del-llenate-el-mate-de-rock.jpg\" class=\"attachment-slider size-slider wp-post-image\" alt loading=\"lazy\"> <\/div>\n<div class=\"post-inner\">\n<p class=\"post-meta\"> <span class=\"tie-date\"><i class=\"fa fa-clock-o\"><\/i>1 d\u00eda ago<\/span> <span class=\"post-cats\"><i class=\"fa fa-folder\"><\/i><a href=\"http:\/\/www.radiourbanasf.com.ar\/category\/noticias\/\" rel=\"category tag\">Noticias<\/a><\/span> <\/p>\n<div class=\"entry\"> <!-- .share-post --> <!-- WhatsApp Share Button for WordPress: http:\/\/peadig.com\/wordpress-plugins\/whatsapp-share-button\/ --><\/p>\n<h3>Este domingo 9 de junio, desde las 16 hs, la Plazoleta Villafa\u00f1e ser\u00e1 escenario una vez m\u00e1s de este ciclo que congrega a las bandas locales de rock y a los amantes del g\u00e9nero, el cual desde hace 14 a\u00f1os se ha consolidado como uno de los eventos anuales de la ciudad.<\/h3>\n<h3>Las bandas que participar\u00e1n en esta fecha ser\u00e1n Perro Cacique, Primer Piso, Venera y Duplex .<\/h3>\n<h3>Recordamos que en, en caso de mal tiempo, el evento se desarrollar\u00e1 en el Complejo Ibiza, en el horario programado.<\/h3>\n<p><a href=\"http:\/\/latecordoba.com\/wp-content\/uploads\/2024\/06\/septima-fecha-del-llenate-el-mate-de-rock-1.jpg\"><img decoding=\"async\" loading=\"lazy\" class=\"alignnone size-full wp-image-19164\" src=\"http:\/\/latecordoba.com\/wp-content\/uploads\/2024\/06\/septima-fecha-del-llenate-el-mate-de-rock-1.jpg\" alt width=\"1080\" height=\"1350\" srcset=\"http:\/\/latecordoba.com\/wp-content\/uploads\/2024\/06\/septima-fecha-del-llenate-el-mate-de-rock-1.jpg 1080w, http:\/\/latecordoba.com\/wp-content\/uploads\/2024\/06\/septima-fecha-del-llenate-el-mate-de-rock-3.jpg 240w, http:\/\/latecordoba.com\/wp-content\/uploads\/2024\/06\/septima-fecha-del-llenate-el-mate-de-rock-4.jpg 819w, http:\/\/www.radiourbanasf.com.ar\/wp-content\/uploads\/2024\/06\/LLENATE-EL-MATE-DE-ROCK-768x960.jpg 768w\" sizes=\"(max-width: 1080px) 100vw, 1080px\"><\/a><\/p>\n<p><!-- WhatsApp Share Button for WordPress: http:\/\/peadig.com\/wordpress-plugins\/whatsapp-share-button\/ --> <\/div>\n<p><!-- .entry \/--> <!-- .share-post --> <\/div>\n<p><!-- .post-inner --> <\/article>\n<p><!-- .post-listing --> <\/p>\n<div class=\"e3lan e3lan-post\"> <a href=\"http:\/\/www.camisalud.com.ar\" target=\"_blank\" rel=\"noopener\"><img decoding=\"async\" loading=\"lazy\" src=\"http:\/\/www.radioestacion.com.ar\/wp-content\/uploads\/2017\/03\/Radio-Estaci\u00f3n-Cami-Salud.gif\" width=\"600\" height=\"90\" alt=\"link\"> <\/a><\/div>\n<div class=\"post-navigation\">\n<div class=\"post-previous\"><a href=\"http:\/\/www.radiourbanasf.com.ar\/noticias\/gordo-nicki-nicole-y-sech-lanzan-un-single\/\" rel=\"prev\"><span>Previous<\/span> Gordo, Nicki Nicole y Sech lanzan un single<\/a><\/div>\n<div class=\"post-next\"><a href=\"http:\/\/www.radiourbanasf.com.ar\/noticias\/indios-presenta-su-nuevo-single\/\" rel=\"next\"><span>Next<\/span> Indios presenta su nuevo single.<\/a><\/div>\n<\/p><\/div>\n<p><!-- .post-navigation --> <!-- Script que adiciona Coment\u00e1rios do Facebook --> <\/p>\n<h3>QUE TE PARECI\u00d3 LA NOTICIA<\/h3>\n<p><!-- Script de Coment\u00e1rios do Facebook --> <fb:comments href=\"http:\/\/www.radiourbanasf.com.ar\/?p=19163\" width=\"100%\"> <\/fb:comments> <\/div>\n<p><!-- .content --><br \/>\n<!-- #sidebar \/--> <\/div>\n<p><!-- .container \/--> <!-- .Footer \/--> <!-- .Footer bottom --> <\/div>\n<p><!-- .inner-Wrapper -->\n<\/div>\n<p><!-- #Wrapper -->\n<\/div>\n<p><!-- .Wrapper-outer --> <\/body><\/p>\n","protected":false},"excerpt":{"rendered":"\n<div style=\"float:right;margin:0 0 20px 20px;\"><img decoding=\"async\" width=\"150\" height=\"150\" src=\"http:\/\/latecordoba.com\/wp-content\/uploads\/2024\/06\/septima-fecha-del-llenate-el-mate-de-rock-2.jpg\" class=\"attachment-thumbnail size-thumbnail wp-post-image\" alt=\"\" loading=\"lazy\" \/><\/div>\n<p>Este domingo 9 de junio, desde las 16 hs, la Plazoleta Villafa\u00f1e ser\u00e1 escenario una vez m\u00e1s de este ciclo que congrega a las bandas locales de rock y a los amantes del g\u00e9nero, el cual desde hace 14 a\u00f1os se ha consolidado como uno de los eventos anuales de la ciudad. Las bandas que &#8230;  <\/p>\n","protected":false},"author":1,"featured_media":24287,"comment_status":"closed","ping_status":"closed","sticky":false,"template":"","format":"standard","meta":[],"categories":[20],"tags":[],"_links":{"self":[{"href":"https:\/\/latecordoba.com\/index.php\/wp-json\/wp\/v2\/posts\/24286"}],"collection":[{"href":"https:\/\/latecordoba.com\/index.php\/wp-json\/wp\/v2\/posts"}],"about":[{"href":"https:\/\/latecordoba.com\/index.php\/wp-json\/wp\/v2\/types\/post"}],"author":[{"embeddable":true,"href":"https:\/\/latecordoba.com\/index.php\/wp-json\/wp\/v2\/users\/1"}],"replies":[{"embeddable":true,"href":"https:\/\/latecordoba.com\/index.php\/wp-json\/wp\/v2\/comments?post=24286"}],"version-history":[{"count":0,"href":"https:\/\/latecordoba.com\/index.php\/wp-json\/wp\/v2\/posts\/24286\/revisions"}],"wp:featuredmedia":[{"embeddable":true,"href":"https:\/\/latecordoba.com\/index.php\/wp-json\/wp\/v2\/media\/24287"}],"wp:attachment":[{"href":"https:\/\/latecordoba.com\/index.php\/wp-json\/wp\/v2\/media?parent=24286"}],"wp:term":[{"taxonomy":"category","embeddable":true,"href":"https:\/\/latecordoba.com\/index.php\/wp-json\/wp\/v2\/categories?post=24286"},{"taxonomy":"post_tag","embeddable":true,"href":"https:\/\/latecordoba.com\/index.php\/wp-json\/wp\/v2\/tags?post=24286"}],"curies":[{"name":"wp","href":"https:\/\/api.w.org\/{rel}","templated":true}]}}