{"id":24284,"date":"2024-06-05T13:23:29","date_gmt":"2024-06-05T13:23:29","guid":{"rendered":"https:\/\/radioritmo.com.ar\/?p=17416"},"modified":"2024-06-05T13:23:29","modified_gmt":"2024-06-05T13:23:29","slug":"sabroso-brillo-con-un-show-exclusivo-en-la-segunda-noche-del-cuarteteando-en-el-comedia","status":"publish","type":"post","link":"https:\/\/latecordoba.com\/index.php\/2024\/06\/05\/sabroso-brillo-con-un-show-exclusivo-en-la-segunda-noche-del-cuarteteando-en-el-comedia\/","title":{"rendered":"Sabroso brill\u00f3 con un show exclusivo en la segunda noche del \u201cCuarteteando en el Comedia\u201d"},"content":{"rendered":"\n<div><img decoding=\"async\" src=\"http:\/\/latecordoba.com\/wp-content\/uploads\/2024\/06\/sabroso-brillo-con-un-show-exclusivo-en-la-segunda-noche-del-cuarteteando-en-el-comedia.jpg\" class=\"ff-og-image-inserted\"><\/div>\n<p class=\"post-meta\"> <span class=\"tie-date\"><i class=\"fa fa-clock-o\"><\/i>13 horas ago<\/span> <span class=\"post-cats\"><i class=\"fa fa-folder\"><\/i><a href=\"https:\/\/radioritmo.com.ar\/category\/noticias\/\" rel=\"category tag\">noticias<\/a><\/span> <\/p>\n<p><h2 class=\"article__dropline\">La banda liderada por Wally Mercado y Ever Gonzalo brind\u00f3 un espect\u00e1culo de alto nivel para homenajear el folklore cordob\u00e9s en el d\u00eda de su aniversario n\u00famero 81.<\/h2>\n<h3><b>Sabroso&nbsp;<\/b>celebr\u00f3 el&nbsp;<b>D\u00eda del Cuarteto<\/b>&nbsp;con un show exclusivo desde uno de los escenarios m\u00e1s emblem\u00e1ticos de C\u00f3rdoba capital. En la segunda noche del&nbsp;<b>\u201cCuarteteando en el Comedia\u201d<\/b>, evento organizado por la&nbsp;<b>Subsecretar\u00eda de Cultura&nbsp;<\/b>para homenajear el aniversario n\u00famero 81 del tunga tunga, la banda liderada por&nbsp;<b>Wally Mercado<\/b>&nbsp;y&nbsp;<b>Ever Gonzalo<\/b>&nbsp;llenaron de fiesta con grandes \u00e9xitos de su carrera.<\/h3>\n<h3>Adem\u00e1s del p\u00fablico que se hizo presente en el m\u00edtico teatro, la gente acompa\u00f1\u00f3 el espect\u00e1culo a trav\u00e9s de YouTube y por Radio.<\/h3>\n<h3><b>Marcelo Settembrini<\/b>, uno de los due\u00f1os de la banda junto con \u201cTuta Garc\u00eda\u201d, tom\u00f3 la palabra para resaltar el espect\u00e1culo brindado ya que fueron temas<b>&nbsp;lentos reversionados al cuarteto<\/b>. Como si fuera poco,<b>&nbsp;las canciones sonaron al ritmo del bajo, piano y acorde\u00f3n<\/b>, bien de los or\u00edgenes del cuarteto. Los artistas contaron que fue la segunda vez que realizaron este formato. La primera se dio en una presentaci\u00f3n en Villa Retiro.<\/h3>\n<h3>Wally Y Ever aprovecharon el di\u00e1logo con&nbsp;<b>Cristian Baz\u00e1n<\/b> para recordar sus primeros trabajos, lejos de la m\u00fasica. Por el lado del \u201cZorzal\u201d, comparti\u00f3 su pasado como empleado de una carpinter\u00eda, ayudante de cocina y hasta alba\u00f1il. El conductor <b>&nbsp;<\/b>aprovech\u00f3 para \u201cponerlo a prueba\u201d sobre sus conocimientos en la construcci\u00f3n y lo \u201capur\u00f3\u201d para dar el porcentaje de la mezcla. \u201c4 de arena, 2 de cemento y 1 de agua\u201d, lanz\u00f3 Mercado, generando risas y aplausos entre los presentes.<\/h3>\n<h3 class=\"paragraph\">Por el lado del cantante nacido en Santa Fe, cont\u00f3 que sus inicios laborales se dieron junto a sus padres, quienes le inculcaron los conocimientos del rubro de panader\u00eda y bicicleter\u00eda.<\/h3>\n<h3 class=\"paragraph\">Sabroso celebr\u00f3 los 81 a\u00f1os del cuarteto con un show espectacular desde el Teatro Comedia. Grandes canciones de su repertorio sonaron desde las tablas del recinto que se prepara para continuar con espect\u00e1culos de primer nivel que ya tuvo como protagonista a Magui Olave, quien fue la encargada de dar el puntapi\u00e9 de esta iniciativa.<\/h3>\n<h3 class=\"paragraph\">A lo largo de la semana tambi\u00e9n estar\u00e1n presentes artistas locales como el&nbsp;<b>Fernando Bladys<\/b><i>&nbsp;<\/i><span>y la fiesta culminar\u00e1 con un cierre estelar a cargo de&nbsp;<\/span><i><b>La Barra<\/b><\/i><span>. La iniciativa est\u00e1 enmarcada en el D\u00eda del Cuarteto que se celebra cada 4 de junio con el fin de rememorar el ritmo que naci\u00f3 como s\u00edmbolo de la apropiaci\u00f3n popular y masiva, y que hoy en d\u00eda que nos define y une.<\/span><\/h3>\n<h3 class=\"paragraph\">Las&nbsp;<b>entradas para asistir al Teatro Comedia son g<\/b><b>ratuitas<\/b><span> pero limitadas con retiro anticipado por boleter\u00eda desde las 16 hasta agotar capacidad de sala.&nbsp;<\/span><\/h3>\n<\/p>\n<p><!-- .entry \/--> <!-- .share-post -->  <\/p>\n","protected":false},"excerpt":{"rendered":"<p> La banda liderada por Wally Mercado y Ever Gonzalo brind\u00f3 un espect\u00e1culo de alto nivel para homenajear el folklore cordob\u00e9s en el d\u00eda de su aniversario n\u00famero 81. Sabroso\u00a0celebr\u00f3 el\u00a0D\u00eda del Cuarteto\u00a0con un show exclusivo desde uno de los escenarios m\u00e1s emblem\u00e1ticos de C\u00f3rdoba capital. En la segunda noche del\u00a0\u201cCuarteteando en el Comedia\u201d, evento organizado &#8230;  <\/p>\n","protected":false},"author":1,"featured_media":24285,"comment_status":"closed","ping_status":"closed","sticky":false,"template":"","format":"standard","meta":[],"categories":[20],"tags":[],"_links":{"self":[{"href":"https:\/\/latecordoba.com\/index.php\/wp-json\/wp\/v2\/posts\/24284"}],"collection":[{"href":"https:\/\/latecordoba.com\/index.php\/wp-json\/wp\/v2\/posts"}],"about":[{"href":"https:\/\/latecordoba.com\/index.php\/wp-json\/wp\/v2\/types\/post"}],"author":[{"embeddable":true,"href":"https:\/\/latecordoba.com\/index.php\/wp-json\/wp\/v2\/users\/1"}],"replies":[{"embeddable":true,"href":"https:\/\/latecordoba.com\/index.php\/wp-json\/wp\/v2\/comments?post=24284"}],"version-history":[{"count":0,"href":"https:\/\/latecordoba.com\/index.php\/wp-json\/wp\/v2\/posts\/24284\/revisions"}],"wp:featuredmedia":[{"embeddable":true,"href":"https:\/\/latecordoba.com\/index.php\/wp-json\/wp\/v2\/media\/24285"}],"wp:attachment":[{"href":"https:\/\/latecordoba.com\/index.php\/wp-json\/wp\/v2\/media?parent=24284"}],"wp:term":[{"taxonomy":"category","embeddable":true,"href":"https:\/\/latecordoba.com\/index.php\/wp-json\/wp\/v2\/categories?post=24284"},{"taxonomy":"post_tag","embeddable":true,"href":"https:\/\/latecordoba.com\/index.php\/wp-json\/wp\/v2\/tags?post=24284"}],"curies":[{"name":"wp","href":"https:\/\/api.w.org\/{rel}","templated":true}]}}