{"id":24272,"date":"2024-06-05T22:36:28","date_gmt":"2024-06-05T22:36:28","guid":{"rendered":"https:\/\/viapais.com.ar\/cordoba\/de-cantar-en-su-pueblo-a-escribir-temas-para-reconocidos-cuarteteros-quien-es-el-vecino\/"},"modified":"2024-06-05T22:36:28","modified_gmt":"2024-06-05T22:36:28","slug":"de-cantar-en-su-pueblo-a-escribir-temas-para-reconocidos-cuarteteros-quien-es-el-vecino","status":"publish","type":"post","link":"https:\/\/latecordoba.com\/index.php\/2024\/06\/05\/de-cantar-en-su-pueblo-a-escribir-temas-para-reconocidos-cuarteteros-quien-es-el-vecino\/","title":{"rendered":"De cantar en su pueblo a escribir temas para reconocidos cuarteteros: qui\u00e9n es El Vecino"},"content":{"rendered":"\n<p>Tras ser el <b>telonero de <\/b><a href=\"https:\/\/viapais.com.ar\/cordoba\/luck-ra-se-tomo-un-avion-y-tuvo-que-ser-evacuado-por-una-amenaza-de-bomba\/\" target=\"_blank\" rel=\"noopener\"><b>Luck Ra<\/b><\/a><b> <\/b>durante su gira nacional, <b>El Vecino<\/b> se posiciona como <b>uno de los <\/b><a href=\"https:\/\/viapais.com.ar\/cordoba\/la-emocion-de-magui-olave-por-el-tierno-gesto-de-una-fanatica-que-compartio-en-redes-sociales\/\" target=\"_blank\" rel=\"noopener\"><b>cantantes<\/b><\/a><b> del momento<\/b>. Con un ritmo caracter\u00edstico, <b>el joven de 26 a\u00f1os se dedica a la m\u00fasica desde los 13 a\u00f1os<\/b>, cuando empez\u00f3 a cantar en su pueblo. <\/p>\n<article class=\"article card\">\n<div class=\"article-inner \">\n<div class=\"article-image \"><a href=\"https:\/\/viapais.com.ar\/cordoba\/la-mejor-noche-de-mi-vida-a-pura-emocion-asi-fue-el-show-de-luck-ra-en-cordoba\/\" title=\"Luck Ra en el Quality Espacio\"><\/p>\n<figure><img alt=\"Luck Ra en el Quality Espacio\" class=\" block \" src=\"http:\/\/latecordoba.com\/wp-content\/uploads\/2024\/06\/de-cantar-en-su-pueblo-a-escribir-temas-para-reconocidos-cuarteteros-quien-es-el-vecino.jpg\" sizes=\"auto\" loading=\"lazy\" data-src=\"http:\/\/latecordoba.com\/wp-content\/uploads\/2024\/06\/de-cantar-en-su-pueblo-a-escribir-temas-para-reconocidos-cuarteteros-quien-es-el-vecino.jpg\" width=\"307px\" fetchpriority=\"low\" decoding=\"async\" height=\"173px\"><\/figure>\n<p><\/a><\/div>\n<\/div>\n<\/article>\n<p>Con el tiempo, se mud\u00f3 a Buenos Aires y <b>se cruz\u00f3 con dos cordobeses que marcaron un antes y despu\u00e9s en su vida<\/b>. En la actualidad, <b>escribe <\/b>para cantantes como <b>Luck Ra, Tuli Acosta y La Konga<\/b>. <\/p>\n<h2 class><b>QUI\u00c9N ES EL VECINO, COMPOSITOR DE RECONOCIDOS CUARTETEROS<\/b><\/h2>\n<p><b>Agust\u00edn L\u00f3pez Badra<\/b>, conocido como El Vecino, naci\u00f3 y creci\u00f3 en Chubut. Se mud\u00f3 a Buenos Aires para estudiar ciencias econ\u00f3micas y para buscar <b>nuevas oportunidades<\/b> en la m\u00fasica. \u201c<b>Trabaj\u00e9 en un mont\u00f3n de lados, hice de todo y hasta estudi\u00e9 econom\u00eda por tres a\u00f1os<\/b>\u201d, cont\u00f3 en di\u00e1logo con<i><b> V\u00eda C\u00f3rdoba<\/b><\/i>. <\/p>\n<article class=\"article card\">\n<div class=\"article-inner \">\n<div class=\"article-image \"><a href=\"https:\/\/viapais.com.ar\/cordoba\/con-entrada-gratuita-mas-de-10-cuarteteros-participaran-de-un-megashow-en-cordoba-cuando-y-donde-sera\/\" title=\"Fiesta de la Primavera en Carlos Paz\"><\/p>\n<figure><img alt=\"Fiesta de la Primavera en Carlos Paz\" class=\" block \" src=\"http:\/\/latecordoba.com\/wp-content\/uploads\/2024\/06\/de-cantar-en-su-pueblo-a-escribir-temas-para-reconocidos-cuarteteros-quien-es-el-vecino-1.jpg\" sizes=\"auto\" loading=\"lazy\" data-src=\"http:\/\/latecordoba.com\/wp-content\/uploads\/2024\/06\/de-cantar-en-su-pueblo-a-escribir-temas-para-reconocidos-cuarteteros-quien-es-el-vecino-1.jpg\" width=\"307px\" fetchpriority=\"low\" decoding=\"async\" height=\"173px\"><\/figure>\n<p><\/a><\/div>\n<\/div>\n<\/article>\n<p>Agust\u00edn hac\u00eda su propia m\u00fasica con un marcado estilo trapero. Sin embargo, <b>su estilo y su vida cambiaron cuando se encontr\u00f3 con dos cuarteteros<\/b>. \u201cUn d\u00eda, volv\u00ed a mi casa de jugar a la pelota, sal\u00ed al balc\u00f3n y <b>vi en el balc\u00f3n de al lado a Ramky, el productor de Luck Ra<\/b>\u201d, dijo. <\/p>\n<p>\u201cEstaba cantando, empezamos a hablar y me dijo \u2018<b>soy productor de Sony, hago los temas de Luck Ra<\/b>\u2019. A ra\u00edz de eso, fueron miles de salidas al balc\u00f3n. Pegamos la mejor\u201d, agreg\u00f3 Agust\u00edn. De esta forma, <b>Agust\u00edn fue \u201cadoptado\u201d por los cordobeses, quienes lo invitaron a ser parte de la m\u00fasica de Luck Ra<\/b>. <\/p>\n<figure><picture><img alt=\"El Vecino es uno de los amigos \u00edntimos de Luck Ra.\" class=\" block \" src=\"http:\/\/latecordoba.com\/wp-content\/uploads\/2024\/06\/de-cantar-en-su-pueblo-a-escribir-temas-para-reconocidos-cuarteteros-quien-es-el-vecino-2.jpg\" sizes=\"auto\" loading=\"lazy\" data-src=\"http:\/\/latecordoba.com\/wp-content\/uploads\/2024\/06\/de-cantar-en-su-pueblo-a-escribir-temas-para-reconocidos-cuarteteros-quien-es-el-vecino-2.jpg\" width=\"1023px\" fetchpriority=\"low\" decoding=\"async\" height=\"1533px\"><\/picture><figcaption class>El Vecino es uno de los amigos \u00edntimos de Luck Ra. Foto: Jos\u00e9 Hernandez<\/figcaption><\/figure>\n<p>Agust\u00edn explic\u00f3 que la raz\u00f3n de su nombre art\u00edstico se debe a que l<b>os cordobeses lo presentaban como \u201cel vecino\u201d cuando se juntaban con grupos grandes de gente<\/b>. De esa forma, el apodo fue configur\u00e1ndose como parte de \u00e9l. <\/p>\n<h2 class><b>UN A\u00d1O LLENO DE EMOCIONES PARA EL VECINO<\/b><\/h2>\n<p>En tan solo <b>un a\u00f1o <\/b>de conocer a Ramky y Luck Ra, Agust\u00edn <b>particip\u00f3 en la composici\u00f3n<\/b> de <i><b>Ojal\u00e1<\/b><\/i>, interpretado por Luck Ra y Euge Quevedo; en <i><b>Hola perdida<\/b><\/i>, elegido por Maluma y en <i><b>Si pudiera<\/b><\/i>, donde cant\u00f3 junto a La Konga y Luck Ra.<\/p>\n<article class=\"article card videoCard\">\n<div class=\"article-inner \">\n<div class=\"article-image \"><a href=\"https:\/\/viapais.com.ar\/cordoba\/trap-con-gusto-a-tango-asi-es-el-proyecto-de-un-musico-de-cordoba-que-lanza-su-primer-album\/\" title=\"agust\u00edn pereyra azud\"><\/p>\n<figure><img alt=\"agust\u00edn pereyra azud\" class=\" block \" src=\"http:\/\/latecordoba.com\/wp-content\/uploads\/2024\/06\/de-cantar-en-su-pueblo-a-escribir-temas-para-reconocidos-cuarteteros-quien-es-el-vecino-3.jpg\" sizes=\"auto\" loading=\"lazy\" data-src=\"http:\/\/latecordoba.com\/wp-content\/uploads\/2024\/06\/de-cantar-en-su-pueblo-a-escribir-temas-para-reconocidos-cuarteteros-quien-es-el-vecino-3.jpg\" width=\"307px\" fetchpriority=\"low\" decoding=\"async\" height=\"173px\"><\/figure>\n<p><\/a><\/div>\n<\/div>\n<\/article>\n<p>\u201c<b>Somos amigos muy, muy cercanos. Ellos son amigos de toda la vida (Ramky y Luck Ra) y me abrieron las puertas, me aceptaron como una m\u00e1s<\/b>\u201d, dijo El Vecino, quien con su primera colaboraci\u00f3n (Si pudiera) lleg\u00f3 a los<b> Premios Gardel 2024<\/b>. \u201cNo me esperaba la nominaci\u00f3n. <b>Fue el primer tema que saqu\u00e9 como El Vecino<\/b> y fue una locura, una experiencia hermosa\u201d, relat\u00f3 el cantante.<\/p>\n<figure><picture><img alt=\"El joven de 26 a\u00f1os estuvo nominado a los Premios Gardel 2024 junto a Luck Ra y La Konga.\" class=\" block \" src=\"http:\/\/latecordoba.com\/wp-content\/uploads\/2024\/06\/de-cantar-en-su-pueblo-a-escribir-temas-para-reconocidos-cuarteteros-quien-es-el-vecino-4.jpg\" sizes=\"auto\" loading=\"lazy\" data-src=\"http:\/\/latecordoba.com\/wp-content\/uploads\/2024\/06\/de-cantar-en-su-pueblo-a-escribir-temas-para-reconocidos-cuarteteros-quien-es-el-vecino-4.jpg\" width=\"1023px\" fetchpriority=\"low\" decoding=\"async\" height=\"682px\"><\/picture><figcaption class>El joven de 26 a\u00f1os estuvo nominado a los Premios Gardel 2024 junto a Luck Ra y La Konga. Foto: Jos\u00e9 Hernandez<\/figcaption><\/figure>\n<p>En cuanto a sus pr\u00f3ximos proyectos, El Vecino <b>prepara material propio<\/b> para acompa\u00f1ar el tema que sac\u00f3 hace unos meses, <i><b>Desesperado por amor<\/b><\/i>. Asimismo, <b>contin\u00faa trabajando con Ramky y Luck Ra en colaboraciones y m\u00fasica nueva<\/b>. En este sentido, el cantante confes\u00f3 que le gustar\u00eda cantar con m\u00e1s cuarteteros, entre ellos con La Mona Jim\u00e9nez. <\/p>\n","protected":false},"excerpt":{"rendered":"<p>Tras ser el telonero de Luck Ra durante su gira nacional, El Vecino se posiciona como uno de los cantantes del momento. Con un ritmo caracter\u00edstico, el joven de 26 a\u00f1os se dedica a la m\u00fasica desde los 13 a\u00f1os, cuando empez\u00f3 a cantar en su pueblo. Con el tiempo, se mud\u00f3 a Buenos Aires [&hellip;]<\/p>\n","protected":false},"author":1,"featured_media":24273,"comment_status":"closed","ping_status":"closed","sticky":false,"template":"","format":"standard","meta":[],"categories":[15],"tags":[],"_links":{"self":[{"href":"https:\/\/latecordoba.com\/index.php\/wp-json\/wp\/v2\/posts\/24272"}],"collection":[{"href":"https:\/\/latecordoba.com\/index.php\/wp-json\/wp\/v2\/posts"}],"about":[{"href":"https:\/\/latecordoba.com\/index.php\/wp-json\/wp\/v2\/types\/post"}],"author":[{"embeddable":true,"href":"https:\/\/latecordoba.com\/index.php\/wp-json\/wp\/v2\/users\/1"}],"replies":[{"embeddable":true,"href":"https:\/\/latecordoba.com\/index.php\/wp-json\/wp\/v2\/comments?post=24272"}],"version-history":[{"count":0,"href":"https:\/\/latecordoba.com\/index.php\/wp-json\/wp\/v2\/posts\/24272\/revisions"}],"wp:featuredmedia":[{"embeddable":true,"href":"https:\/\/latecordoba.com\/index.php\/wp-json\/wp\/v2\/media\/24273"}],"wp:attachment":[{"href":"https:\/\/latecordoba.com\/index.php\/wp-json\/wp\/v2\/media?parent=24272"}],"wp:term":[{"taxonomy":"category","embeddable":true,"href":"https:\/\/latecordoba.com\/index.php\/wp-json\/wp\/v2\/categories?post=24272"},{"taxonomy":"post_tag","embeddable":true,"href":"https:\/\/latecordoba.com\/index.php\/wp-json\/wp\/v2\/tags?post=24272"}],"curies":[{"name":"wp","href":"https:\/\/api.w.org\/{rel}","templated":true}]}}