{"id":24264,"date":"2024-06-05T17:01:29","date_gmt":"2024-06-05T17:01:29","guid":{"rendered":"https:\/\/www.diariocronica.com.ar\/noticias\/2024\/06\/05\/97220-la-justicia-francesa-prohibio-que-se-venda-el-balon-de-oro-que-maradona-gano-en-1986"},"modified":"2024-06-05T17:01:29","modified_gmt":"2024-06-05T17:01:29","slug":"la-justicia-francesa-prohibio-que-se-venda-el-balon-de-oro-que-maradona-gano-en-1986","status":"publish","type":"post","link":"https:\/\/latecordoba.com\/index.php\/2024\/06\/05\/la-justicia-francesa-prohibio-que-se-venda-el-balon-de-oro-que-maradona-gano-en-1986\/","title":{"rendered":"La Justicia francesa prohibi\u00f3 que se venda el Bal\u00f3n de Oro que Maradona gan\u00f3 en 1986"},"content":{"rendered":"\n<div class=\"media_block\"><a href=\"http:\/\/latecordoba.com\/wp-content\/uploads\/2024\/06\/la-justicia-francesa-prohibio-que-se-venda-el-balon-de-oro-que-maradona-gano-en-1986.jpg\"><img decoding=\"async\" src=\"http:\/\/latecordoba.com\/wp-content\/uploads\/2024\/06\/la-justicia-francesa-prohibio-que-se-venda-el-balon-de-oro-que-maradona-gano-en-1986.jpg\" class=\"media_thumbnail\"><\/a><\/div>\n<div><img decoding=\"async\" src=\"http:\/\/latecordoba.com\/wp-content\/uploads\/2024\/06\/la-justicia-francesa-prohibio-que-se-venda-el-balon-de-oro-que-maradona-gano-en-1986-1.jpg\" class=\"ff-og-image-inserted\"><\/div>\n<p>\nLa decisi\u00f3n se debe a una demanda de los herederos del astro argentino, quienes alegan que fue robado de una caja fuerte de un banco de N\u00e1poles en 1989.\n<\/p>\n<div readability=\"61\">\n<p><strong>La Justicia francesa prohibi\u00f3 que se subaste el Bal\u00f3n de Oro que hab\u00eda ganado Diego Armando Maradona en 1986<\/strong>&nbsp;por su actuaci\u00f3n en el Mundial de M\u00e9xico, en el que la Selecci\u00f3n argentina se qued\u00f3 con el t\u00edtulo.<\/p>\n<p><strong>La subasta iba a estar a cargo de la casa parisina Aguttes y se iba a llevar a cabo el 6 de junio<\/strong>, pero se termin\u00f3 dando marcha atr\u00e1s por la&nbsp;<strong>demanda de los herederos de Maradona, quienes alegaron que el Bal\u00f3n de Oro hab\u00eda sido robado de una caja fuerte de un banco de N\u00e1poles en 1989.<\/strong><\/p>\n<p>Gilles Moreu, abogado de los herederos de Maradona (Diego, Dalma, Gianinna, Jana y Diego Fernando), le dijo a EFE que \u201cnos satisface esta decisi\u00f3n que responde a nuestras demandas y tranquiliza a mis clientes. En el plazo fijado de tres meses, presentaremos las alegaciones pertinentes\u201d.<\/p>\n<p>De todas maneras, Moreu advirti\u00f3 que espera \u201cuna batalla larga\u201d para definir qui\u00e9n es el&nbsp;<strong>propietario del trofeo<\/strong>&nbsp;ya que&nbsp;<strong>hay dos procedimientos: uno por la v\u00eda penal y otro por la civil.<\/strong><\/p>\n<p>Este Bal\u00f3n de Oro no es el que se le entrega al mejor jugador del mundo como ocurre en la actualidad, ya que en la \u00e9poca de Maradona este galard\u00f3n era solo para jugadores europeos, sino el astro argentino<strong>&nbsp;lo gan\u00f3 tras haber sido elegido como el mejor jugador del Mundial de M\u00e9xico 1986 que gan\u00f3 con la Selecci\u00f3n argentina.<\/strong><\/p>\n<p>En aquella hist\u00f3rica gesta,&nbsp;<strong>\u201cPelusa\u201d tuvo una de las mejores actuaciones individuales en la historia de los mundiales<\/strong>, en el que&nbsp;<strong>anot\u00f3 cinco goles y reparti\u00f3 cinco asistencias en siete partidos.<\/strong><\/p>\n<p><strong>Maradona tambi\u00e9n recibi\u00f3 un Bal\u00f3n de Oro honor\u00edfico, en 1995<\/strong>, como reconocimiento a su trayectoria.<\/p>\n<p><strong>El Bal\u00f3n de Oro por su actuaci\u00f3n en M\u00e9xico hab\u00eda desaparecido en 1989<\/strong>, cuando fue&nbsp;<strong>robado por ocho integrantes del clan italiano Giuseppe Misso<\/strong>, quienes atracaron el banco donde estaban los trofeos de Maradona.<\/p>\n<p>Finalmente, fue&nbsp;<strong>encontrado a principios de 2016 y el 2 de abril de este a\u00f1o el medio franc\u00e9s L\u00b4Equipe confirm\u00f3 su autenticidad.<\/strong><\/p>\n<p>Se estimaba que&nbsp;<strong>el precio del trofeo en la subasta iba a ser de entre 12 y 15 millones de euros. <\/strong><em>(NA)<\/em><\/p>\n<\/div>\n","protected":false},"excerpt":{"rendered":"\n<div class=\"media_block\"><a href=\"http:\/\/latecordoba.com\/wp-content\/uploads\/2024\/06\/la-justicia-francesa-prohibio-que-se-venda-el-balon-de-oro-que-maradona-gano-en-1986.jpg\"><img decoding=\"async\" src=\"http:\/\/latecordoba.com\/wp-content\/uploads\/2024\/06\/la-justicia-francesa-prohibio-que-se-venda-el-balon-de-oro-que-maradona-gano-en-1986.jpg\" class=\"media_thumbnail\"><\/a><\/div>\n<p>La decisi\u00f3n se debe a una demanda de los herederos del astro argentino, quienes alegan que fue robado de una caja fuerte de un banco de N\u00e1poles en 1989. <\/p>\n","protected":false},"author":1,"featured_media":24265,"comment_status":"closed","ping_status":"closed","sticky":false,"template":"","format":"standard","meta":[],"categories":[17],"tags":[],"_links":{"self":[{"href":"https:\/\/latecordoba.com\/index.php\/wp-json\/wp\/v2\/posts\/24264"}],"collection":[{"href":"https:\/\/latecordoba.com\/index.php\/wp-json\/wp\/v2\/posts"}],"about":[{"href":"https:\/\/latecordoba.com\/index.php\/wp-json\/wp\/v2\/types\/post"}],"author":[{"embeddable":true,"href":"https:\/\/latecordoba.com\/index.php\/wp-json\/wp\/v2\/users\/1"}],"replies":[{"embeddable":true,"href":"https:\/\/latecordoba.com\/index.php\/wp-json\/wp\/v2\/comments?post=24264"}],"version-history":[{"count":0,"href":"https:\/\/latecordoba.com\/index.php\/wp-json\/wp\/v2\/posts\/24264\/revisions"}],"wp:featuredmedia":[{"embeddable":true,"href":"https:\/\/latecordoba.com\/index.php\/wp-json\/wp\/v2\/media\/24265"}],"wp:attachment":[{"href":"https:\/\/latecordoba.com\/index.php\/wp-json\/wp\/v2\/media?parent=24264"}],"wp:term":[{"taxonomy":"category","embeddable":true,"href":"https:\/\/latecordoba.com\/index.php\/wp-json\/wp\/v2\/categories?post=24264"},{"taxonomy":"post_tag","embeddable":true,"href":"https:\/\/latecordoba.com\/index.php\/wp-json\/wp\/v2\/tags?post=24264"}],"curies":[{"name":"wp","href":"https:\/\/api.w.org\/{rel}","templated":true}]}}