{"id":24258,"date":"2024-06-05T16:55:00","date_gmt":"2024-06-05T16:55:00","guid":{"rendered":"https:\/\/www.iprofesional.com\/negocios\/407467-aerolineas-argentinas-entidades-globales-apoyan-la-privatizacion-cual-seria-su-impacto"},"modified":"2024-06-05T16:55:00","modified_gmt":"2024-06-05T16:55:00","slug":"mientras-baja-frecuencias-entidades-globales-apoyan-la-privatizacion-de-aerolineas-argentinas-y-crece-la-resistencia-gremial","status":"publish","type":"post","link":"https:\/\/latecordoba.com\/index.php\/2024\/06\/05\/mientras-baja-frecuencias-entidades-globales-apoyan-la-privatizacion-de-aerolineas-argentinas-y-crece-la-resistencia-gremial\/","title":{"rendered":"Mientras baja frecuencias, entidades globales apoyan la privatizaci\u00f3n de Aerol\u00edneas Argentinas y crece la resistencia gremial"},"content":{"rendered":"\n<div class=\"media_block\"><img decoding=\"async\" src=\"http:\/\/latecordoba.com\/wp-content\/uploads\/2024\/06\/mientras-baja-frecuencias-entidades-globales-apoyan-la-privatizacion-de-aerolineas-argentinas-y-crece-la-resistencia-gremial.jpg\"><\/div>\n<p>Son tiempos de <a href=\"https:\/\/www.iprofesional.com\/negocios\/406891-aerolineas-argentinas-en-alerta-por-mas-despidos-y-deficit\" target=\"_blank\" rel=\"noopener noreferrer\">vaiv\u00e9n e incertidumbre<\/a> en <strong>Aerol\u00edneas Argentinas<\/strong> y su entorno. Al tiempo que el oficialismo busca promover la venta de la estatal y expone como argumento el rendimiento financiero de la firma, la hoja de ruta de <strong>Javier Milei<\/strong> para la a\u00e9rea acaba de recibir un fuerte espaldarazo de parte de entidades como la Asociaci\u00f3n de Transporte A\u00e9reo Internacional (IATA), cuyos portavoces se pronunciaron a favor de la privatizaci\u00f3n y hasta <strong>pidieron acabar con &#8220;los monopolios en los servicios de rampa&#8221;, en referencia a Intercargo<\/strong>. Estos pronunciamientos ocurren en simult\u00e1neo a la movilizaci\u00f3n que vienen promoviendo los trabajadores agremiados de la empresa en todo el pa\u00eds. En zonas como la Patagonia, empleados de la firma exigen que se restablezcan las frecuencias interrumpidas<strong> a partir de la decisi\u00f3n de la estatal de recortar vuelos en temporada baja<\/strong>.\n<\/p>\n<p>Los dichos de IATA en sinton\u00eda con el Gobierno argentino fueron expresados en la asamblea anual que la entidad viene llevando a cabo en Dubai. En ese marco, Peter Cerda, vicepresidente de la organizaci\u00f3n para Am\u00e9rica sostuvo que la privatizaci\u00f3n de Aerol\u00edneas Argentinas &#8220;no significa que va a desaparecer, sino que deber\u00e1 ser competitiva como las otras compa\u00f1\u00edas&#8221;.\n<\/p>\n<h2>Privatizaci\u00f3n de Aerol\u00edneas Argentinas: qu\u00e9 impacto genera<\/h2>\n<p>El alto directivo sostuvo que los cambios para la estatal se ver\u00e1n potenciados por los cambios regulatorios que viene aplicando el oficialismo.\n<\/p>\n<p>&#8220;En Argentina el marco regulatorio ya era muy anticuado, muy proteccionista de una compa\u00f1\u00eda en desmedro de otras, muy limitado, y ahora tenemos la posibilidad de ampliarlo, hacerlo m\u00e1s internacional. Porque con las necesidades y las mejores pr\u00e1cticas que tenemos hoy en d\u00eda, creemos que eso nos va a permitir tener m\u00e1s competencia, <strong>reducir el precio de del viaje y lograr m\u00e1s conectividad<\/strong>&#8220;, afirm\u00f3 Cerda, en dichos divulgados por la agencia NA.\n<\/p>\n<p>Cerda reconoci\u00f3 que IATA trabaja codo a codo con el Gobierno &#8220;de forma sostenida, evaluando el marco regulatorio, mejorando la coordinaci\u00f3n con los aeropuertos&#8221;.\n<\/p>\n<p>&#8220;En el caso de Aerol\u00edneas Argentinas, tenemos que ser totalmente transparentes y hasta hoy no hemos tenido un campo equilibrado para todos, siempre ha habido desventajas. Tenemos que terminar con los monopolios. Por ejemplo, con los de los servicios de rampa y hacer todo m\u00e1s competitivo, eso va a generar m\u00e1s movimiento, m\u00e1s empleo y m\u00e1s ingresos para el pa\u00eds&#8221;, se explay\u00f3 el directivo.\n<\/p>\n<div class=\"imagen\" readability=\"7\"><img decoding=\"async\" loading=\"lazy\" class=\"lazyload\" src=\"http:\/\/latecordoba.com\/wp-content\/uploads\/2024\/06\/mientras-baja-frecuencias-entidades-globales-apoyan-la-privatizacion-de-aerolineas-argentinas-y-crece-la-resistencia-gremial-1.jpg\" alt=\"El Gobierno promueve una pol\u00edtica de \" width=\"880\" height=\"495\"><\/p>\n<p>El Gobierno promueve una pol\u00edtica de &#8220;Cielos abiertos&#8221; con pa\u00edses de la regi\u00f3n.<\/p>\n<\/div>\n<p>El vicepresidente de IATA aval\u00f3 <strong><a href=\"https:\/\/www.iprofesional.com\/negocios\/406270-cielos-abiertos-desregulan-vuelos-con-peru-y-ecuador-y-liberan-ingreso-de-aereas\" target=\"_blank\" rel=\"noopener noreferrer\">los acuerdos de &#8220;Cielos abiertos&#8221; rubricados con Uruguay, Per\u00fa, Ecuador, Chile y Brasil<\/a><\/strong> en estos \u00faltimos meses. No sin dejar de remarcar la presencia de la entidad en los cambios a nivel regulatorio que se vienen implementando en el \u00e1mbito aerocomercial.\n<\/p>\n<h2>Baja de frecuencias de Aerol\u00edneas Argentinas y movilizaci\u00f3n en el sur<\/h2>\n<p>A fines de abril, la directiva de la estatal dio cuenta de su <a href=\"https:\/\/www.iprofesional.com\/negocios\/404586-para-reducir-costos-aerolineas-argentinas-recorta-casi-el-20-de-sus-vuelos-de-cabotaje\" target=\"_blank\" rel=\"noopener noreferrer\">decisi\u00f3n de recortar casi el 20% de sus servicios internos y regionales<\/a>. La modificaci\u00f3n, que comenz\u00f3 a hacerse perceptible a partir de mayo, responde a un intento de la l\u00ednea de bandera por achicar sus costos operativos durante la temporada baja.\n<\/p>\n<p>En ese marco, <strong>la firma achic\u00f3 sus frecuencias a destinos como Esquel, San Rafael, San Luis, Paran\u00e1, Comodoro Rivadavia y R\u00edo Gallegos<\/strong>, entre otros.\n<\/p>\n<p>Precisamente en la Patagonia, empleados de la firma activaron un plan de movilizaciones exigiendo se reinstauren los servicios dados de baja. &#8220;Se sac\u00f3 la frecuencia que iba directo a R\u00edo Gallegos, y a nivel nacional se sacaron alrededor de 21 intertramos,y se baj\u00f3 la frecuencia en algunas escalas&#8221;, indicaron trabajadores de la terminal portuaria de Comodoro Rivadavia.\n<\/p>\n<p>&#8220;Ac\u00e1 se baj\u00f3 un poco la frecuencia. Por ejemplo, se sac\u00f3 un vuelo a Buenos Aires. Nosotros ten\u00edamos todos los d\u00edas pr\u00e1cticamente seis vuelos diarios. Hoy tenemos algunos d\u00edas tenemos seis, otros tenemos cinco, otros tenemos tres\u2026 Se baj\u00f3 bastante la frecuencia, pero tambi\u00e9n baj\u00f3 el caudal de pasajeros. Viaja menos gente que antes&#8221;, a\u00f1adieron las fuentes.\n<\/p>\n<p>Los reclamos en el sur ocurren mientras <strong>contin\u00faa el conflicto por los 150 puestos de trabajo suprimidos por GPS<\/strong>, una de las tercerizadas de la estatal en temas como seguridad y log\u00edstica, en los \u00faltimos tres meses.\n<\/p>\n<div class=\"imagen\" readability=\"7\"><img decoding=\"async\" loading=\"lazy\" class=\"lazyload\" src=\"http:\/\/latecordoba.com\/wp-content\/uploads\/2024\/06\/mientras-baja-frecuencias-entidades-globales-apoyan-la-privatizacion-de-aerolineas-argentinas-y-crece-la-resistencia-gremial.png\" alt=\"La estatal recort\u00f3 frecuencias por efecto de la temporada baja.\" width=\"877\" height=\"531\"><\/p>\n<p>La estatal recort\u00f3 frecuencias por efecto de la temporada baja.<\/p>\n<\/div>\n<p>Respecto de esta situaci\u00f3n, a fines de la semana pasada el Ministerio de Trabajo <strong>concret\u00f3 una audiencia con una porci\u00f3n de las <a href=\"https:\/\/www.iprofesional.com\/negocios\/406592-aerolineas-baja-aceptacion-de-los-retiros-y-resistencia-gremial-a-cielos-abiertos\" target=\"_blank\" rel=\"noopener noreferrer\">personas cesanteadas<\/a><\/strong>, quienes piden la reincorporaci\u00f3n inmediata.<\/p>\n","protected":false},"excerpt":{"rendered":"\n<div class=\"media_block\"><img decoding=\"async\" src=\"http:\/\/latecordoba.com\/wp-content\/uploads\/2024\/06\/mientras-baja-frecuencias-entidades-globales-apoyan-la-privatizacion-de-aerolineas-argentinas-y-crece-la-resistencia-gremial.jpg\"><\/div>\n<p> Referente de la asociaci\u00f3n IATA afirmaron que trabajan con el Gobierno y pidieron que se quite el predominio de Intercargo en los servicios de rampa <iframe width=\"0\" height=\"0\" border=\"0\"> <script> (function(i,s,o,g,r,a,m){i['GoogleAnalyticsObject']=r;i[r]=i[r]||function(){ (i[r].q=i[r].q||[]).push(arguments)},i[r].l=1*new Date();a=s.createElement(o), m=s.getElementsByTagName(o)[0];a.async=1;a.src=g;m.parentNode.insertBefore(a,m) })(window,document,'script','https:\/\/www.google-analytics.com\/analytics.js','ga'); ga('create', 'GTM-5LW5KQD', 'auto'); ga('require', 'displayfeatures'); ga('set', 'campaignSource', 'RSS Client for iProfesional'); ga('set', 'campaignMedium', 'RSS Client for iProfesional'); ga('set', {\"dataSource\": \"rss.atom.iprofesional.com\"}); ga('set', {\"referrer\": \"rss.atom.iprofesional.com\"}); ga('set', 'title', 'RSS Client for iProfesional'); ga('send', 'pageview'); <\/script> <!-- Begin comScore Tag --> <script> var _comscore = _comscore || []; _comscore.push({ c1: \"2\", c2: \"16597048\" }); (function() { var s = document.createElement(\"script\"), el = document.getElementsByTagName(\"script\")[0]; s.async = true; s.src = \"https:\/\/sb.scorecardresearch.com\/cs\/16597048\/beacon.js\"; el.parentNode.insertBefore(s, el); })(); <\/script> <noscript> <img decoding=\"async\" src=\"http:\/\/latecordoba.com\/wp-content\/uploads\/2024\/06\/mientras-baja-frecuencias-entidades-globales-apoyan-la-privatizacion-de-aerolineas-argentinas-y-crece-la-resistencia-gremial.gif\"> <\/noscript> <!-- End comScore Tag --> <\/iframe> <iframe border=\"0px\" style=\"display: none\" width=0 height=0 src=\"https:\/\/www.iprofesional.com\/ga4.html?gtag_id=G-N13KWJP8BK&amp;title=Mientras baja frecuencias, entidades globales apoyan la privatizaci\u00f3n de Aerol\u00edneas Argentinas y crece la resistencia gremial&amp;location=https:\/\/www.iprofesional.com\/negocios\/407467-aerolineas-argentinas-entidades-globales-apoyan-la-privatizacion-cual-seria-su-impacto&amp;referrer=rss.atom.iprofesional.com&amp;ci=RSS Client for iProfesional&amp;cs=RSS Client for iProfesional&amp;cm=RSS&amp;cn=RSS Client for iProfesional&amp;cc=RSS Client for iProfesional\"><\/iframe>  <\/p>\n","protected":false},"author":1,"featured_media":24259,"comment_status":"closed","ping_status":"closed","sticky":false,"template":"","format":"standard","meta":[],"categories":[18],"tags":[],"_links":{"self":[{"href":"https:\/\/latecordoba.com\/index.php\/wp-json\/wp\/v2\/posts\/24258"}],"collection":[{"href":"https:\/\/latecordoba.com\/index.php\/wp-json\/wp\/v2\/posts"}],"about":[{"href":"https:\/\/latecordoba.com\/index.php\/wp-json\/wp\/v2\/types\/post"}],"author":[{"embeddable":true,"href":"https:\/\/latecordoba.com\/index.php\/wp-json\/wp\/v2\/users\/1"}],"replies":[{"embeddable":true,"href":"https:\/\/latecordoba.com\/index.php\/wp-json\/wp\/v2\/comments?post=24258"}],"version-history":[{"count":0,"href":"https:\/\/latecordoba.com\/index.php\/wp-json\/wp\/v2\/posts\/24258\/revisions"}],"wp:featuredmedia":[{"embeddable":true,"href":"https:\/\/latecordoba.com\/index.php\/wp-json\/wp\/v2\/media\/24259"}],"wp:attachment":[{"href":"https:\/\/latecordoba.com\/index.php\/wp-json\/wp\/v2\/media?parent=24258"}],"wp:term":[{"taxonomy":"category","embeddable":true,"href":"https:\/\/latecordoba.com\/index.php\/wp-json\/wp\/v2\/categories?post=24258"},{"taxonomy":"post_tag","embeddable":true,"href":"https:\/\/latecordoba.com\/index.php\/wp-json\/wp\/v2\/tags?post=24258"}],"curies":[{"name":"wp","href":"https:\/\/api.w.org\/{rel}","templated":true}]}}