{"id":24254,"date":"2024-06-05T17:19:48","date_gmt":"2024-06-05T17:19:48","guid":{"rendered":"https:\/\/elnoticierodigital.com.ar\/?p=2035296"},"modified":"2024-06-05T17:19:48","modified_gmt":"2024-06-05T17:19:48","slug":"furia-conto-en-gran-hermano-como-supero-la-muerte-de-sus-padres-no-me-deprimi-porque","status":"publish","type":"post","link":"https:\/\/latecordoba.com\/index.php\/2024\/06\/05\/furia-conto-en-gran-hermano-como-supero-la-muerte-de-sus-padres-no-me-deprimi-porque\/","title":{"rendered":"Furia cont\u00f3 en Gran Hermano c\u00f3mo super\u00f3 la muerte de sus padres: \u201cNo me deprim\u00ed porque\u2026\u201d"},"content":{"rendered":"<p> <!-- image --><\/p>\n<div class=\"td-post-featured-image\"><a href=\"https:\/\/i0.wp.com\/elnoticierodigital.com.ar\/wp-content\/uploads\/2024\/06\/2035296.jpg?fit=752%2C475&amp;ssl=1\" data-caption><img decoding=\"async\" loading=\"lazy\" width=\"696\" height=\"440\" class=\"entry-thumb td-modal-image\" src=\"http:\/\/latecordoba.com\/wp-content\/uploads\/2024\/06\/furia-conto-en-gran-hermano-como-supero-la-muerte-de-sus-padres-no-me-deprimi-porque.jpg\" srcset=\"http:\/\/latecordoba.com\/wp-content\/uploads\/2024\/06\/furia-conto-en-gran-hermano-como-supero-la-muerte-de-sus-padres-no-me-deprimi-porque-1.jpg 752w, http:\/\/latecordoba.com\/wp-content\/uploads\/2024\/06\/furia-conto-en-gran-hermano-como-supero-la-muerte-de-sus-padres-no-me-deprimi-porque-2.jpg 300w, http:\/\/latecordoba.com\/wp-content\/uploads\/2024\/06\/furia-conto-en-gran-hermano-como-supero-la-muerte-de-sus-padres-no-me-deprimi-porque-3.jpg 150w, http:\/\/latecordoba.com\/wp-content\/uploads\/2024\/06\/furia-conto-en-gran-hermano-como-supero-la-muerte-de-sus-padres-no-me-deprimi-porque.jpg 696w\" sizes=\"(max-width: 696px) 100vw, 696px\" alt title=\"2035296\"><\/a><\/div>\n<p> <!-- content --><\/p>\n<article readability=\"51\">En m\u00e1s de una ocasi\u00f3n a lo largo de estos m\u00e1s de cinco meses en Gran Hermano, Furia habl\u00f3 de la muerte de sus padres, un episodio dur\u00edsimo de su vida previa al reality que siempre utiliz\u00f3 para contar el estoicismo con el que sali\u00f3 adelante, sola y fuerte.<\/p>\n<p>Y en las \u00faltimas horas, Furia le cont\u00f3 a Bautista algunos detalles de este triste momento que padeci\u00f3 en un corto lapso del tiempo, ya que ambos progenitores murieron de enfermedades fulminantes y, al menos en el caso de su pap\u00e1, fue a ella a quien le toc\u00f3 cuidarlo.<\/p>\n<p>\u201c\u00bfViste que te dije que no me deprim\u00ed cuando murieron mis viejos? Es porque entren\u00e9\u201d, le dirijo Juliana a Bautista, mientras regaba el pasto. \u201cMis hermanos, cada uno tuvo su propia forma de lidiar. Coy medit\u00f3, se hizo profesora de Reiki y todo\u201d, sum\u00f3, sobre lo que hizo su hermana m\u00e1s cercana para elaborar el duelo.<\/p>\n<p>Entonces, la jugadora m\u00e1s controversial de GH 2023 que podr\u00eda irse en la pr\u00f3xima gala lanz\u00f3 su m\u00e1xima para superar las p\u00e9rdidas. \u201cCuando te pasan cosas feas, ten\u00e9s que enfocarte en algo que te consuma tiempo\u201d, recomend\u00f3 Furia, olvid\u00e1ndose de la importante ayuda que brinda la terapia.<\/p>\n<p>LA VIOLENTA REACCI\u00d3N DE FURIA AL VER A CATALINA EN GRAN HERMANO<\/p>\n<p>El martes 4 de junio ingresaron a la casa la segunda camada de ex GH, entre ellos, Catalina, que aprovech\u00f3 su visita para provocar a Furia, que reaccion\u00f3 con violencia. \u201c\u00a1And\u00e1 a tu casa, and\u00e1 Catalina! \u00a1Sos una mentira, me re cagaste, forra!\u201d, lanz\u00f3 picante.<\/p>\n<p>Pero las cosas empeoraron cuando Furia vio que Catalina se abraz\u00f3 con Coti Romero. Sacada, Furia lanz\u00f3: \u201c\u00bfViste? \u00a1Te lo dije! Con quien te ven, tuki\u2026\u201d. Y cuando vio que su ex amiga se abrazaba con Alan y Sabrina, la rapada estall\u00f3: \u201cMira eso, olor a culo\u2026. Pero qu\u00e9 olor a mierda. Perd\u00f3n, pero lo ten\u00eda que decir\u201d.<\/p>\n<\/article>\n<p>Fuente: <a href=\"https:\/\/www.paparazzi.com.ar\/teve\/furia-conto-en-gran-hermano-su-metodo-para-superar-la-muerte-de-sus-padres-no-me-deprimi-porque\/\">https:\/\/www.paparazzi.com.ar\/<\/a><\/p>\n","protected":false},"excerpt":{"rendered":"<p> En m\u00e1s de una ocasi\u00f3n a lo largo de estos m\u00e1s de cinco meses en Gran Hermano, Furia habl\u00f3 de la muerte de sus padres, un episodio dur\u00edsimo de su vida previa al reality que siempre utiliz\u00f3 para contar el estoicismo con el que sali\u00f3 adelante, sola y fuerte. Y en las \u00faltimas horas, Furia [&#8230;]  <\/p>\n","protected":false},"author":1,"featured_media":24255,"comment_status":"closed","ping_status":"closed","sticky":false,"template":"","format":"standard","meta":[],"categories":[14],"tags":[],"_links":{"self":[{"href":"https:\/\/latecordoba.com\/index.php\/wp-json\/wp\/v2\/posts\/24254"}],"collection":[{"href":"https:\/\/latecordoba.com\/index.php\/wp-json\/wp\/v2\/posts"}],"about":[{"href":"https:\/\/latecordoba.com\/index.php\/wp-json\/wp\/v2\/types\/post"}],"author":[{"embeddable":true,"href":"https:\/\/latecordoba.com\/index.php\/wp-json\/wp\/v2\/users\/1"}],"replies":[{"embeddable":true,"href":"https:\/\/latecordoba.com\/index.php\/wp-json\/wp\/v2\/comments?post=24254"}],"version-history":[{"count":0,"href":"https:\/\/latecordoba.com\/index.php\/wp-json\/wp\/v2\/posts\/24254\/revisions"}],"wp:featuredmedia":[{"embeddable":true,"href":"https:\/\/latecordoba.com\/index.php\/wp-json\/wp\/v2\/media\/24255"}],"wp:attachment":[{"href":"https:\/\/latecordoba.com\/index.php\/wp-json\/wp\/v2\/media?parent=24254"}],"wp:term":[{"taxonomy":"category","embeddable":true,"href":"https:\/\/latecordoba.com\/index.php\/wp-json\/wp\/v2\/categories?post=24254"},{"taxonomy":"post_tag","embeddable":true,"href":"https:\/\/latecordoba.com\/index.php\/wp-json\/wp\/v2\/tags?post=24254"}],"curies":[{"name":"wp","href":"https:\/\/api.w.org\/{rel}","templated":true}]}}