{"id":24252,"date":"2024-06-05T15:46:22","date_gmt":"2024-06-05T15:46:22","guid":{"rendered":"https:\/\/www.radiourbanasf.com.ar\/?p=19166"},"modified":"2024-06-05T15:46:22","modified_gmt":"2024-06-05T15:46:22","slug":"indios-presenta-su-nuevo-single","status":"publish","type":"post","link":"https:\/\/latecordoba.com\/index.php\/2024\/06\/05\/indios-presenta-su-nuevo-single\/","title":{"rendered":"Indios presenta su nuevo single."},"content":{"rendered":"<br \/>\n<article class=\"post-listing post-19166 post type-post status-publish format-standard has-post-thumbnail hentry category-noticias tag-citizens-of-tomorrow tag-indios tag-nico-cotton-y-mateo-rodo tag-rock\" id=\"the-post\">\n<div class=\"single-post-thumb\"> <img decoding=\"async\" width=\"400\" height=\"330\" src=\"http:\/\/latecordoba.com\/wp-content\/uploads\/2024\/06\/indios-presenta-su-nuevo-single.jpg\" class=\"attachment-slider size-slider wp-post-image\" alt loading=\"lazy\"> <\/div>\n<div class=\"post-inner\">\n<p class=\"post-meta\"> <span class=\"tie-date\"><i class=\"fa fa-clock-o\"><\/i>2 horas ago<\/span> <span class=\"post-cats\"><i class=\"fa fa-folder\"><\/i><a href=\"http:\/\/www.radiourbanasf.com.ar\/category\/noticias\/\" rel=\"category tag\">Noticias<\/a><\/span> <\/p>\n<div class=\"entry\"> <!-- .share-post --> <!-- WhatsApp Share Button for WordPress: http:\/\/peadig.com\/wordpress-plugins\/whatsapp-share-button\/ --><\/p>\n<h3>A muy pocos d\u00edas del regreso de&nbsp;<strong>Indios<\/strong>&nbsp;a los escenarios, la banda sorprende a su p\u00fablico y a la escena de la m\u00fasica con&nbsp;<strong>el lanzamiento de \u201cCristal\u201d<\/strong>, que por supuesto, formar\u00e1 parte del setlist de los shows del 7 y 8 de junio en Niceto Club.<\/h3>\n<h3>\u201cCristal es una de nuestras \u00faltimas composiciones que apareci\u00f3 en los d\u00edas previos a entrar al estudio de grabaci\u00f3n y creo que ejemplifica nuestra vulnerabilidad afirmada en canciones a modo de balada, que creo que nos identifica bastante bien\u201d, explic\u00f3 Joaqu\u00edn Vitola.<\/h3>\n<h3><strong>Producida por Nico Cotton y Mateo Rodo<\/strong>, \u201cCristal\u201d marca un nuevo cap\u00edtulo en la carrera de Indios, ya que refleja la esencia de la banda en su estado m\u00e1s puro, por sus melod\u00edas y letra.<\/h3>\n<h3>El video, producido por Indios y Citizens of Tomorrow, re\u00fane im\u00e1genes del&nbsp;<strong>reencuentro de la banda en esta nueva etapa<\/strong>&nbsp;apelando a la emotividad y sentimiento que despierta la canci\u00f3n.<\/h3>\n<h3><em>\u201cNo se que ha pasado con mi vida nunca pude olvidarte, por favor no rompas el cristal que hay en mi\u201d,&nbsp;<\/em>dice la letra que, parad\u00f3jicamente, cierra el c\u00edrculo con el p\u00fablico que est\u00e1 esperando sus canciones hace a\u00f1os.<\/h3>\n<p><!-- WhatsApp Share Button for WordPress: http:\/\/peadig.com\/wordpress-plugins\/whatsapp-share-button\/ --> <\/div>\n<p><!-- .entry \/--> <!-- .share-post --> <\/div>\n<p><!-- .post-inner --> <\/article>\n<p><!-- .post-listing --> <\/p>\n<p class=\"post-tag\">Tags <a href=\"http:\/\/www.radiourbanasf.com.ar\/tag\/citizens-of-tomorrow\/\" rel=\"tag\">Citizens of Tomorrow<\/a> <a href=\"http:\/\/www.radiourbanasf.com.ar\/tag\/indios\/\" rel=\"tag\">Indios<\/a> <a href=\"http:\/\/www.radiourbanasf.com.ar\/tag\/nico-cotton-y-mateo-rodo\/\" rel=\"tag\">Nico Cotton y Mateo Rodo<\/a> <a href=\"http:\/\/www.radiourbanasf.com.ar\/tag\/rock\/\" rel=\"tag\">rock<\/a><\/p>\n<div class=\"e3lan e3lan-post\"> <a href=\"http:\/\/www.camisalud.com.ar\" target=\"_blank\" rel=\"noopener\"><img decoding=\"async\" loading=\"lazy\" src=\"http:\/\/www.radioestacion.com.ar\/wp-content\/uploads\/2017\/03\/Radio-Estaci\u00f3n-Cami-Salud.gif\" width=\"600\" height=\"90\" alt=\"link\"> <\/a><\/div>\n<div class=\"post-navigation\">\n<div class=\"post-previous\"><a href=\"http:\/\/www.radiourbanasf.com.ar\/noticias\/septima-fecha-del-llenate-el-mate-de-rock\/\" rel=\"prev\"><span>Previous<\/span> S\u00e9ptima fecha del \u201cLlenate el mate de rock\u201d<\/a><\/div>\n<\/p><\/div>\n<p><!-- .post-navigation --> <!-- Script que adiciona Coment\u00e1rios do Facebook --> <\/p>\n<h3>QUE TE PARECI\u00d3 LA NOTICIA<\/h3>\n<p><!-- Script de Coment\u00e1rios do Facebook --> <fb:comments href=\"http:\/\/www.radiourbanasf.com.ar\/?p=19166\" width=\"100%\"> <\/fb:comments>  <\/p>\n","protected":false},"excerpt":{"rendered":"\n<div style=\"float:right;margin:0 0 20px 20px;\"><img decoding=\"async\" width=\"150\" height=\"150\" src=\"http:\/\/latecordoba.com\/wp-content\/uploads\/2024\/06\/indios-presenta-su-nuevo-single-1.jpg\" class=\"attachment-thumbnail size-thumbnail wp-post-image\" alt=\"\" loading=\"lazy\" \/><\/div>\n<p>La banda comienza un nuevo cap\u00edtulo en su carrera con el estreno de &#8220;Cristal&#8221;. A muy pocos d\u00edas del regreso de\u00a0Indios\u00a0a los escenarios, la banda sorprende a su p\u00fablico y a la escena de la m\u00fasica con\u00a0el lanzamiento de \u201cCristal\u201d, que por supuesto, formar\u00e1 parte del setlist de los shows del 7 y 8 de &#8230;  <\/p>\n","protected":false},"author":1,"featured_media":24253,"comment_status":"closed","ping_status":"closed","sticky":false,"template":"","format":"standard","meta":[],"categories":[20],"tags":[],"_links":{"self":[{"href":"https:\/\/latecordoba.com\/index.php\/wp-json\/wp\/v2\/posts\/24252"}],"collection":[{"href":"https:\/\/latecordoba.com\/index.php\/wp-json\/wp\/v2\/posts"}],"about":[{"href":"https:\/\/latecordoba.com\/index.php\/wp-json\/wp\/v2\/types\/post"}],"author":[{"embeddable":true,"href":"https:\/\/latecordoba.com\/index.php\/wp-json\/wp\/v2\/users\/1"}],"replies":[{"embeddable":true,"href":"https:\/\/latecordoba.com\/index.php\/wp-json\/wp\/v2\/comments?post=24252"}],"version-history":[{"count":0,"href":"https:\/\/latecordoba.com\/index.php\/wp-json\/wp\/v2\/posts\/24252\/revisions"}],"wp:featuredmedia":[{"embeddable":true,"href":"https:\/\/latecordoba.com\/index.php\/wp-json\/wp\/v2\/media\/24253"}],"wp:attachment":[{"href":"https:\/\/latecordoba.com\/index.php\/wp-json\/wp\/v2\/media?parent=24252"}],"wp:term":[{"taxonomy":"category","embeddable":true,"href":"https:\/\/latecordoba.com\/index.php\/wp-json\/wp\/v2\/categories?post=24252"},{"taxonomy":"post_tag","embeddable":true,"href":"https:\/\/latecordoba.com\/index.php\/wp-json\/wp\/v2\/tags?post=24252"}],"curies":[{"name":"wp","href":"https:\/\/api.w.org\/{rel}","templated":true}]}}