{"id":24250,"date":"2024-06-05T14:04:47","date_gmt":"2024-06-05T14:04:47","guid":{"rendered":"https:\/\/radioritmo.com.ar\/?p=17424"},"modified":"2024-06-05T14:04:47","modified_gmt":"2024-06-05T14:04:47","slug":"universo-jimenez-tendra-su-propia-ticketera","status":"publish","type":"post","link":"https:\/\/latecordoba.com\/index.php\/2024\/06\/05\/universo-jimenez-tendra-su-propia-ticketera\/","title":{"rendered":"Universo Jim\u00e9nez tendr\u00e1 su propia \u201cticketera\u201d"},"content":{"rendered":"\n<div class=\"content\" readability=\"23.951780821918\">\n<div id=\"crumbs\" xmlns:v=\"http:\/\/rdf.data-vocabulary.org\/#\"><span typeof=\"v:Breadcrumb\"><a rel=\"v:url\" property=\"v:title\" class=\"crumbs-home\" href=\"https:\/\/radioritmo.com.ar\">Home<\/a><\/span> <span class=\"delimiter\">\/<\/span> <span typeof=\"v:Breadcrumb\"><a rel=\"v:url\" property=\"v:title\" href=\"https:\/\/radioritmo.com.ar\/category\/noticias\/\">noticias<\/a><\/span> <span class=\"delimiter\">\/<\/span> <span class=\"current\">Universo Jim\u00e9nez tendr\u00e1 su propia \u201cticketera\u201d<\/span><\/div>\n<article class=\"post-listing post-17424 post type-post status-publish format-standard has-post-thumbnail category-noticias tag-carli-jimenez tag-la-mona tag-la-mona-jimenez tag-universo-jimenez tag-universo-tickets\" id=\"the-post\">\n<div class=\"single-post-thumb\"> <img loading=\"lazy\" width=\"350\" height=\"330\" src=\"http:\/\/latecordoba.com\/wp-content\/uploads\/2024\/06\/universo-jimenez-tendra-su-propia-ticketera.jpg\" class=\"attachment-slider size-slider wp-post-image\" alt decoding=\"async\" fetchpriority=\"high\"> <\/div>\n<div class=\"post-inner\">\n<p class=\"post-meta\"> <span class=\"tie-date\"><i class=\"fa fa-clock-o\"><\/i>39 min ago<\/span> <span class=\"post-cats\"><i class=\"fa fa-folder\"><\/i><a href=\"https:\/\/radioritmo.com.ar\/category\/noticias\/\" rel=\"category tag\">noticias<\/a><\/span> <\/p>\n<div class=\"entry\">\n<h2 class=\"story-subtitle-restyling color-text font-arial-regular m0\">La empresa de la familia de Carlos \u201cLa Mona\u201d Jim\u00e9nez ahora entrar\u00e1 en el negocio de la venta de tickets.<\/h2>\n<h3>Universo Jim\u00e9nez contin\u00faa expandiendo su propuesta en materia de espect\u00e1culos y producciones.<\/h3>\n<h3 data-mrf-recirculation=\"Links p\u00e1rrafos (art\u00edculo)\">La empresa comandada por Carli Jim\u00e9nez, hijo de La Mona, anunci\u00f3 que ahora apuesta a mejorar la experiencia del p\u00fablico con el lanzamiento de Universo Tickets, una plataforma propia para la compra de entradas de todos los eventos de la productora y que, seg\u00fan anunciaron, \u201ctiene la proyecci\u00f3n de convertirse en la ticketera referente para eventos de terceros\u201d.<\/h3>\n<h3 data-mrf-recirculation=\"Links p\u00e1rrafos (art\u00edculo)\">Carli Jim\u00e9nez habl\u00f3 sobre la decisi\u00f3n de tener su propio expendio de venta de entradas: \u201cComo productora de espect\u00e1culos masivos y despu\u00e9s de haber trabajado con m\u00e1s de 10 ticketeras, hemos podido identificar cuales son los atributos que el p\u00fablico y la productora hoy necesitan tener en cuenta para marcar una diferencia en la experiencia del comprador. Trabajamos hace varios meses en cada detalle para que esta nueva plataforma sea realmente un \u00e9xito que nos permita seguir creciendo como la productora de espect\u00e1culos m\u00e1s grande e interdisciplinaria del interior del pa\u00eds\u201d.<\/h3>\n<p><img loading=\"lazy\" decoding=\"async\" class=\"alignnone size-medium wp-image-17429\" src=\"http:\/\/latecordoba.com\/wp-content\/uploads\/2024\/06\/universo-jimenez-tendra-su-propia-ticketera-1.jpg\" alt width=\"300\" height=\"296\" srcset=\"http:\/\/latecordoba.com\/wp-content\/uploads\/2024\/06\/universo-jimenez-tendra-su-propia-ticketera-1.jpg 300w, http:\/\/latecordoba.com\/wp-content\/uploads\/2024\/06\/universo-jimenez-tendra-su-propia-ticketera-4.jpg 1024w, http:\/\/latecordoba.com\/wp-content\/uploads\/2024\/06\/universo-jimenez-tendra-su-propia-ticketera-5.jpg 768w, https:\/\/radioritmo.com.ar\/wp-content\/uploads\/2024\/06\/Universo-Jimenez-1-1.jpg 1080w\" sizes=\"(max-width: 300px) 100vw, 300px\"><\/p>\n<h3 data-mrf-recirculation=\"Links p\u00e1rrafos (art\u00edculo)\"><img loading=\"lazy\" decoding=\"async\" class=\"alignnone size-medium wp-image-17430\" src=\"http:\/\/latecordoba.com\/wp-content\/uploads\/2024\/06\/universo-jimenez-tendra-su-propia-ticketera-2.jpg\" alt width=\"300\" height=\"291\" srcset=\"http:\/\/latecordoba.com\/wp-content\/uploads\/2024\/06\/universo-jimenez-tendra-su-propia-ticketera-2.jpg 300w, http:\/\/latecordoba.com\/wp-content\/uploads\/2024\/06\/universo-jimenez-tendra-su-propia-ticketera-6.jpg 1024w, http:\/\/latecordoba.com\/wp-content\/uploads\/2024\/06\/universo-jimenez-tendra-su-propia-ticketera-7.jpg 768w, https:\/\/radioritmo.com.ar\/wp-content\/uploads\/2024\/06\/Universo-Jimenez-2.jpg 1080w\" sizes=\"(max-width: 300px) 100vw, 300px\"><\/h3>\n<p><img loading=\"lazy\" decoding=\"async\" class=\"alignnone size-medium wp-image-17431\" src=\"http:\/\/latecordoba.com\/wp-content\/uploads\/2024\/06\/universo-jimenez-tendra-su-propia-ticketera-3.jpg\" alt width=\"300\" height=\"294\" srcset=\"http:\/\/latecordoba.com\/wp-content\/uploads\/2024\/06\/universo-jimenez-tendra-su-propia-ticketera-3.jpg 300w, http:\/\/latecordoba.com\/wp-content\/uploads\/2024\/06\/universo-jimenez-tendra-su-propia-ticketera-8.jpg 1024w, http:\/\/latecordoba.com\/wp-content\/uploads\/2024\/06\/universo-jimenez-tendra-su-propia-ticketera-9.jpg 768w, https:\/\/radioritmo.com.ar\/wp-content\/uploads\/2024\/06\/Universo-Jimenez-3.jpg 1080w\" sizes=\"(max-width: 300px) 100vw, 300px\"><\/p>\n<\/p><\/div>\n<p><!-- .entry \/--> <!-- .share-post --> <\/div>\n<p><!-- .post-inner --> <\/article>\n<p><!-- .post-listing --> <\/p>\n<p class=\"post-tag\">Tags <a href=\"https:\/\/radioritmo.com.ar\/tag\/carli-jimenez\/\" rel=\"tag\">Carli Jim\u00e9nez<\/a> <a href=\"https:\/\/radioritmo.com.ar\/tag\/la-mona\/\" rel=\"tag\">La Mona<\/a> <a href=\"https:\/\/radioritmo.com.ar\/tag\/la-mona-jimenez\/\" rel=\"tag\">La Mona Jim\u00e9nez<\/a> <a href=\"https:\/\/radioritmo.com.ar\/tag\/universo-jimenez\/\" rel=\"tag\">Universo Jim\u00e9nez<\/a> <a href=\"https:\/\/radioritmo.com.ar\/tag\/universo-tickets\/\" rel=\"tag\">Universo Tickets<\/a><\/p>\n<div class=\"post-navigation\">\n<div class=\"post-previous\"><a href=\"https:\/\/radioritmo.com.ar\/sabroso-brillo-con-un-show-exclusivo-en-la-segunda-noche-del-cuarteteando-en-el-comedia\/\" rel=\"prev\"><span>Previous<\/span> Sabroso brill\u00f3 con un show exclusivo en la segunda noche del \u201cCuarteteando en el Comedia\u201d<\/a><\/div>\n<\/p><\/div>\n<p><!-- .post-navigation --> <\/p>\n<section id=\"related_posts\">\n<div class=\"block-head\">\n<h3>Related Articles<\/h3>\n<\/p><\/div>\n<\/section>\n<p> <!-- #comments --> <\/div>\n<p><!-- .content --><br \/>\n<!-- #sidebar \/-->  <\/p>\n","protected":false},"excerpt":{"rendered":"<p> La empresa de la familia de Carlos \u201cLa Mona\u201d Jim\u00e9nez ahora entrar\u00e1 en el negocio de la venta de tickets. Universo Jim\u00e9nez contin\u00faa expandiendo su propuesta en materia de espect\u00e1culos y producciones. La empresa comandada por Carli Jim\u00e9nez, hijo de La Mona, anunci\u00f3 que ahora apuesta a mejorar la experiencia del p\u00fablico con el lanzamiento &#8230;  <\/p>\n","protected":false},"author":1,"featured_media":24251,"comment_status":"closed","ping_status":"closed","sticky":false,"template":"","format":"standard","meta":[],"categories":[20],"tags":[],"_links":{"self":[{"href":"https:\/\/latecordoba.com\/index.php\/wp-json\/wp\/v2\/posts\/24250"}],"collection":[{"href":"https:\/\/latecordoba.com\/index.php\/wp-json\/wp\/v2\/posts"}],"about":[{"href":"https:\/\/latecordoba.com\/index.php\/wp-json\/wp\/v2\/types\/post"}],"author":[{"embeddable":true,"href":"https:\/\/latecordoba.com\/index.php\/wp-json\/wp\/v2\/users\/1"}],"replies":[{"embeddable":true,"href":"https:\/\/latecordoba.com\/index.php\/wp-json\/wp\/v2\/comments?post=24250"}],"version-history":[{"count":0,"href":"https:\/\/latecordoba.com\/index.php\/wp-json\/wp\/v2\/posts\/24250\/revisions"}],"wp:featuredmedia":[{"embeddable":true,"href":"https:\/\/latecordoba.com\/index.php\/wp-json\/wp\/v2\/media\/24251"}],"wp:attachment":[{"href":"https:\/\/latecordoba.com\/index.php\/wp-json\/wp\/v2\/media?parent=24250"}],"wp:term":[{"taxonomy":"category","embeddable":true,"href":"https:\/\/latecordoba.com\/index.php\/wp-json\/wp\/v2\/categories?post=24250"},{"taxonomy":"post_tag","embeddable":true,"href":"https:\/\/latecordoba.com\/index.php\/wp-json\/wp\/v2\/tags?post=24250"}],"curies":[{"name":"wp","href":"https:\/\/api.w.org\/{rel}","templated":true}]}}