{"id":24242,"date":"2024-06-05T12:38:51","date_gmt":"2024-06-05T12:38:51","guid":{"rendered":"https:\/\/viapais.com.ar\/arroyito\/pablo-bertone-cerro-una-muy-buena-temporada-en-la-liga-portuguesa-de-basquet\/"},"modified":"2024-06-05T12:38:51","modified_gmt":"2024-06-05T12:38:51","slug":"pablo-bertone-cerro-una-muy-buena-temporada-en-la-liga-portuguesa-de-basquet","status":"publish","type":"post","link":"https:\/\/latecordoba.com\/index.php\/2024\/06\/05\/pablo-bertone-cerro-una-muy-buena-temporada-en-la-liga-portuguesa-de-basquet\/","title":{"rendered":"Pablo Bertone cerr\u00f3 una muy buena temporada en la Liga Portuguesa de B\u00e1squet"},"content":{"rendered":"\n<p><b>El jugador de Arroyito Pablo Bertone finaliz\u00f3 la primera temporada<\/b> en las filas de la <b>Uni\u00e3o Desportiva Oliveirense<\/b> en la Liga Portuguesa de B\u00e1squet <b>luego de caer con el Sporting Lisboa Benfica<\/b> en el ultimo juego de la llave de semifinales por 77 a 64 en el Pavilh\u00e3o Dr. Salvador Machado, y la visita liquid\u00f3 la serie.<\/p>\n<figure><picture><img alt=\"Pablo Bertone Oliveirense Portugal\" class=\" block \" src=\"http:\/\/latecordoba.com\/wp-content\/uploads\/2024\/06\/pablo-bertone-cerro-una-muy-buena-temporada-en-la-liga-portuguesa-de-basquet.jpg\" sizes=\"auto\" loading=\"lazy\" data-src=\"http:\/\/latecordoba.com\/wp-content\/uploads\/2024\/06\/pablo-bertone-cerro-una-muy-buena-temporada-en-la-liga-portuguesa-de-basquet.jpg\" width=\"1023px\" fetchpriority=\"low\" decoding=\"async\" height=\"859px\"><\/picture><figcaption class>Pablo Bertone Oliveirense Portugal Foto: Prensa Oliveirense<\/figcaption><\/figure>\n<p>De esta manera <b>el Oliveirense se ubic\u00f3 en la tercera posici\u00f3n de la tabla general<\/b> y en los playoffs qued\u00f3 entre los 4 mejores equipos de la LPB. <b>Definir\u00e1n el campeonato <\/b>qui\u00e9n clasific\u00f3 1\u00b0 <b>el Oporto<\/b> contra qui\u00e9n finaliz\u00f3 2\u00b0<b> el Benfica,<\/b> para determinar hacia donde ir\u00e1 el titulo.<\/p>\n<p><b>V\u00eda Arroyito dialog\u00f3 con Pablo Bertone<\/b> al finalizar la temporada y comentaba: \u201c<b>en lo personal super agradecido<\/b>, y afortunado de <b>haber completado mi temporada 10 jugando al basquet profesional,<\/b> otra vez <b>compitiendo en una primera liga europea <\/b>en el mas alto nivel de principio a fin <b>en un equipo que tuvo mucho \u00e9xito<\/b> y en un pa\u00eds donde hay 3 equipos muy grandes por arriba de la media\u201d.<\/p>\n<figure><picture><img alt=\"Pablo Bertone Oliveirense Portugal\" class=\" block \" src=\"http:\/\/latecordoba.com\/wp-content\/uploads\/2024\/06\/pablo-bertone-cerro-una-muy-buena-temporada-en-la-liga-portuguesa-de-basquet-1.jpg\" sizes=\"auto\" loading=\"lazy\" data-src=\"http:\/\/latecordoba.com\/wp-content\/uploads\/2024\/06\/pablo-bertone-cerro-una-muy-buena-temporada-en-la-liga-portuguesa-de-basquet-1.jpg\" width=\"1023px\" fetchpriority=\"low\" decoding=\"async\" height=\"752px\"><\/picture><figcaption class>Pablo Bertone Oliveirense Portugal Foto: Prensa Oliveirense<\/figcaption><\/figure>\n<p>\u201c<b>El objetivo era pelear entre los primeros 4 y lo conseguimos<\/b>, en las 3 competencias: terminamos 3\u00b0 en la Liga y en semifinales en las 3 competencias as\u00ed que <b>se puede decir que tuvimos \u00e9xito<\/b>. En lo personal <b>contento por haber tenido un rol importante en el equipo,<\/b> de haber participado mucho, <b>de haber tenido partidos muy buenos<\/b>\u201d. Bertone finaliz\u00f3 con dobles en d\u00edgitos en la temporada.<\/p>\n<p>\u201c<b>Para mi es un honor y estoy orgulloso del trabajo que hago en el d\u00eda a d\u00eda <\/b>para poder hacerlo, no es casualidad sino trabajo d\u00eda a d\u00eda. <b>Conoc\u00ed una liga nueva que esta creciendo much\u00edsimo<\/b> con equipos que compiten en Ligas Europeas, competimos y lo hicimos. Ahora ni idea de que va a ser en el futuro, <b>primero descansar y desconectar la cabeza y en un par de semanas ver que es lo que viene<\/b>\u201d.<\/p>\n<figure><picture><img alt=\"Pablo Bertone Oliveirense Portugal\" class=\" block \" src=\"http:\/\/latecordoba.com\/wp-content\/uploads\/2024\/06\/pablo-bertone-cerro-una-muy-buena-temporada-en-la-liga-portuguesa-de-basquet-2.jpg\" sizes=\"auto\" loading=\"lazy\" data-src=\"http:\/\/latecordoba.com\/wp-content\/uploads\/2024\/06\/pablo-bertone-cerro-una-muy-buena-temporada-en-la-liga-portuguesa-de-basquet-2.jpg\" width=\"1023px\" fetchpriority=\"low\" decoding=\"async\" height=\"790px\"><\/picture><figcaption class>Pablo Bertone Oliveirense Portugal Foto: Prensa Oliveirense<\/figcaption><\/figure>\n","protected":false},"excerpt":{"rendered":"<p>El jugador de Arroyito Pablo Bertone finaliz\u00f3 la primera temporada en las filas de la Uni\u00e3o Desportiva Oliveirense en la Liga Portuguesa de B\u00e1squet luego de caer con el Sporting Lisboa Benfica en el ultimo juego de la llave de semifinales por 77 a 64 en el Pavilh\u00e3o Dr. Salvador Machado, y la visita liquid\u00f3 [&hellip;]<\/p>\n","protected":false},"author":1,"featured_media":24243,"comment_status":"closed","ping_status":"closed","sticky":false,"template":"","format":"standard","meta":[],"categories":[15],"tags":[],"_links":{"self":[{"href":"https:\/\/latecordoba.com\/index.php\/wp-json\/wp\/v2\/posts\/24242"}],"collection":[{"href":"https:\/\/latecordoba.com\/index.php\/wp-json\/wp\/v2\/posts"}],"about":[{"href":"https:\/\/latecordoba.com\/index.php\/wp-json\/wp\/v2\/types\/post"}],"author":[{"embeddable":true,"href":"https:\/\/latecordoba.com\/index.php\/wp-json\/wp\/v2\/users\/1"}],"replies":[{"embeddable":true,"href":"https:\/\/latecordoba.com\/index.php\/wp-json\/wp\/v2\/comments?post=24242"}],"version-history":[{"count":0,"href":"https:\/\/latecordoba.com\/index.php\/wp-json\/wp\/v2\/posts\/24242\/revisions"}],"wp:featuredmedia":[{"embeddable":true,"href":"https:\/\/latecordoba.com\/index.php\/wp-json\/wp\/v2\/media\/24243"}],"wp:attachment":[{"href":"https:\/\/latecordoba.com\/index.php\/wp-json\/wp\/v2\/media?parent=24242"}],"wp:term":[{"taxonomy":"category","embeddable":true,"href":"https:\/\/latecordoba.com\/index.php\/wp-json\/wp\/v2\/categories?post=24242"},{"taxonomy":"post_tag","embeddable":true,"href":"https:\/\/latecordoba.com\/index.php\/wp-json\/wp\/v2\/tags?post=24242"}],"curies":[{"name":"wp","href":"https:\/\/api.w.org\/{rel}","templated":true}]}}