{"id":23715,"date":"2024-05-20T14:16:21","date_gmt":"2024-05-20T14:16:21","guid":{"rendered":"https:\/\/radioritmo.com.ar\/?p=17229"},"modified":"2024-05-20T14:16:21","modified_gmt":"2024-05-20T14:16:21","slug":"ulises-puso-voz-a-un-temazo-de-rodrigo-y-revelo-que-prepara-para-el-cumple-del-potro","status":"publish","type":"post","link":"https:\/\/latecordoba.com\/index.php\/2024\/05\/20\/ulises-puso-voz-a-un-temazo-de-rodrigo-y-revelo-que-prepara-para-el-cumple-del-potro\/","title":{"rendered":"Ulises puso voz a un temazo de Rodrigo y revel\u00f3 qu\u00e9 prepara para el cumple del Potro"},"content":{"rendered":"\n<div><img decoding=\"async\" src=\"http:\/\/latecordoba.com\/wp-content\/uploads\/2024\/05\/ulises-puso-voz-a-un-temazo-de-rodrigo-y-revelo-que-prepara-para-el-cumple-del-potro.jpg\" class=\"ff-og-image-inserted\"><\/div>\n<h2 class=\"article__dropline\">El Ca\u00f1o homenaje\u00f3 a su hermano con un ic\u00f3nico tema y se prepara para un baile muy especial.<\/h2>\n<p>Mayo es un mes especial para el cuarteto cordob\u00e9s. Cada 24, los bailarines celebran el&nbsp;<b>cumplea\u00f1os del Potro Rodrigo<\/b>&nbsp;y este a\u00f1o,&nbsp;<b>Ulises Bueno&nbsp;<\/b>lo har\u00e1 de una manera especial. El Ca\u00f1o comparti\u00f3 un posteo en donde se lo ve interpretando&nbsp;<i><b>Soy Cordob\u00e9s<\/b><\/i>&nbsp;y escribi\u00f3:&nbsp;<b>\u201cFestejamos el cumple del Potro el 24\u201d<\/b>.<\/p>\n<p class=\"paragraph\">Ulises ha homenajeado a su hermano en m\u00e1s de una oportunidad a lo largo de su carrera. En esta ocasi\u00f3n ser\u00e1 con un baile especial en el Palacio Alsina y promete ser una velada hist\u00f3rica.<\/p>\n<p class=\"paragraph\">Al escuchar el&nbsp;<b>ic\u00f3nico tema de Rodrigo&nbsp;<\/b>en la voz del Barba, los fan\u00e1ticos se vieron invadidos por la nostalgia.<\/p>\n<p class=\"paragraph\">\u201cRodrigo siempre ser\u00e1 lo mejor del amor. Que lindo revivir sus temas\u201d, \u201cuna manija grande como el arco de C\u00f3rdoba\u201d y<b>&nbsp;\u201chubiera dado mi vida por un baile del Potro\u201d,&nbsp;<\/b>fueron algunos de los tantos mensajes.<\/p>\n","protected":false},"excerpt":{"rendered":"<p> El Ca\u00f1o homenaje\u00f3 a su hermano con un ic\u00f3nico tema y se prepara para un baile muy especial. Mayo es un mes especial para el cuarteto cordob\u00e9s. Cada 24, los bailarines celebran el\u00a0cumplea\u00f1os del Potro Rodrigo\u00a0y este a\u00f1o,\u00a0Ulises Bueno\u00a0lo har\u00e1 de una manera especial. El Ca\u00f1o comparti\u00f3 un posteo en donde se lo ve interpretando\u00a0Soy &#8230;  <\/p>\n","protected":false},"author":1,"featured_media":23716,"comment_status":"closed","ping_status":"closed","sticky":false,"template":"","format":"standard","meta":[],"categories":[20],"tags":[],"_links":{"self":[{"href":"https:\/\/latecordoba.com\/index.php\/wp-json\/wp\/v2\/posts\/23715"}],"collection":[{"href":"https:\/\/latecordoba.com\/index.php\/wp-json\/wp\/v2\/posts"}],"about":[{"href":"https:\/\/latecordoba.com\/index.php\/wp-json\/wp\/v2\/types\/post"}],"author":[{"embeddable":true,"href":"https:\/\/latecordoba.com\/index.php\/wp-json\/wp\/v2\/users\/1"}],"replies":[{"embeddable":true,"href":"https:\/\/latecordoba.com\/index.php\/wp-json\/wp\/v2\/comments?post=23715"}],"version-history":[{"count":0,"href":"https:\/\/latecordoba.com\/index.php\/wp-json\/wp\/v2\/posts\/23715\/revisions"}],"wp:featuredmedia":[{"embeddable":true,"href":"https:\/\/latecordoba.com\/index.php\/wp-json\/wp\/v2\/media\/23716"}],"wp:attachment":[{"href":"https:\/\/latecordoba.com\/index.php\/wp-json\/wp\/v2\/media?parent=23715"}],"wp:term":[{"taxonomy":"category","embeddable":true,"href":"https:\/\/latecordoba.com\/index.php\/wp-json\/wp\/v2\/categories?post=23715"},{"taxonomy":"post_tag","embeddable":true,"href":"https:\/\/latecordoba.com\/index.php\/wp-json\/wp\/v2\/tags?post=23715"}],"curies":[{"name":"wp","href":"https:\/\/api.w.org\/{rel}","templated":true}]}}