{"id":23690,"date":"2024-05-21T15:01:57","date_gmt":"2024-05-21T15:01:57","guid":{"rendered":"https:\/\/www.diariocronica.com.ar\/noticias\/2024\/05\/21\/96570-sorpresa-mundial-el-aleman-toni-kroos-anuncio-su-retiro-como-profesional-tras-la-eurocopa"},"modified":"2024-05-21T15:01:57","modified_gmt":"2024-05-21T15:01:57","slug":"sorpresa-mundial-el-aleman-toni-kroos-anuncio-su-retiro-como-profesional-tras-la-eurocopa","status":"publish","type":"post","link":"https:\/\/latecordoba.com\/index.php\/2024\/05\/21\/sorpresa-mundial-el-aleman-toni-kroos-anuncio-su-retiro-como-profesional-tras-la-eurocopa\/","title":{"rendered":"Sorpresa mundial: el alem\u00e1n Toni Kroos anunci\u00f3 su retiro como profesional tras la Eurocopa"},"content":{"rendered":"\n<div><img decoding=\"async\" src=\"http:\/\/latecordoba.com\/wp-content\/uploads\/2024\/05\/sorpresa-mundial-el-aleman-toni-kroos-anuncio-su-retiro-como-profesional-tras-la-eurocopa.jpg\" class=\"ff-og-image-inserted\"><\/div>\n<p>\nEl mediocampista disputar\u00e1 su \u00faltimo partido con el Real Madrid en la final de la Champions League.\n<\/p>\n<div readability=\"73\">\n<p><strong>El alem\u00e1n Toni Kroos<\/strong>, de 34 a\u00f1os,&nbsp;<strong>anunci\u00f3 que<\/strong>&nbsp;<strong>se retirar\u00e1 despu\u00e9s de la Eurocopa de este a\u00f1o,&nbsp;<\/strong>y a\u00f1adi\u00f3 que la final de la Champions League del pr\u00f3ximo mes frente al Borussia Dortmund ser\u00e1 su \u00faltimo partido con el Real Madrid.<\/p>\n<p><strong>&#8220;Mi carrera como futbolista en activo terminar\u00e1 este verano despu\u00e9s de la Eurocopa.<\/strong>&nbsp;Como siempre he dicho,<strong>&nbsp;el Real Madrid es y ser\u00e1 mi \u00faltimo club&#8221;<\/strong>, dijo Kroos en un comunicado en espa\u00f1ol e ingl\u00e9s en Instagram.<\/p>\n<p><strong>\u201cEl 17 de julio de 2014, &nbsp;d\u00eda de mi presentaci\u00f3n en el Real Madrid, el d\u00eda que cambi\u00f3 mi vida. Mi vida como futbolista, pero sobre todo como persona<\/strong>\u201d, remarc\u00f3.<\/p>\n<p>&#8220;Fue el comienzo de una nueva vida en el club m\u00e1s grande del mundo. Hoy, despu\u00e9s de 10 a\u00f1os, al final de la temporada, esta vida llega a su fin.<strong>&nbsp;\u00a1Nunca olvidar\u00e9 esta d\u00e9cada tan apasionante exitosa!&#8221;, a\u00f1adi\u00f3.<\/strong><\/p>\n<p>Kroos disput\u00f3 463 partidos con el club desde su llegada en 2014 y se marchar\u00e1 como uno de los jugadores m\u00e1s condecorados en los 120 a\u00f1os de historia del Real, con m\u00e1s de 20 trofeos, incluidas cuatro Copas de Europa.<\/p>\n<p>Adem\u00e1s de sus t\u00edtulos con el Madrid, el mediocampista gan\u00f3 el Mundial de 2014 con Alemania y otra Liga de Campeones con el Bayern M\u00fanich en 2013.<\/p>\n<p>Kroos est\u00e1 en el \u00faltimo a\u00f1o de su contrato con el Real &nbsp;Madrid y en febrero anunci\u00f3 su regreso a la selecci\u00f3n alemana despu\u00e9s de tres a\u00f1os de retiro internacional y antes de la Eurocopa de junio-julio en su pa\u00eds.<\/p>\n<p><strong>&#8220;Me gustar\u00eda agradecer muy especialmente al presidente Florentino P\u00e9rez, al club y a todos los que me recibieron con el coraz\u00f3n abierto y confiaron en m\u00ed. Pero sobre todo quiero agradeceros, queridos madridistas, vuestro cari\u00f1o y vuestro apoyo desde el primer d\u00eda hasta el \u00faltimo&#8221;<\/strong>, dijo Kroos.<\/p>\n<p>El Real Madrid tambi\u00e9n emiti\u00f3 un extenso comunicado elogiando a Kroos y su legado en el club y su retiro se produce despu\u00e9s de ganar LaLiga y antes de una posible sexta Champions League en Wembley, Londres.<\/p>\n<p><strong>&#8220;El Real Madrid quiere expresar su agradecimiento y su cari\u00f1o a Toni Kroos, un jugador que ya forma parte de la historia del Real Madrid y que es una de las grandes leyendas de nuestro club y del f\u00fatbol mundial&#8221;<\/strong>, dijo el club.<\/p>\n<p>&#8220;Toni Kroos permanecer\u00e1 para siempre en el coraz\u00f3n de todos los madridistas por la excelencia de su f\u00fatbol y por ser un jugador que lo ha dado todo por esta camiseta, representando siempre los valores del Real Madrid&#8221;, indic\u00f3. <em>(NA)<\/em><\/p>\n<\/div>\n","protected":false},"excerpt":{"rendered":"<p> El mediocampista disputar\u00e1 su \u00faltimo partido con el Real Madrid en la final de la Champions League. <\/p>\n","protected":false},"author":1,"featured_media":23691,"comment_status":"closed","ping_status":"closed","sticky":false,"template":"","format":"standard","meta":[],"categories":[17],"tags":[],"_links":{"self":[{"href":"https:\/\/latecordoba.com\/index.php\/wp-json\/wp\/v2\/posts\/23690"}],"collection":[{"href":"https:\/\/latecordoba.com\/index.php\/wp-json\/wp\/v2\/posts"}],"about":[{"href":"https:\/\/latecordoba.com\/index.php\/wp-json\/wp\/v2\/types\/post"}],"author":[{"embeddable":true,"href":"https:\/\/latecordoba.com\/index.php\/wp-json\/wp\/v2\/users\/1"}],"replies":[{"embeddable":true,"href":"https:\/\/latecordoba.com\/index.php\/wp-json\/wp\/v2\/comments?post=23690"}],"version-history":[{"count":0,"href":"https:\/\/latecordoba.com\/index.php\/wp-json\/wp\/v2\/posts\/23690\/revisions"}],"wp:featuredmedia":[{"embeddable":true,"href":"https:\/\/latecordoba.com\/index.php\/wp-json\/wp\/v2\/media\/23691"}],"wp:attachment":[{"href":"https:\/\/latecordoba.com\/index.php\/wp-json\/wp\/v2\/media?parent=23690"}],"wp:term":[{"taxonomy":"category","embeddable":true,"href":"https:\/\/latecordoba.com\/index.php\/wp-json\/wp\/v2\/categories?post=23690"},{"taxonomy":"post_tag","embeddable":true,"href":"https:\/\/latecordoba.com\/index.php\/wp-json\/wp\/v2\/tags?post=23690"}],"curies":[{"name":"wp","href":"https:\/\/api.w.org\/{rel}","templated":true}]}}