{"id":23680,"date":"2024-05-21T15:02:00","date_gmt":"2024-05-21T15:02:00","guid":{"rendered":"https:\/\/www.iprofesional.com\/finanzas\/406498-los-dolares-libres-se-aceleran-y-los-expertos-anticipan-su-tendencia-hasta-donde-ira"},"modified":"2024-05-21T15:02:00","modified_gmt":"2024-05-21T15:02:00","slug":"el-dolar-blue-se-dispara-a-1-220-y-los-expertos-anticipan-su-tendencia-llego-el-final-de-la-pax-cambiaria","status":"publish","type":"post","link":"https:\/\/latecordoba.com\/index.php\/2024\/05\/21\/el-dolar-blue-se-dispara-a-1-220-y-los-expertos-anticipan-su-tendencia-llego-el-final-de-la-pax-cambiaria\/","title":{"rendered":"El d\u00f3lar blue se dispara a $1.220 y los expertos anticipan su tendencia: \u00bflleg\u00f3 el final de la pax cambiaria"},"content":{"rendered":"\n<div class=\"media_block\"><img decoding=\"async\" src=\"http:\/\/latecordoba.com\/wp-content\/uploads\/2024\/05\/el-dolar-blue-se-dispara-a-1-220-y-los-expertos-anticipan-su-tendencia-llego-el-final-de-la-pax-cambiaria.jpg\"><\/div>\n<p>El <strong>d\u00f3lar blue <\/strong>arranca este martes con una suba de cuarenta pesos a $1.220 en las cuevas del microcentro porte\u00f1o, tras el salto de $60 anotado en la v\u00edspera. De esta manera la divisa<a href=\"https:\/\/www.iprofesional.com\/economia\/406439-que-precio-preve-el-mercado-para-el-dolar-blue-en-junio\" target=\"_blank\" rel=\"noopener noreferrer\"> En el segmento burs\u00e1til, el d\u00f3lar contado con liquidaci\u00f3n se negocia a $1.141 y el MEP se ofrece en $1104.<\/a>\n<\/p>\n<p><a href=\"https:\/\/www.iprofesional.com\/finanzas\/406404-el-dolar-blue-salto-a-1180-y-marco-su-maximo-en-100-dias-senal-de-atraso-cambiario\" target=\"_blank\" rel=\"noopener noreferrer\">La pax cambiaria de los \u00faltimos cuatro meses comenz\u00f3 a resquebrajarse <\/a>y junio comienza a anticiparse como un mes m\u00e1s desafiante para los inversores locales. El c\u00f3ctel de baja de tasas del BCRA, incertidumbre pol\u00edtica por el futuro de la <strong>Ley Bases<\/strong>, las dudas sobre el plan de estabilizaci\u00f3n macroecon\u00f3mica de Caputo y el atraso cambiario fueron demasiado para las expectativas de los agentes econ\u00f3micos, que decidieron pasarse a inversiones &#8220;hard dollar&#8221;.\n<\/p>\n<p>Al respecto, seg\u00fan expertos consultados por <strong>iProfesional<\/strong>, el recorte de tasas del Banco Central, junto con las dudas al tratamiento de la Ley de Bases y el paquete fiscal fueron los principales catalizadores detr\u00e1s del aumento de los d\u00f3lares libres.\n<\/p>\n<p>Por otro lado, se\u00f1alaron que el mercado &#8220;est\u00e1 muy atento&#8221; a lo que tambi\u00e9n pasa en el<strong> Senado,<\/strong> por lo que analistas consideran que la no aprobaci\u00f3n del proyecto (o bien la no aprobaci\u00f3n de puntos clave en la legislaci\u00f3n) podr\u00eda desencadenar una nueva alza. Por esta raz\u00f3n, indicaron que la incertidumbre en torno a las iniciativas legislativas del Ejecutivo tambi\u00e9n tendr\u00e1 un impacto significativo en la din\u00e1mica cambiaria y <a href=\"https:\/\/www.iprofesional.com\/finanzas\/406405-anticipan-si-es-buen-momento-de-apostar-al-dolar-nuevamente\" target=\"_blank\" rel=\"noopener noreferrer\">en la confianza de los inversores<\/a>.\n<\/p>\n<p>Por \u00faltimo, precisaron que ahora el mercado est\u00e1 en b\u00fasqueda de un <strong>nuevo punto de equilibrio,<\/strong> por lo que anticiparon que probablemente la brecha cambiaria &#8220;se ubique por encima del 30%&#8221;, con un d\u00f3lar cerca de $1200, al menos hasta tener mayor certidumbre pol\u00edtica y econ\u00f3mica.\n<\/p>\n<h2><strong>Suba del d\u00f3lar blue: los principales motivos <\/strong><\/h2>\n<p>De acuerdo con el analista financiero Sergio Rodr\u00edguez, el <strong>d\u00f3lar blue <\/strong>comenz\u00f3 a mostrar indicios de tendencia alcista &#8220;por varios factores&#8221;, siendo el principal la reducci\u00f3n de tasa de pol\u00edtica monetaria del BCRA que afecta los plazos fijos y la rentabilidad de los fondos del mercado monetario y las cuentas remuneradas, que hacen que la tasa sea negativa.\n<\/p>\n<div class=\"imagen\" readability=\"8\"><img decoding=\"async\" loading=\"lazy\" class=\"lazyload\" src=\"http:\/\/latecordoba.com\/wp-content\/uploads\/2024\/05\/el-dolar-blue-se-dispara-a-1-220-y-los-expertos-anticipan-su-tendencia-llego-el-final-de-la-pax-cambiaria-1.jpg\" alt=\"Los d\u00f3lares libres se recalientan y los expertos anticipan su tendencia: \u00bflleg\u00f3 el final de la pax cambiaria?\" width=\"1280\" height=\"720\"><\/p>\n<p>Los d\u00f3lares libres se recalientan y los expertos anticipan su tendencia: \u00bflleg\u00f3 el final de la pax cambiaria?<\/p>\n<\/div>\n<p>&#8220;Aunque <strong>por ahora no es motivo de preocupaci\u00f3n<\/strong>, es relevante considerar que durante mucho tiempo el d\u00f3lar se mantuvo estable mientras la inflaci\u00f3n aumentaba significativamente&#8221;, precis\u00f3 el experto.\n<\/p>\n<p>Adem\u00e1s, destac\u00f3 que el mercado est\u00e1 en b\u00fasqueda de un nuevo punto de equilibrio, especialmente en un contexto &#8220;m\u00e1s desafiante&#8221; para el oficialismo donde las discusiones sobre la <strong>Ley de Bases<\/strong> no avanzan en el Senado.\n<\/p>\n<p>Como resultado, anticip\u00f3 que es probable que la brecha cambiaria se ubique por encima del 30%, c<a href=\"https:\/\/www.iprofesional.com\/economia\/406321-tras-el-reciente-salto-del-dolar-blue-que-rumbo-preven-los-expertos\" target=\"_blank\" rel=\"noopener noreferrer\">on <strong>un d\u00f3lar m\u00e1s cerca de $1200,<\/strong> <\/a>pero estim\u00f3 que &#8220;ser\u00e1 dif\u00edcil&#8221; que la divise suba mucho m\u00e1s que eso, en un contexto de fuerte liquidaci\u00f3n de cosecha gruesa que &#8220;suavizar\u00e1&#8221; cualquier corrida. No obstante, se\u00f1al\u00f3 que la suba de d\u00f3lares libres pondr\u00e1 en crisis la promesa de sostener el crawling peg mensual del 2%.\n<\/p>\n<p>Adem\u00e1s, alert\u00f3 que &#8220;habr\u00e1 a ver&#8221; si alcanza con la promesa del <strong>sector agroexportador<\/strong> de liquidar para hacer frente a la necesidad de cobertura cambiaria del mercado sin que se espiralice su cotizaci\u00f3n.\n<\/p>\n<p>&#8220;El mercado est\u00e1 ajustando las expectativas respecto a la salida del <strong>cepo cambiario,<\/strong> esperando que sea una salida m\u00e1s gradual o menos inmediata de lo anticipado anteriormente. Hay un fuerte consenso de que la salida del cepo es condici\u00f3n necesaria para encarar un proceso de estabilizaci\u00f3n econ\u00f3mica, pero las dudas de la city todav\u00eda est\u00e1n puestas sobre la secuencia temporal&#8221;, concluy\u00f3 el especialista.\n<\/p>\n<h2><strong>\u00bfFlujo mata fundamentals?<\/strong><\/h2>\n<p>Desde Grupo SBS se\u00f1alaron que d\u00f3lar &#8220;que usan las empresas&#8221; sube en un contexto en que la <strong>oferta de CCL por &#8220;d\u00f3lar blend&#8221;<\/strong> producto de las liquidaciones de exportaciones se contrajo con respecto a los valores de la semana pasada (que son menores al promedio de abril, a\u00fan con la mejora en la liquidaci\u00f3n del agro) y en que el BCRA viene encarando una importante reducci\u00f3n en las tasas de los pasivos remunerados con el objetivo de sanear la hoja de balance.\n<\/p>\n<p>&#8220;El mercado adem\u00e1s, viene siguiendo de cerca las negociaciones por la <strong>Ley Bases<\/strong> y el paquete fiscal, que por el momento se demoran, algo que podr\u00eda a\u00f1adir incertidumbre. Dicho esto, y pese a la demora en las negociaciones pol\u00edticas, mantenemos el view de que el mercado de CCL se mueve principalmente por flujos, por lo que la variable clave a monitorear siguen siendo las liquidaciones de exportaciones, especialmente las del agro en los meses de cosecha gruesa&#8221;, indicaron.\n<\/p>\n<div class=\"imagen\" readability=\"9\"><img decoding=\"async\" loading=\"lazy\" class=\"lazyload\" src=\"http:\/\/latecordoba.com\/wp-content\/uploads\/2024\/05\/el-dolar-blue-se-dispara-a-1-220-y-los-expertos-anticipan-su-tendencia-llego-el-final-de-la-pax-cambiaria-2.jpg\" alt=\"La baja de tasas, la ca\u00edda del Pacto de Mayo y las dudas sobre la Ley Bases en el Senado hizo que los agentes comiencen a cubrirse en \" width=\"1280\" height=\"720\"><\/p>\n<p>La baja de tasas, la ca\u00edda del Pacto de Mayo y las dudas sobre la Ley Bases en el Senado hizo que los agentes comiencen a cubrirse en &#8220;moneda dura&#8221;<\/p>\n<\/div>\n<p>En la misma l\u00ednea, seg\u00fan el br\u00f3ker Portfolio Personal Inversiones, tras la baja de tasas realizada la semana pasada por el <strong>BCRA<\/strong>, &#8220;las ruedas en que m\u00e1s subi\u00f3 el d\u00f3lar financiero&#8221; coincidieron no casualmente con una menor oferta de los exportadores.\n<\/p>\n<p>&#8220;Los exportadores esperan la reacci\u00f3n del mercado a la <strong>baja de tasas <\/strong>para obtener un mayor blend para liquidar, lo que refuerza la idea de que el d\u00f3lar financiero aumenta sin su oferta. Queda en evidencia que nuestra tesis de que el CCL se rige por los flujos del 80\/20% m\u00e1s que por los fundamentos sigue siendo v\u00e1lida para esta econom\u00eda con controles cambiarios y de capitales&#8221;, detallaron.\n<\/p>\n<p>Para los expertos de la ALyC, el CCL &#8220;libre&#8221; deber\u00eda situarse en alg\u00fan punto dentro del rango entre el impl\u00edcito del <strong>Boprea<\/strong>l (\u00bfcota superior $1.347?) y el valor de mercado, el cual est\u00e1 contenido por los flujos del 20% de la liquidaci\u00f3n de los exportadores y una demanda que sigue muy restringida.\n<\/p>\n<p>Con respecto a los flujos, indicaron que la liquidaci\u00f3n de la cosecha gruesa est\u00e1 empezando a traccionar lentamente, pero destacaron que la comercializaci\u00f3n de soja contin\u00faa presentando un retraso hist\u00f3rico. Seg\u00fan sus c\u00e1lculos, alrededor de u$s4.700 millones de la <strong>cosecha gruesa<\/strong> deber\u00edan canalizarse por el CCL.\n<\/p>\n<p>&#8220;En teor\u00eda, el gobierno se hab\u00eda comprometido con el <strong>FMI <\/strong>a levantar el blend a fines de junio, pero dado el atraso en la liquidaci\u00f3n y que las metas vinculantes del acuerdo vienen cumpli\u00e9ndose, nos parece razonable pensar que se extender\u00e1&#8221;, concluyeron.\n<\/p>\n<h2><strong>A cu\u00e1nto cotiza el d\u00f3lar blue hoy<\/strong><\/h2>\n<p>El d\u00f3lar blue se ubica en $1220 para la venta y a $1200 para la compra.\n<\/p>\n<h2><strong>C\u00f3mo operan los d\u00f3lares financieros<\/strong><\/h2>\n<p>En el segmento burs\u00e1til, el d\u00f3lar contado con liquidaci\u00f3n se negocia a $1.141 y el MEP se ofrece en $1104.\n<\/p>\n<h2><strong>Cu\u00e1l es el precio del d\u00f3lar oficial<\/strong><\/h2>\n<p>La cotizaci\u00f3n del d\u00f3lar minorista del Banco Naci\u00f3n arranca a $908.\n<\/p>\n<p>El d\u00f3lar mayorista se negocia a un promedio de $889.\n<\/p>\n<p>Por su parte, el d\u00f3lar solidario y d\u00f3lar tarjeta se ubican en $1.452,80.\n<\/p>\n<h2><strong>La brecha cambiaria<\/strong><\/h2>\n<p>Por \u00faltimo, la brecha cambiaria entre el d\u00f3lar mayorista y los diferentes tipos de cambio, se encuentra de la siguiente manera:\n<\/p>\n<ul>\n<li>Blue: 33%<\/li>\n<li>CCL: 28%<\/li>\n<li>MEP: 24%<\/li>\n<\/ul>\n","protected":false},"excerpt":{"rendered":"\n<div class=\"media_block\"><img decoding=\"async\" src=\"http:\/\/latecordoba.com\/wp-content\/uploads\/2024\/05\/el-dolar-blue-se-dispara-a-1-220-y-los-expertos-anticipan-su-tendencia-llego-el-final-de-la-pax-cambiaria.jpg\"><\/div>\n<p> La baja de tasas, la ca\u00edda del Pacto de Mayo y las dudas sobre la Ley Bases en el Senado hizo que los agentes comiencen a cubrirse en &#8220;moneda dura&#8221;. <iframe width=\"0\" height=\"0\" border=\"0\"> <script> (function(i,s,o,g,r,a,m){i['GoogleAnalyticsObject']=r;i[r]=i[r]||function(){ (i[r].q=i[r].q||[]).push(arguments)},i[r].l=1*new Date();a=s.createElement(o), m=s.getElementsByTagName(o)[0];a.async=1;a.src=g;m.parentNode.insertBefore(a,m) })(window,document,'script','https:\/\/www.google-analytics.com\/analytics.js','ga'); ga('create', 'GTM-5LW5KQD', 'auto'); ga('require', 'displayfeatures'); ga('set', 'campaignSource', 'RSS Client for iProfesional'); ga('set', 'campaignMedium', 'RSS Client for iProfesional'); ga('set', {\"dataSource\": \"rss.atom.iprofesional.com\"}); ga('set', {\"referrer\": \"rss.atom.iprofesional.com\"}); ga('set', 'title', 'RSS Client for iProfesional'); ga('send', 'pageview'); <\/script> <!-- Begin comScore Tag --> <script> var _comscore = _comscore || []; _comscore.push({ c1: \"2\", c2: \"16597048\" }); (function() { var s = document.createElement(\"script\"), el = document.getElementsByTagName(\"script\")[0]; s.async = true; s.src = \"https:\/\/sb.scorecardresearch.com\/cs\/16597048\/beacon.js\"; el.parentNode.insertBefore(s, el); })(); <\/script> <noscript> <img decoding=\"async\" src=\"http:\/\/latecordoba.com\/wp-content\/uploads\/2024\/05\/el-dolar-blue-se-dispara-a-1-220-y-los-expertos-anticipan-su-tendencia-llego-el-final-de-la-pax-cambiaria.gif\"> <\/noscript> <!-- End comScore Tag --> <\/iframe> <iframe border=\"0px\" style=\"display: none\" width=0 height=0 src=\"https:\/\/www.iprofesional.com\/ga4.html?gtag_id=G-N13KWJP8BK&amp;title=El d\u00f3lar blue se dispara a $1.220 y los expertos anticipan su tendencia: \u00bflleg\u00f3 el final de la pax cambiaria&amp;location=https:\/\/www.iprofesional.com\/finanzas\/406498-los-dolares-libres-se-aceleran-y-los-expertos-anticipan-su-tendencia-hasta-donde-ira&amp;referrer=rss.atom.iprofesional.com&amp;ci=RSS Client for iProfesional&amp;cs=RSS Client for iProfesional&amp;cm=RSS&amp;cn=RSS Client for iProfesional&amp;cc=RSS Client for iProfesional\"><\/iframe>  <\/p>\n","protected":false},"author":1,"featured_media":23681,"comment_status":"closed","ping_status":"closed","sticky":false,"template":"","format":"standard","meta":[],"categories":[18],"tags":[],"_links":{"self":[{"href":"https:\/\/latecordoba.com\/index.php\/wp-json\/wp\/v2\/posts\/23680"}],"collection":[{"href":"https:\/\/latecordoba.com\/index.php\/wp-json\/wp\/v2\/posts"}],"about":[{"href":"https:\/\/latecordoba.com\/index.php\/wp-json\/wp\/v2\/types\/post"}],"author":[{"embeddable":true,"href":"https:\/\/latecordoba.com\/index.php\/wp-json\/wp\/v2\/users\/1"}],"replies":[{"embeddable":true,"href":"https:\/\/latecordoba.com\/index.php\/wp-json\/wp\/v2\/comments?post=23680"}],"version-history":[{"count":0,"href":"https:\/\/latecordoba.com\/index.php\/wp-json\/wp\/v2\/posts\/23680\/revisions"}],"wp:featuredmedia":[{"embeddable":true,"href":"https:\/\/latecordoba.com\/index.php\/wp-json\/wp\/v2\/media\/23681"}],"wp:attachment":[{"href":"https:\/\/latecordoba.com\/index.php\/wp-json\/wp\/v2\/media?parent=23680"}],"wp:term":[{"taxonomy":"category","embeddable":true,"href":"https:\/\/latecordoba.com\/index.php\/wp-json\/wp\/v2\/categories?post=23680"},{"taxonomy":"post_tag","embeddable":true,"href":"https:\/\/latecordoba.com\/index.php\/wp-json\/wp\/v2\/tags?post=23680"}],"curies":[{"name":"wp","href":"https:\/\/api.w.org\/{rel}","templated":true}]}}