{"id":23678,"date":"2024-05-21T15:07:48","date_gmt":"2024-05-21T15:07:48","guid":{"rendered":"https:\/\/elnoticierodigital.com.ar\/?p=2013043"},"modified":"2024-05-21T15:07:48","modified_gmt":"2024-05-21T15:07:48","slug":"como-quedaron-los-grupos-dentro-de-la-casa-de-gran-hermano-tras-la-salida-de-zoe","status":"publish","type":"post","link":"https:\/\/latecordoba.com\/index.php\/2024\/05\/21\/como-quedaron-los-grupos-dentro-de-la-casa-de-gran-hermano-tras-la-salida-de-zoe\/","title":{"rendered":"C\u00f3mo quedaron los grupos dentro de la casa de Gran Hermano tras la salida de Zoe"},"content":{"rendered":"<p> <!-- image --><\/p>\n<div class=\"td-post-featured-image\"><a href=\"https:\/\/i0.wp.com\/elnoticierodigital.com.ar\/wp-content\/uploads\/2024\/05\/2013043.jpg?fit=1200%2C675&amp;ssl=1\" data-caption><img decoding=\"async\" loading=\"lazy\" width=\"696\" height=\"392\" class=\"entry-thumb td-modal-image\" src=\"http:\/\/latecordoba.com\/wp-content\/uploads\/2024\/05\/como-quedaron-los-grupos-dentro-de-la-casa-de-gran-hermano-tras-la-salida-de-zoe.jpg\" srcset=\"http:\/\/latecordoba.com\/wp-content\/uploads\/2024\/05\/como-quedaron-los-grupos-dentro-de-la-casa-de-gran-hermano-tras-la-salida-de-zoe-1.jpg 1200w, http:\/\/latecordoba.com\/wp-content\/uploads\/2024\/05\/como-quedaron-los-grupos-dentro-de-la-casa-de-gran-hermano-tras-la-salida-de-zoe-2.jpg 300w, http:\/\/latecordoba.com\/wp-content\/uploads\/2024\/05\/como-quedaron-los-grupos-dentro-de-la-casa-de-gran-hermano-tras-la-salida-de-zoe-3.jpg 1024w, http:\/\/latecordoba.com\/wp-content\/uploads\/2024\/05\/como-quedaron-los-grupos-dentro-de-la-casa-de-gran-hermano-tras-la-salida-de-zoe-4.jpg 768w, http:\/\/latecordoba.com\/wp-content\/uploads\/2024\/05\/como-quedaron-los-grupos-dentro-de-la-casa-de-gran-hermano-tras-la-salida-de-zoe-5.jpg 150w, http:\/\/latecordoba.com\/wp-content\/uploads\/2024\/05\/como-quedaron-los-grupos-dentro-de-la-casa-de-gran-hermano-tras-la-salida-de-zoe.jpg 696w, https:\/\/i0.wp.com\/elnoticierodigital.com.ar\/wp-content\/uploads\/2024\/05\/2013043.jpg?resize=1068%2C601&amp;ssl=1 1068w\" sizes=\"(max-width: 696px) 100vw, 696px\" alt title=\"2013043\"><\/a><\/div>\n<p> <!-- content --><\/p>\n<article readability=\"61\">Intrigas, especulaciones, hip\u00f3tesis y conjeturas se sembraron en la casa de Gran Hermano tras, para algunos de los jugadores, la inesperada salida de Zoe del programa m\u00e1s visto de la TV. Tras el abrupto final de la rubia, se movieron algunas cosas y al grupo de Mart\u00edn intenta sumarse Emmanuel por estas horas; mientras tanto que Furia aclar\u00f3 que sigue compitiendo sola camino a la final.<\/p>\n<p>\u201cAhora somos un originals menos, quedamos 6\u201d, le dijo Emmanuel Vich, quien tambi\u00e9n estaba nominado con la posibilidad de abandonar la casa a Mart\u00edn, uno de los m\u00e1s estrategas de esta edici\u00f3n del reality, en una primera conversaci\u00f3n en privado, tras la salida de Zoe Bogach.<\/p>\n<p>\u201cQu\u00e9 raro lo de Zoe, eh\u2026\u201d, marc\u00f3 el Chino, a modo de reflexi\u00f3n, ya que era uno de los que estaba \u201cconvencido\u201d que la competidora ten\u00eda un grupo de apoyo grande del afuera. Luego, se produjo una conversaci\u00f3n entre el amigo de Mart\u00edn y Nicol\u00e1s.<\/p>\n<p>\u201cNico, te digo algo\u2026 Yo creo que es una sorpresa mucho m\u00e1s para nosotros que para ellos. Para ellos no es tan sorpresa\u201d, manifest\u00f3 el Chino, inmerso en la preocupaci\u00f3n, intentando entender c\u00f3mo fue que Zoe termin\u00f3 afuera del juego cuando ellos la ve\u00edan entre los finalistas.<\/p>\n<p>FURIA LE \u201cMARC\u00d3 LA CANCHA\u201d A SUS COMPA\u00d1EROS<\/p>\n<p>\u201cAixa (la mam\u00e1 de Zoe) estaba muy preocupada porque algo sab\u00eda, obviamente, del afuera\u2026 Nico, es como ellos (en referencia al amigo de Mart\u00edn y al hijo de Dar\u00edo, que se hab\u00edan sumado a la charla) que tampoco pueden decir nada\u201d, sigui\u00f3 la charla.<\/p>\n<p>\u201cY ahora se tienen que seguir haciendo los boludos. A nosotros nos sorprende mucho m\u00e1s que a ellos\u201d, agreg\u00f3 Mart\u00edn. \u201cIgual, yo posta, a Zoe no la vi en nada, en ninguna reuni\u00f3n de nosotros. La vi trabajando m\u00e1s a la mam\u00e1 que a ella\u201d, aport\u00f3, por su parte, a modo de \u201ccr\u00edtica\u201d el amigo de Ku.<\/p>\n<p>Y, en ese momento, irrumpi\u00f3 Furia en la conversaci\u00f3n con una orden y advertencia para los chicos: \u201cEmmanuel te vas, Furia a la final. Yo voy a la negativa. y todos ustedes me van a votar, \u00bflisto? Hagan lo que tengan que hacer. Yo voy a ir a cascotearlo. y si me tengo que ir, lo har\u00e9 con la frente en alto. Pero yo voy al versus con este gil. No le tengo miedo a nadie\u201d, les dijo la participante.<\/p>\n<\/article>\n<p>Fuente: <a href=\"https:\/\/www.paparazzi.com.ar\/teve\/como-quedaron-los-grupos-dentro-de-la-casa-de-gran-hermano-tras-la-salida-de-zoe\/\">https:\/\/www.paparazzi.com.ar\/<\/a><\/p>\n","protected":false},"excerpt":{"rendered":"<p> Intrigas, especulaciones, hip\u00f3tesis y conjeturas se sembraron en la casa de Gran Hermano tras, para algunos de los jugadores, la inesperada salida de Zoe del programa m\u00e1s visto de la TV. Tras el abrupto final de la rubia, se movieron algunas cosas y al grupo de Mart\u00edn intenta sumarse Emmanuel por estas horas; mientras tanto [&#8230;]  <\/p>\n","protected":false},"author":1,"featured_media":23679,"comment_status":"closed","ping_status":"closed","sticky":false,"template":"","format":"standard","meta":[],"categories":[14],"tags":[],"_links":{"self":[{"href":"https:\/\/latecordoba.com\/index.php\/wp-json\/wp\/v2\/posts\/23678"}],"collection":[{"href":"https:\/\/latecordoba.com\/index.php\/wp-json\/wp\/v2\/posts"}],"about":[{"href":"https:\/\/latecordoba.com\/index.php\/wp-json\/wp\/v2\/types\/post"}],"author":[{"embeddable":true,"href":"https:\/\/latecordoba.com\/index.php\/wp-json\/wp\/v2\/users\/1"}],"replies":[{"embeddable":true,"href":"https:\/\/latecordoba.com\/index.php\/wp-json\/wp\/v2\/comments?post=23678"}],"version-history":[{"count":0,"href":"https:\/\/latecordoba.com\/index.php\/wp-json\/wp\/v2\/posts\/23678\/revisions"}],"wp:featuredmedia":[{"embeddable":true,"href":"https:\/\/latecordoba.com\/index.php\/wp-json\/wp\/v2\/media\/23679"}],"wp:attachment":[{"href":"https:\/\/latecordoba.com\/index.php\/wp-json\/wp\/v2\/media?parent=23678"}],"wp:term":[{"taxonomy":"category","embeddable":true,"href":"https:\/\/latecordoba.com\/index.php\/wp-json\/wp\/v2\/categories?post=23678"},{"taxonomy":"post_tag","embeddable":true,"href":"https:\/\/latecordoba.com\/index.php\/wp-json\/wp\/v2\/tags?post=23678"}],"curies":[{"name":"wp","href":"https:\/\/api.w.org\/{rel}","templated":true}]}}