{"id":23645,"date":"2024-05-20T13:13:46","date_gmt":"2024-05-20T13:13:46","guid":{"rendered":"https:\/\/elnoticierodigital.com.ar\/?p=2011362"},"modified":"2024-05-20T13:13:46","modified_gmt":"2024-05-20T13:13:46","slug":"gran-tristeza-luciana-salazar-esta-de-duelo-por-la-muerte-de-un-cercano-ser-querido","status":"publish","type":"post","link":"https:\/\/latecordoba.com\/index.php\/2024\/05\/20\/gran-tristeza-luciana-salazar-esta-de-duelo-por-la-muerte-de-un-cercano-ser-querido\/","title":{"rendered":"\u201cGran tristeza\u201d: Luciana Salazar est\u00e1 de duelo por la muerte de un cercano ser querido"},"content":{"rendered":"<p> <!-- image --><\/p>\n<div class=\"td-post-featured-image\"><a href=\"https:\/\/i0.wp.com\/elnoticierodigital.com.ar\/wp-content\/uploads\/2024\/05\/2011362.jpg?fit=752%2C475&amp;ssl=1\" data-caption><img decoding=\"async\" loading=\"lazy\" width=\"696\" height=\"440\" class=\"entry-thumb td-modal-image\" src=\"http:\/\/latecordoba.com\/wp-content\/uploads\/2024\/05\/gran-tristeza-luciana-salazar-esta-de-duelo-por-la-muerte-de-un-cercano-ser-querido.jpg\" srcset=\"http:\/\/latecordoba.com\/wp-content\/uploads\/2024\/05\/gran-tristeza-luciana-salazar-esta-de-duelo-por-la-muerte-de-un-cercano-ser-querido-1.jpg 752w, http:\/\/latecordoba.com\/wp-content\/uploads\/2024\/05\/gran-tristeza-luciana-salazar-esta-de-duelo-por-la-muerte-de-un-cercano-ser-querido-2.jpg 300w, http:\/\/latecordoba.com\/wp-content\/uploads\/2024\/05\/gran-tristeza-luciana-salazar-esta-de-duelo-por-la-muerte-de-un-cercano-ser-querido-3.jpg 150w, http:\/\/latecordoba.com\/wp-content\/uploads\/2024\/05\/gran-tristeza-luciana-salazar-esta-de-duelo-por-la-muerte-de-un-cercano-ser-querido.jpg 696w\" sizes=\"(max-width: 696px) 100vw, 696px\" alt title=\"2011362\"><\/a><\/div>\n<p> <!-- content --><\/p>\n<article readability=\"38\">En la tarde del 16 de mayo, Luciana Salazar qued\u00f3 golpeada por la noticia de una muerte en su entorno familiar. Muy triste por el fallecimiento de una persona muy querida, Luciana decidi\u00f3 contarlo en sus redes y saludar a los cercanos de Tito Matich.<\/p>\n<p>As\u00ed lo abri\u00f3 ella a sus tres millones de seguidores de Instagram: \u201cGran tristeza para toda nuestra familia. Se fue una gran persona, un padre ejemplar y un abuelo inigualable. Tito Matich se te va a extra\u00f1ar mucho\u201d.<\/p>\n<p>La mam\u00e1 de Matilda cerr\u00f3 este posteo de despedida con su sentido recuerdo de este se\u00f1or que en vida hizo mucho para cimentar los lazos en su grupo familiar. \u201cUn abrazo a toda nuestra hermosa familia Matich\/Salazar que tanto uniste, a tus hijos y a tus nietos que te amaron tanto. Hasta siempre, Tito. QEPD\u201d, expres\u00f3, con un emoji de coraz\u00f3n roto.<\/p>\n<p>Luego, la rubia public\u00f3 una foto de su familiar, un hombre a\u00fan joven del que no dio detalles de la causa de su fallecimiento. Cabe recordar que esta no es la primera p\u00e9rdida que Lulipop enfrenta en el \u00faltimo tiempo, que en cuesti\u00f3n de un a\u00f1o despidi\u00f3 a sus amigos Ra\u00fal Sotelo y a Mariano Caprarola.<\/p>\n<p>LUCIANA SALAZAR SE MUD\u00d3 DEL CHATEAU LIBERTADOR<\/p>\n<p>Luciana Salazar y Matilda se despidieron del exclusivo piso en el Chateau de Libertador, en N\u00fa\u00f1ez, y se mudaron a otro departamento por la zona, menos lujoso pero lindo y c\u00f3modo para las dos. Y como suele pasar en estos casos, Luli qued\u00f3 de cama con la mudanza.<\/p>\n<p>\u201cViene una etapa 40 veces mejor\u2026 Fue un mes de much\u00edsimo estr\u00e9s. Lo que genera una mudanza en 30 d\u00edas. Me cost\u00f3 dos kilos que ya los recuperar\u00e9. Una etapa nueva con las mejores vibras\u201d, expres\u00f3 la blonda en sus redes, al mostrar la primera foto de su nuevo hogar.<\/p>\n<\/article>\n<p>Fuente: <a href=\"https:\/\/www.paparazzi.com.ar\/teve\/gran-tristeza-luciana-salazar-esta-de-duelo-por-la-muerte-de-un-muy-cercano-ser-querido\/\">https:\/\/www.paparazzi.com.ar\/<\/a><\/p>\n","protected":false},"excerpt":{"rendered":"<p> En la tarde del 16 de mayo, Luciana Salazar qued\u00f3 golpeada por la noticia de una muerte en su entorno familiar. Muy triste por el fallecimiento de una persona muy querida, Luciana decidi\u00f3 contarlo en sus redes y saludar a los cercanos de Tito Matich. As\u00ed lo abri\u00f3 ella a sus tres millones de seguidores [&#8230;]  <\/p>\n","protected":false},"author":1,"featured_media":23646,"comment_status":"closed","ping_status":"closed","sticky":false,"template":"","format":"standard","meta":[],"categories":[14],"tags":[],"_links":{"self":[{"href":"https:\/\/latecordoba.com\/index.php\/wp-json\/wp\/v2\/posts\/23645"}],"collection":[{"href":"https:\/\/latecordoba.com\/index.php\/wp-json\/wp\/v2\/posts"}],"about":[{"href":"https:\/\/latecordoba.com\/index.php\/wp-json\/wp\/v2\/types\/post"}],"author":[{"embeddable":true,"href":"https:\/\/latecordoba.com\/index.php\/wp-json\/wp\/v2\/users\/1"}],"replies":[{"embeddable":true,"href":"https:\/\/latecordoba.com\/index.php\/wp-json\/wp\/v2\/comments?post=23645"}],"version-history":[{"count":0,"href":"https:\/\/latecordoba.com\/index.php\/wp-json\/wp\/v2\/posts\/23645\/revisions"}],"wp:featuredmedia":[{"embeddable":true,"href":"https:\/\/latecordoba.com\/index.php\/wp-json\/wp\/v2\/media\/23646"}],"wp:attachment":[{"href":"https:\/\/latecordoba.com\/index.php\/wp-json\/wp\/v2\/media?parent=23645"}],"wp:term":[{"taxonomy":"category","embeddable":true,"href":"https:\/\/latecordoba.com\/index.php\/wp-json\/wp\/v2\/categories?post=23645"},{"taxonomy":"post_tag","embeddable":true,"href":"https:\/\/latecordoba.com\/index.php\/wp-json\/wp\/v2\/tags?post=23645"}],"curies":[{"name":"wp","href":"https:\/\/api.w.org\/{rel}","templated":true}]}}