{"id":23643,"date":"2024-05-17T13:57:35","date_gmt":"2024-05-17T13:57:35","guid":{"rendered":"https:\/\/www.radiourbanasf.com.ar\/?p=18989"},"modified":"2024-05-17T13:57:35","modified_gmt":"2024-05-17T13:57:35","slug":"el-nuevo-tour-de-andres-calamaro-llega-a-la-docta","status":"publish","type":"post","link":"https:\/\/latecordoba.com\/index.php\/2024\/05\/17\/el-nuevo-tour-de-andres-calamaro-llega-a-la-docta\/","title":{"rendered":"El nuevo tour de Andr\u00e9s Calamaro llega a la Docta."},"content":{"rendered":"<p> <!-- .share-post --> <!-- WhatsApp Share Button for WordPress: http:\/\/peadig.com\/wordpress-plugins\/whatsapp-share-button\/ --><\/p>\n<div data-breakout=\"normal\" readability=\"15\">\n<h2 id=\"viewer-foo\" class=\"dlzxh iHMhu _8nare Z9p7w\" dir=\"auto\"><span class=\"tta71\">El ex l\u00edder de \u201clos abuelos de la nada\u201d desembarca en C\u00f3rdoba para presentar su nuevo tour titulado \u201cAgenda 1999\u201d. El artista brindar\u00e1 su show el 17 de Noviembre en<strong> LA PLAZA DE LA M\u00daSICA.<\/strong><\/span><\/h2>\n<p class=\"dlzxh iHMhu _8nare Z9p7w\" dir=\"auto\">Atenci\u00f3n pido al silencio, y silencio a la atenci\u00f3n\u2026 que voy en esta ocasi\u00f3n, si me ayuda la memoria, a contarles que a mi historia le faltaba lo mejor\u2026<\/p>\n<p class=\"dlzxh iHMhu _8nare Z9p7w\" dir=\"auto\">Calamaro es considerado uno de los \u00edconos del rock en argentina y en el mundo. Se lo considera uno de los referentes del rock espa\u00f1ol junto a Charly Garc\u00eda. Los Calamaros (Andr\u00e9s y Javier) sin dudas son un fen\u00f3meno en la vida de cada rockero.<\/p>\n<\/div>\n<p dir=\"auto\"><a href=\"http:\/\/latecordoba.com\/wp-content\/uploads\/2024\/05\/el-nuevo-tour-de-andres-calamaro-llega-a-la-docta.jpg\"><img decoding=\"async\" loading=\"lazy\" class=\"alignnone size-full wp-image-18990\" src=\"http:\/\/latecordoba.com\/wp-content\/uploads\/2024\/05\/el-nuevo-tour-de-andres-calamaro-llega-a-la-docta.jpg\" alt width=\"516\" height=\"505\" srcset=\"http:\/\/latecordoba.com\/wp-content\/uploads\/2024\/05\/el-nuevo-tour-de-andres-calamaro-llega-a-la-docta.jpg 516w, http:\/\/www.radiourbanasf.com.ar\/wp-content\/uploads\/2024\/05\/Andres-Calamaro-300x294.jpg 300w\" sizes=\"(max-width: 516px) 100vw, 516px\"><\/a><\/p>\n<p><!-- WhatsApp Share Button for WordPress: http:\/\/peadig.com\/wordpress-plugins\/whatsapp-share-button\/ -->  <\/p>\n","protected":false},"excerpt":{"rendered":"\n<div style=\"float:right;margin:0 0 20px 20px;\"><img decoding=\"async\" width=\"150\" height=\"150\" src=\"http:\/\/latecordoba.com\/wp-content\/uploads\/2024\/05\/el-nuevo-tour-de-andres-calamaro-llega-a-la-docta-1.jpg\" class=\"attachment-thumbnail size-thumbnail wp-post-image\" alt=\"\" loading=\"lazy\" \/><\/div>\n<p>El ex l\u00edder de &#8220;los abuelos de la nada&#8221; desembarca en C\u00f3rdoba para presentar su nuevo tour titulado &#8220;Agenda 1999&#8221;. El artista brindar\u00e1 su show el 17 de Noviembre en LA PLAZA DE LA M\u00daSICA. Atenci\u00f3n pido al silencio, y silencio a la atenci\u00f3n&#8230; que voy en esta ocasi\u00f3n, si me ayuda la memoria, a &#8230;  <\/p>\n","protected":false},"author":1,"featured_media":23644,"comment_status":"closed","ping_status":"closed","sticky":false,"template":"","format":"standard","meta":[],"categories":[20],"tags":[],"_links":{"self":[{"href":"https:\/\/latecordoba.com\/index.php\/wp-json\/wp\/v2\/posts\/23643"}],"collection":[{"href":"https:\/\/latecordoba.com\/index.php\/wp-json\/wp\/v2\/posts"}],"about":[{"href":"https:\/\/latecordoba.com\/index.php\/wp-json\/wp\/v2\/types\/post"}],"author":[{"embeddable":true,"href":"https:\/\/latecordoba.com\/index.php\/wp-json\/wp\/v2\/users\/1"}],"replies":[{"embeddable":true,"href":"https:\/\/latecordoba.com\/index.php\/wp-json\/wp\/v2\/comments?post=23643"}],"version-history":[{"count":0,"href":"https:\/\/latecordoba.com\/index.php\/wp-json\/wp\/v2\/posts\/23643\/revisions"}],"wp:featuredmedia":[{"embeddable":true,"href":"https:\/\/latecordoba.com\/index.php\/wp-json\/wp\/v2\/media\/23644"}],"wp:attachment":[{"href":"https:\/\/latecordoba.com\/index.php\/wp-json\/wp\/v2\/media?parent=23643"}],"wp:term":[{"taxonomy":"category","embeddable":true,"href":"https:\/\/latecordoba.com\/index.php\/wp-json\/wp\/v2\/categories?post=23643"},{"taxonomy":"post_tag","embeddable":true,"href":"https:\/\/latecordoba.com\/index.php\/wp-json\/wp\/v2\/tags?post=23643"}],"curies":[{"name":"wp","href":"https:\/\/api.w.org\/{rel}","templated":true}]}}