{"id":23641,"date":"2024-05-20T14:52:13","date_gmt":"2024-05-20T14:52:13","guid":{"rendered":"https:\/\/radioritmo.com.ar\/?p=17235"},"modified":"2024-05-20T14:52:13","modified_gmt":"2024-05-20T14:52:13","slug":"reaparecio-katriel-arguello-su-estado-de-salud-y-cuando-volvera-a-cantar","status":"publish","type":"post","link":"https:\/\/latecordoba.com\/index.php\/2024\/05\/20\/reaparecio-katriel-arguello-su-estado-de-salud-y-cuando-volvera-a-cantar\/","title":{"rendered":"Reapareci\u00f3 Katriel Arg\u00fcello: su estado de salud y cu\u00e1ndo volver\u00e1 a cantar"},"content":{"rendered":"\n<div><img decoding=\"async\" src=\"http:\/\/latecordoba.com\/wp-content\/uploads\/2024\/05\/reaparecio-katriel-arguello-su-estado-de-salud-y-cuando-volvera-a-cantar.jpg\" class=\"ff-og-image-inserted\"><\/div>\n<h2 class=\"article__dropline\">Luego de algunas semanas sin noticias, el cuartetero se comunic\u00f3 con sus fans v\u00eda redes. Su proceso de recuperaci\u00f3n.<\/h2>\n<p><b>Katriel Arg\u00fcello&nbsp;<\/b>reapareci\u00f3 en sus redes sociales luego de varias semanas de ausencia y cont\u00f3 a sus seguidores&nbsp;<b>c\u00f3mo se recupera luego de&nbsp;<\/b><b>su cirug\u00eda<\/b>. El cuartetero se mejora de a poco y espera ansioso su vuelta a los escenarios.<\/p>\n<p>\u201cAparezco de a poquito, no estaba haciendo mucho porque estaba haciendo el reposo necesario. Estaba en mi cama o en el jard\u00edn tomando mate y nada m\u00e1s que eso\u201d, cont\u00f3 el cantante.<\/p>\n<h2 class=\"font--primary\"><b>Su cirug\u00eda y recuperaci\u00f3n<\/b><\/h2>\n<p class=\"paragraph\">Cabe recordar que&nbsp;<b>Katriel fue operado en febrero a causa de dos hernias de disco<\/b> por lo que se tuvo que alejar de los escenarios. \u201cMe ca\u00eda en mi casa y<b>&nbsp;no sent\u00eda las piernas<\/b>. Se me pon\u00edan duras, me acalambraba y me ca\u00eda\u201d seg\u00fan lo que cont\u00f3 a Cuarteteando M\u00e1s .<\/p>\n<p class=\"paragraph\">\u201cMe cortaron los antibi\u00f3ticos porque&nbsp;<b>sali\u00f3 todo bien en la primera parte del tratamiento<\/b>\u201d, asegur\u00f3. El cantante de Barrio Patricios empezar\u00e1 con fisioterapia todos los d\u00edas por los&nbsp;<b>pr\u00f3ximos tres meses<\/b>&nbsp;para fortalecer la parte lumbar de su cintura.<\/p>\n<p class=\"paragraph\">\u201c<b>Despu\u00e9s, cuando termine la fisio podremos volver a los escenarios.&nbsp;<\/b>Solamente quer\u00eda contarles eso\u201d, concluy\u00f3 Katriel.<\/p>\n","protected":false},"excerpt":{"rendered":"<p> Luego de algunas semanas sin noticias, el cuartetero se comunic\u00f3 con sus fans v\u00eda redes. Su proceso de recuperaci\u00f3n. Katriel Arg\u00fcello\u00a0reapareci\u00f3 en sus redes sociales luego de varias semanas de ausencia y cont\u00f3 a sus seguidores\u00a0c\u00f3mo se recupera luego de\u00a0su cirug\u00eda. El cuartetero se mejora de a poco y espera ansioso su vuelta a los &#8230;  <\/p>\n","protected":false},"author":1,"featured_media":23642,"comment_status":"closed","ping_status":"closed","sticky":false,"template":"","format":"standard","meta":[],"categories":[20],"tags":[],"_links":{"self":[{"href":"https:\/\/latecordoba.com\/index.php\/wp-json\/wp\/v2\/posts\/23641"}],"collection":[{"href":"https:\/\/latecordoba.com\/index.php\/wp-json\/wp\/v2\/posts"}],"about":[{"href":"https:\/\/latecordoba.com\/index.php\/wp-json\/wp\/v2\/types\/post"}],"author":[{"embeddable":true,"href":"https:\/\/latecordoba.com\/index.php\/wp-json\/wp\/v2\/users\/1"}],"replies":[{"embeddable":true,"href":"https:\/\/latecordoba.com\/index.php\/wp-json\/wp\/v2\/comments?post=23641"}],"version-history":[{"count":0,"href":"https:\/\/latecordoba.com\/index.php\/wp-json\/wp\/v2\/posts\/23641\/revisions"}],"wp:featuredmedia":[{"embeddable":true,"href":"https:\/\/latecordoba.com\/index.php\/wp-json\/wp\/v2\/media\/23642"}],"wp:attachment":[{"href":"https:\/\/latecordoba.com\/index.php\/wp-json\/wp\/v2\/media?parent=23641"}],"wp:term":[{"taxonomy":"category","embeddable":true,"href":"https:\/\/latecordoba.com\/index.php\/wp-json\/wp\/v2\/categories?post=23641"},{"taxonomy":"post_tag","embeddable":true,"href":"https:\/\/latecordoba.com\/index.php\/wp-json\/wp\/v2\/tags?post=23641"}],"curies":[{"name":"wp","href":"https:\/\/api.w.org\/{rel}","templated":true}]}}