{"id":23635,"date":"2024-05-20T11:29:48","date_gmt":"2024-05-20T11:29:48","guid":{"rendered":"https:\/\/viapais.com.ar\/internacional\/el-helicoptero-en-el-que-volaba-el-presidente-irani-tuvo-un-accidente-lo-buscan-20-equipos-de-rescate\/"},"modified":"2024-05-20T11:29:48","modified_gmt":"2024-05-20T11:29:48","slug":"se-confirmo-la-muerte-del-presidente-de-iran-tras-caer-el-helicoptero-en-el-que-volaba","status":"publish","type":"post","link":"https:\/\/latecordoba.com\/index.php\/2024\/05\/20\/se-confirmo-la-muerte-del-presidente-de-iran-tras-caer-el-helicoptero-en-el-que-volaba\/","title":{"rendered":"Se confirm\u00f3 la muerte del presidente de Ir\u00e1n tras caer el helic\u00f3ptero en el que volaba"},"content":{"rendered":"\n<div><img decoding=\"async\" src=\"http:\/\/latecordoba.com\/wp-content\/uploads\/2024\/05\/se-confirmo-la-muerte-del-presidente-de-iran-tras-caer-el-helicoptero-en-el-que-volaba.jpg\" class=\"ff-og-image-inserted\"><\/div>\n<section readability=\"41\">\n<p>El <b>presidente de Ir\u00e1n<\/b>, Ebrahim Raisi, <b>muri\u00f3<\/b> este domingo tras <b>caer el helic\u00f3ptero en el que viajaba<\/b> junto a otros funcionarios de alto rango del pa\u00eds isl\u00e1mico, entre ellos, <b>el ayatol\u00e1<\/b> Ali Al-Hashemi, Imam de la Mezquita de Tabriz. Por el accidente no hubo sobrevivientes. <\/p>\n<p>La noticia tard\u00f3 varias horas en ser confirmada. Debido a las dificultades geogr\u00e1ficas del terreno en donde sucedi\u00f3 el accidente y por el mal clima, <b>las operaciones de rescate se dificultaron notablemente<\/b> y eso retras\u00f3 la confirmaci\u00f3n de que no hubo sobrevivientes.<\/p>\n<p>Por el momento, <b>se desconocen los motivos que habr\u00edan generado un desperfecto en la aeronave<\/b> lo que hizo que se precipitara. <\/p>\n<p>Los investigadores del hecho debieron recurrir a la utilizaci\u00f3n de drones para poder llegar a tener visibilidad en el lugar exacto del accidente, que es en la zona del bosque de Dizmar, cerca de la ciudad Varzaghan, en la frontera con Azerbaiy\u00e1n.<\/p>\n<p>Las \u201ccondiciones meteorol\u00f3gicas desfavorables\u201d, incluyendo una espesa neblina, \u201cdificultan las labores de rescate\u201d, hab\u00eda indicado el ministro del Interior, Ahmed Vahidi, a la televisi\u00f3n estatal. \u201cLlegar a la zona del helic\u00f3ptero puede tomar tiempo\u201d, hab\u00eda a\u00f1adido. <\/p>\n<p>Finalmente, la <b>confirmaci\u00f3n de la muerte del presidente iran\u00ed<\/b> la inform\u00f3 el director de la Sociedad de la Media Luna Roja Iran\u00ed, Pir Hossein Kolivand. <b>\u201cNo hubo pasajeros supervivientes en el lugar donde se encontraron los restos del helic\u00f3ptero que se estrell\u00f3\u201d<\/b>.<\/p>\n<\/section>\n<div class=\"story-tags noreadme-audima\">\n<h3>Temas Relacionados<\/h3>\n<\/div>\n","protected":false},"excerpt":{"rendered":"<p>El presidente de Ir\u00e1n, Ebrahim Raisi, muri\u00f3 este domingo tras caer el helic\u00f3ptero en el que viajaba junto a otros funcionarios de alto rango del pa\u00eds isl\u00e1mico, entre ellos, el ayatol\u00e1 Ali Al-Hashemi, Imam de la Mezquita de Tabriz. Por el accidente no hubo sobrevivientes. La noticia tard\u00f3 varias horas en ser confirmada. Debido a [&hellip;]<\/p>\n","protected":false},"author":1,"featured_media":23636,"comment_status":"closed","ping_status":"closed","sticky":false,"template":"","format":"standard","meta":[],"categories":[15],"tags":[],"_links":{"self":[{"href":"https:\/\/latecordoba.com\/index.php\/wp-json\/wp\/v2\/posts\/23635"}],"collection":[{"href":"https:\/\/latecordoba.com\/index.php\/wp-json\/wp\/v2\/posts"}],"about":[{"href":"https:\/\/latecordoba.com\/index.php\/wp-json\/wp\/v2\/types\/post"}],"author":[{"embeddable":true,"href":"https:\/\/latecordoba.com\/index.php\/wp-json\/wp\/v2\/users\/1"}],"replies":[{"embeddable":true,"href":"https:\/\/latecordoba.com\/index.php\/wp-json\/wp\/v2\/comments?post=23635"}],"version-history":[{"count":0,"href":"https:\/\/latecordoba.com\/index.php\/wp-json\/wp\/v2\/posts\/23635\/revisions"}],"wp:featuredmedia":[{"embeddable":true,"href":"https:\/\/latecordoba.com\/index.php\/wp-json\/wp\/v2\/media\/23636"}],"wp:attachment":[{"href":"https:\/\/latecordoba.com\/index.php\/wp-json\/wp\/v2\/media?parent=23635"}],"wp:term":[{"taxonomy":"category","embeddable":true,"href":"https:\/\/latecordoba.com\/index.php\/wp-json\/wp\/v2\/categories?post=23635"},{"taxonomy":"post_tag","embeddable":true,"href":"https:\/\/latecordoba.com\/index.php\/wp-json\/wp\/v2\/tags?post=23635"}],"curies":[{"name":"wp","href":"https:\/\/api.w.org\/{rel}","templated":true}]}}