{"id":23633,"date":"2024-05-19T22:34:00","date_gmt":"2024-05-19T22:34:00","guid":{"rendered":"http:\/\/83a97068766aa9149fcc94cda95d0946"},"modified":"2024-05-19T22:34:00","modified_gmt":"2024-05-19T22:34:00","slug":"marcelo-cima-el-kirchnerista-que-se-volvio-mano-derecha-de-mondino","status":"publish","type":"post","link":"https:\/\/latecordoba.com\/index.php\/2024\/05\/19\/marcelo-cima-el-kirchnerista-que-se-volvio-mano-derecha-de-mondino\/","title":{"rendered":"Marcelo Cima, el kirchnerista que se volvi\u00f3 mano derecha de Mondino"},"content":{"rendered":"\n<div class=\"media_block\"><img decoding=\"async\" src=\"http:\/\/latecordoba.com\/wp-content\/uploads\/2024\/05\/marcelo-cima-el-kirchnerista-que-se-volvio-mano-derecha-de-mondino.jpg\"><\/div>\n<p>Marcelo Cima es una de las pocas personas que acompa\u00f1a a Diana Mondino a todos sus viajes y oficia de consejero sobre los asuntos estrat\u00e9gicos de la Canciller\u00eda. Es un diplom\u00e1tico de carrera que esta gesti\u00f3n lo nombr\u00f3 como Secretario de Relaciones Econ\u00f3micas pero que su influencia ha ido creciendo con el correr de los meses.&nbsp;<\/p>\n<p>Como public\u00f3 en <a href=\"https:\/\/www.lapoliticaonline.com\/tools\/redirect.php?t=3&amp;i=276537&amp;s=84071149ed52a11b70447ea40f3918e3\">exclusivo<\/a> LPO, Mondino se rode\u00f3 de diplom\u00e1ticos, la mayor\u00eda acerados por Jorge Faurie, ante la falta de experiencia en el cargo y en esa tarea Cima se volvi\u00f3 su mano derecha.&nbsp;<\/p>\n<p><a href=\"https:\/\/www.lapoliticaonline.com\/tools\/redirect.php?t=3&amp;i=287779&amp;s=c6afb0e47c952b7ea62db801a63c8227\" class=\"link-type-content content-type-noticia-ar\">En Canciller\u00eda denuncian que Mondino arm\u00f3 listas de ascensos a dedo para favorecer al PRO&nbsp;<\/a><\/p>\n<p>Cima es abogado y miembro del Servicio Exterior argentino desde el a\u00f1o 1985. Fue Embajador ante la Union Europea,&nbsp;Representante Permanente de la Argentina ante la Organizacion Mundial del Comercio, la Oficina de las Naciones Unidas en Ginebra y fue dos veces representante en los Estados Unidos.<\/p>\n<p>Tambi\u00e9n fue Director General de Promoci\u00f3n de Exportaciones, Director de Exportaciones de Bienes de Capital y Tecnolog\u00eda, y Subsecretario interino de Desarrollo de Inversiones.&nbsp;<\/p>\n<p class=\"authorquote\">En 2012, durante el kirchnerismo fue parte de la misi\u00f3n comercial a Angola comandada por el entonces Secretario de Comercio Interior Guillermo Moreno que reparti\u00f3 medias con la frase &#8220;Clar\u00edn miente<\/p>\n<p>Pero el funcionario carga con antecedentes muy peculiares. En 2012, durante el kirchnerismo fue parte de la misi\u00f3n comercial a Angola comandada por el entonces Secretario de Comercio Interior Guillermo Moreno que reparti\u00f3 medias con la frase &#8220;Clar\u00edn miente&#8221;.&nbsp;<\/p>\n<figure class=\"vsmimage\" contenteditable=\"false\"><img decoding=\"async\" loading=\"lazy\" alt=\"Marcelo Cima, el kirchnerista que se volvi\u00f3 mano derecha de Mondino\" data-vsmid=\"226255\" data-owidth=\"1919\" data-oheight=\"1080\" src=\"data:image\/png;base64,iVBORw0KGgoAAAANSUhEUgAAAx4AAAG5AQMAAAA6cnACAAAAA1BMVEUAAACnej3aAAAAAXRSTlMAQObYZgAAAEJJREFUeJztwQENAAAAwqD3T20ON6AAAAAAAAAAAAAAAAAAAAAAAAAAAAAAAAAAAAAAAAAAAAAAAAAAAAAAAAAADgyt\/QABL5PpcwAAAABJRU5ErkJggg==\" vsmidos=\"1\" vsmsrc=\"\/files\/image\/226\/226255\/664a8c13c270d_798_441!.jpg?s=6d335a2d177ff1ade2b0368c51709123&amp;d=1716161557\" width=\"798\" height=\"441\"><\/figure>\n<p>De esa experiencia kirchnerista hasta hoy han pasado un largo recorrido de ideas de pol\u00edtica exterior que habla de la flexibilidad del diplom\u00e1tico.&nbsp;<\/p>\n<p class=\"authorquote\">Seg\u00fan pudo saber LPO, cuando le tocaba cumplir funciones en Bruselas como representante ante la Uni\u00f3n Europea, Cima viajaba sin permiso a Estados Unidos a visitar a su hija.<\/p>\n<p>Pero eso no queda ah\u00ed. El diplom\u00e1tico de confianza de Mondino tambi\u00e9n carga sobre sus espaldas con un sumario en el Palacio San Mart\u00edn por irse de su destino diplom\u00e1tico sin autorizaci\u00f3n.&nbsp;<\/p>\n<p><a href=\"https:\/\/www.lapoliticaonline.com\/tools\/redirect.php?t=3&amp;i=289887&amp;s=261c7072df7cb6cdfbcf7a6b8b88e846\" class=\"link-type-content content-type-noticia-ar\">Bronca en Canciller\u00eda por el silencio de Mondino ante el hallazgo de petr\u00f3leo en la Ant\u00e1rtida&nbsp;<\/a><\/p>\n<p>Seg\u00fan pudo saber LPO, cuando le tocaba cumplir funciones en Bruselas como representante ante la Uni\u00f3n Europea, Cima viajaba sin permiso a Estados Unidos a visitar a su hija.&nbsp;<\/p>\n<p>En ese sentido, durante la pandemia, tambi\u00e9n fue conocido por trabajar de forma remota desde Estados Unidos cuando su representaci\u00f3n estaba en Europa.<\/p>\n<p>Al margen de todo esto, Marcelo Cima ha podido consolidar un lugar de preponderancia en gesti\u00f3n de la Pol\u00edtica Exterior siendo el \u00fanico que acompa\u00f1a a Diana Mondino en cada uno de sus viajes.&nbsp;<\/p>\n<figure class=\"vsmimage\" contenteditable=\"false\"><img decoding=\"async\" loading=\"lazy\" alt=\"Marcelo Cima, el kirchnerista que se volvi\u00f3 mano derecha de Mondino\" data-vsmid=\"226177\" data-owidth=\"2168\" data-oheight=\"2489\" src=\"data:image\/png;base64,iVBORw0KGgoAAAANSUhEUgAAAx4AAAOeAQMAAAC3RFSlAAAAA1BMVEUAAACnej3aAAAAAXRSTlMAQObYZgAAAHFJREFUeJztwTEBAAAAwqD1T20MH6AAAAAAAAAAAAAAAAAAAAAAAAAAAAAAAAAAAAAAAAAAAAAAAAAAAAAAAAAAAAAAAAAAAAAAAAAAAAAAAAAAAAAAAAAAAAAAAAAAAAAAAAAAAAAAAAAAAAAAAADgbW1lAAFzxKw8AAAAAElFTkSuQmCC\" vsmidos=\"1\" vsmsrc=\"\/files\/image\/226\/226177\/6647f6257a828_798_926!.jpg?s=e946931671e40b1759c7eee1fd7b7410&amp;d=1715992104\" width=\"798\" height=\"926\"><\/figure>\n","protected":false},"excerpt":{"rendered":"\n<div class=\"media_block\"><img decoding=\"async\" src=\"http:\/\/latecordoba.com\/wp-content\/uploads\/2024\/05\/marcelo-cima-el-kirchnerista-que-se-volvio-mano-derecha-de-mondino.jpg\"><\/div>\n<p>El diplom\u00e1tico de carrera se volvi\u00f3 la mano de derecha de la Canciller. Su experiencia en Angola con Cristina con las medias de &#8220;Clar\u00edn miente&#8221; y el sumario por viajar sin autorizaci\u00f3n.  <\/p>\n","protected":false},"author":1,"featured_media":23634,"comment_status":"closed","ping_status":"closed","sticky":false,"template":"","format":"standard","meta":[],"categories":[18],"tags":[],"_links":{"self":[{"href":"https:\/\/latecordoba.com\/index.php\/wp-json\/wp\/v2\/posts\/23633"}],"collection":[{"href":"https:\/\/latecordoba.com\/index.php\/wp-json\/wp\/v2\/posts"}],"about":[{"href":"https:\/\/latecordoba.com\/index.php\/wp-json\/wp\/v2\/types\/post"}],"author":[{"embeddable":true,"href":"https:\/\/latecordoba.com\/index.php\/wp-json\/wp\/v2\/users\/1"}],"replies":[{"embeddable":true,"href":"https:\/\/latecordoba.com\/index.php\/wp-json\/wp\/v2\/comments?post=23633"}],"version-history":[{"count":0,"href":"https:\/\/latecordoba.com\/index.php\/wp-json\/wp\/v2\/posts\/23633\/revisions"}],"wp:featuredmedia":[{"embeddable":true,"href":"https:\/\/latecordoba.com\/index.php\/wp-json\/wp\/v2\/media\/23634"}],"wp:attachment":[{"href":"https:\/\/latecordoba.com\/index.php\/wp-json\/wp\/v2\/media?parent=23633"}],"wp:term":[{"taxonomy":"category","embeddable":true,"href":"https:\/\/latecordoba.com\/index.php\/wp-json\/wp\/v2\/categories?post=23633"},{"taxonomy":"post_tag","embeddable":true,"href":"https:\/\/latecordoba.com\/index.php\/wp-json\/wp\/v2\/tags?post=23633"}],"curies":[{"name":"wp","href":"https:\/\/api.w.org\/{rel}","templated":true}]}}