{"id":23629,"date":"2024-05-18T22:29:09","date_gmt":"2024-05-18T22:29:09","guid":{"rendered":"http:\/\/b767a11ef4d8831360c4b3524c71dd68"},"modified":"2024-05-18T22:29:09","modified_gmt":"2024-05-18T22:29:09","slug":"axel-en-florencio-varela","status":"publish","type":"post","link":"https:\/\/latecordoba.com\/index.php\/2024\/05\/18\/axel-en-florencio-varela\/","title":{"rendered":"Axel en Florencio Varela"},"content":{"rendered":"\n<div class=\"media_block\"><img decoding=\"async\" src=\"http:\/\/latecordoba.com\/wp-content\/uploads\/2024\/05\/axel-en-florencio-varela.jpg\"><\/div>\n<p>Axel Kicillof encabez\u00f3 un acto de la militancia en Florencio Varela. Junto a intendentes del conturbado y gran parte de los funcionarios del gabinete provincial.&nbsp;<\/p>\n<p>El gobernador decidi\u00f3 enfocar su discurso en cr\u00edticas a Javier Milei y esquiv\u00f3 las internas con La C\u00e1mpora y M\u00e1ximo Kirchner. En ese sentido marc\u00f3 su clara oposici\u00f3n a la ley bases y al pacto de Mayo.&nbsp;<\/p>\n<p><a href=\"https:\/\/www.lapoliticaonline.com\/tools\/redirect.php?t=3&amp;i=290265&amp;s=70de2713b5d331d4064623911ef0c280\" class=\"link-type-content content-type-noticia-ar\">Kicillof sigue con la descamporizaci\u00f3n y ahora visit\u00f3 al radical Pullaro<\/a><\/p>\n<p>Axel plante\u00f3 ante la militancia que &#8220;hoy venimos a manifestar el rechazo a los intereses que representa el gobierno de Milei, a su intolerancia y agresi\u00f3n, a la crueldad como pr\u00e1ctica pol\u00edtica. Es un rechazo al ataque a la universidad p\u00fablica, al intento de disolver los derechos laborales, de destruir la industria nacional y rifar nuestros recursos naturales. Es un rechazo al cuestionamiento de la soberan\u00eda argentina y a la entrega de la Patria&#8221;.&nbsp;<\/p>\n<p class=\"authorquote\" title=\"Axel Kicillof. \">Hoy venimos a manifestar el rechazo a los intereses que representa el gobierno de Milei, a su intolerancia y agresi\u00f3n, a la crueldad como pr\u00e1ctica pol\u00edtica. Es un rechazo al ataque a la universidad p\u00fablica, al intento de disolver los derechos laborales, de destruir la industria nacional y rifar nuestros recursos naturales<\/p>\n<p>&#8220;Sepan que no vamos a permitir que pasen por encima de los derechos de la provincia de Buenos Aires. Tambi\u00e9n vinimos a decirle No a la Ley Bases, al DNU y al Pacto de Mayo porque no estamos de acuerdo con la plataforma de Milei ni con sus ideas. Por eso a lo largo de esta jornada discutimos y votamos un programa que es resultado de una doctrina y de una historia que iniciaron Per\u00f3n y Evita y que continuaron N\u00e9stor y Cristina&#8221;, remarc\u00f3.<\/p>\n<figure class=\"vsmimage\" contenteditable=\"false\"><img decoding=\"async\" loading=\"lazy\" alt=\"Axel en Florencio Varela \" data-vsmid=\"226225\" data-owidth=\"4096\" data-oheight=\"2731\" src=\"data:image\/png;base64,iVBORw0KGgoAAAANSUhEUgAAAx4AAAIOAQMAAAAMVUlSAAAAA1BMVEUAAACnej3aAAAAAXRSTlMAQObYZgAAAElJREFUeJztwQEBAAAAgiD\/r25IQAEAAAAAAAAAAAAAAAAAAAAAAAAAAAAAAAAAAAAAAAAAAAAAAAAAAAAAAAAAAAAAAAAAAPBjz4YAAXoxaWgAAAAASUVORK5CYII=\" vsmidos=\"1\" vsmsrc=\"\/files\/image\/226\/226225\/664936695fccb_798_526!.jpg?s=9098004dece209239c2694007e2513c7&amp;d=1716074092\" width=\"798\" height=\"526\"><\/figure>\n<p>Kicillof cit\u00f3 a Cristina y reconoci\u00f3 la legitimidad de origen de Milei pero al mismo tiempo pidi\u00f3 que &#8220;respeten la legitimidad de la Provincia y los intendentes&#8221;.&nbsp;<\/p>\n<p class=\"authorquote\">Sepan que no vamos a permitir que pasen por encima de los derechos de la provincia de Buenos Aires. Tambi\u00e9n vinimos a decirle No a la Ley Bases, al DNU y al Pacto de Mayo porque no estamos de acuerdo con la plataforma de Milei ni con sus ideas<\/p>\n<p>&#8220;Que lo entiendan bien: el \u00fanico pacto que tiene la provincia de Buenos Aires es con su pueblo. No es de dirigentes ni de marketing, es un pacto real que se demuestra todos los d\u00edas trabajando, recorriendo y gobernando y que busca construir una alternativa del campo popular a esta pol\u00edtica de hambre, de vaciamiento y de entrega&#8221;, enfatiz\u00f3.<\/p>\n<p>Por \u00faltimo, Axel Kicillof dijo que &#8220;la gesti\u00f3n hay que verla en la calle, no en las redes&#8221;. &#8220;Milei minti\u00f3 en campa\u00f1a, esto es una formidable estafa electoral porque prometi\u00f3 un ajuste de la casta que termin\u00f3 pagando el pueblo, la clase media, los trabajadores, la industria nacional, &nbsp;cada cuadra de la provincia y los 17 millones de bonaerenses&#8221;, concluy\u00f3.<\/p>\n","protected":false},"excerpt":{"rendered":"\n<div class=\"media_block\"><img decoding=\"async\" src=\"http:\/\/latecordoba.com\/wp-content\/uploads\/2024\/05\/axel-en-florencio-varela.jpg\"><\/div>\n<p>El gobernador marc\u00f3 su oposici\u00f3n la ley bases, el DNU y el Pacto de Mayo.  <\/p>\n","protected":false},"author":1,"featured_media":23630,"comment_status":"closed","ping_status":"closed","sticky":false,"template":"","format":"standard","meta":[],"categories":[18],"tags":[],"_links":{"self":[{"href":"https:\/\/latecordoba.com\/index.php\/wp-json\/wp\/v2\/posts\/23629"}],"collection":[{"href":"https:\/\/latecordoba.com\/index.php\/wp-json\/wp\/v2\/posts"}],"about":[{"href":"https:\/\/latecordoba.com\/index.php\/wp-json\/wp\/v2\/types\/post"}],"author":[{"embeddable":true,"href":"https:\/\/latecordoba.com\/index.php\/wp-json\/wp\/v2\/users\/1"}],"replies":[{"embeddable":true,"href":"https:\/\/latecordoba.com\/index.php\/wp-json\/wp\/v2\/comments?post=23629"}],"version-history":[{"count":0,"href":"https:\/\/latecordoba.com\/index.php\/wp-json\/wp\/v2\/posts\/23629\/revisions"}],"wp:featuredmedia":[{"embeddable":true,"href":"https:\/\/latecordoba.com\/index.php\/wp-json\/wp\/v2\/media\/23630"}],"wp:attachment":[{"href":"https:\/\/latecordoba.com\/index.php\/wp-json\/wp\/v2\/media?parent=23629"}],"wp:term":[{"taxonomy":"category","embeddable":true,"href":"https:\/\/latecordoba.com\/index.php\/wp-json\/wp\/v2\/categories?post=23629"},{"taxonomy":"post_tag","embeddable":true,"href":"https:\/\/latecordoba.com\/index.php\/wp-json\/wp\/v2\/tags?post=23629"}],"curies":[{"name":"wp","href":"https:\/\/api.w.org\/{rel}","templated":true}]}}