{"id":23615,"date":"2024-05-19T14:47:00","date_gmt":"2024-05-19T14:47:00","guid":{"rendered":"https:\/\/www.iprofesional.com\/economia\/406355-guido-sandleris-la-inflacion-va-a-seguir-bajando-porque-este-esquema-conduce-a-eso"},"modified":"2024-05-19T14:47:00","modified_gmt":"2024-05-19T14:47:00","slug":"guido-sandleris-la-inflacion-va-a-seguir-bajando-porque-este-esquema-conduce-a-eso","status":"publish","type":"post","link":"https:\/\/latecordoba.com\/index.php\/2024\/05\/19\/guido-sandleris-la-inflacion-va-a-seguir-bajando-porque-este-esquema-conduce-a-eso\/","title":{"rendered":"Guido Sandleris: &#8220;La inflaci\u00f3n va a seguir bajando, porque este esquema conduce a eso&#8221;"},"content":{"rendered":"\n<div class=\"media_block\"><img decoding=\"async\" src=\"http:\/\/latecordoba.com\/wp-content\/uploads\/2024\/05\/guido-sandleris-la-inflacion-va-a-seguir-bajando-porque-este-esquema-conduce-a-eso.jpg\"><\/div>\n<div id>\n<p> El expresidente del Banco Central dijo que me cuesta entender &#8220;cu\u00e1l es el argumento por el cual la econom\u00eda saldr\u00eda como un cohete <\/p>\n<p><strong>19\/05\/2024<\/strong> &#8211; 11:47hs<\/p>\n<div class=\"image-container img-wide padding-b\"> <picture><source media=\"(min-width:650px)\" srcset=\"http:\/\/latecordoba.com\/wp-content\/uploads\/2024\/05\/guido-sandleris-la-inflacion-va-a-seguir-bajando-porque-este-esquema-conduce-a-eso.webp\" data-srcset=\"http:\/\/latecordoba.com\/wp-content\/uploads\/2024\/05\/guido-sandleris-la-inflacion-va-a-seguir-bajando-porque-este-esquema-conduce-a-eso.webp\" class><source media=\"(min-width:465px)\" srcset=\"http:\/\/latecordoba.com\/wp-content\/uploads\/2024\/05\/guido-sandleris-la-inflacion-va-a-seguir-bajando-porque-este-esquema-conduce-a-eso.webp\" data-srcset=\"http:\/\/latecordoba.com\/wp-content\/uploads\/2024\/05\/guido-sandleris-la-inflacion-va-a-seguir-bajando-porque-este-esquema-conduce-a-eso.webp\" class><img decoding=\"async\" loading=\"lazy\" src=\"http:\/\/latecordoba.com\/wp-content\/uploads\/2024\/05\/guido-sandleris-la-inflacion-va-a-seguir-bajando-porque-este-esquema-conduce-a-eso.webp\" data-src=\"http:\/\/latecordoba.com\/wp-content\/uploads\/2024\/05\/guido-sandleris-la-inflacion-va-a-seguir-bajando-porque-este-esquema-conduce-a-eso.webp\" class alt=\"Guido Sandleris: &quot;La inflaci\u00f3n va a seguir bajando, porque este esquema conduce a eso&quot;\" width=\"1280px\" height=\"720px\"> <\/picture> <\/div>\n<\/p><\/div>\n<div readability=\"78.889896907216\">\n<p>El economista Guido Sandleris, extitular del Banco Central, afirm\u00f3 que<a href=\"https:\/\/www.iprofesional.com\/economia\/406288-cepo-al-dolar-cual-es-el-principal-problema-del-gobierno-para-levantarlo\" target=\"_blank\" rel=\"noopener noreferrer\"> &#8220;la inflaci\u00f3n va a seguir bajando<\/a>, porque este esquema conduce a eso&#8221; y que el cepo es &#8220;nefasto&#8221;.\n<\/p>\n<p>&#8220;<a href=\"https:\/\/www.iprofesional.com\/impuestos\/406159-sircreb-sistemas-de-recaudacion-provinciales-entre-el-federalismo-y-la-confiscacion\" target=\"_blank\" rel=\"noopener noreferrer\">El cepo es nefasto, pero yo no lo sacar\u00eda ma\u00f1ana<\/a>,&#8221; afirm\u00f3 Sandleris y recomend\u00f3 un enfoque gradual, sugiriendo que el Banco Central deber\u00eda acumular m\u00e1s reservas antes de considerar su levantamiento completo. &#8221; se\u00f1al\u00f3.\n<\/p>\n<p>Sandleris reconoci\u00f3 que &#8220;Milei recibi\u00f3 una situaci\u00f3n complicad\u00edsima. En ese contexto, el diagn\u00f3stico que tuvo el equipo econ\u00f3mico de Milei, que yo respeto y con el cual coincido, es que si hay un elemento que era determinante y que hab\u00eda que corregir y atacar r\u00e1pido era lo fiscal&#8221;.\n<\/p>\n<p>&#8220;<a href=\"https:\/\/www.iprofesional.com\/impuestos\/406159-sircreb-sistemas-de-recaudacion-provinciales-entre-el-federalismo-y-la-confiscacion\" target=\"_blank\" rel=\"noopener noreferrer\">El dato de inflaci\u00f3n de abril fue positivo<\/a>. Ahora un d\u00edgito mensual es una anomal\u00eda en el mundo y sigue siendo un n\u00famero muy alto. Todav\u00eda queda mucho camino por recorrer&#8221;, coment\u00f3 Sandleris y conf\u00eda en que &#8220;la inflaci\u00f3n va a seguir bajando, porque este esquema conduce a eso&#8221;.\n<\/p>\n<h2>Inflaci\u00f3n<\/h2>\n<p>Sin embargo, Sandlerias advirti\u00f3 que no ser\u00eda sorprendente ver alg\u00fan rebote inflacionario ocasional. &#8220;Ser\u00eda an\u00f3malo o inusual que la inflaci\u00f3n baje todos los meses. No deber\u00eda sorprendernos que tengamos alg\u00fan mes donde haya un poquito de rebote y despu\u00e9s se reacomode&#8221;, afirm\u00f3.\n<\/p>\n<p><span>En cuanto a la recuperaci\u00f3n econ\u00f3mica, Sandleris expres\u00f3 escepticismo sobre una r\u00e1pida recuperaci\u00f3n en forma de &#8220;V&#8221; <\/span>se\u00f1alando que &#8220;no hay argumento por el cual la econom\u00eda saldr\u00eda como un cohete de esta recesi\u00f3n&#8221;.\n<\/p>\n<h2>La recuperaci\u00f3n<\/h2>\n<p>&#8220;No parece compatible un escenario en donde este a\u00f1o tengamos una recuperaci\u00f3n muy fuerte de la actividad y la inflaci\u00f3n siga bajando. Ser\u00eda raro&#8221;, dijo el economista y agreg\u00f3 que le cuesta entender c\u00f3mo la econom\u00eda podr\u00eda salir r\u00e1pidamente de la recesi\u00f3n actual: &#8220;me cuesta entender cu\u00e1l es el argumento por el cual la econom\u00eda saldr\u00eda como un cohete, r\u00e1pidamente, de esta recesi\u00f3n. Veo una recuperaci\u00f3n m\u00e1s lenta&#8221;.\n<\/p>\n<div class=\"imagen\" readability=\"8\"><img decoding=\"async\" loading=\"lazy\" class=\"lazyload\" src=\"http:\/\/latecordoba.com\/wp-content\/uploads\/2024\/05\/guido-sandleris-la-inflacion-va-a-seguir-bajando-porque-este-esquema-conduce-a-eso-1.jpg\" alt=\"Guido Sandleris: \" width=\"1280\" height=\"720\"><\/p>\n<p>Guido Sandleris: &#8220;La inflaci\u00f3n va a seguir bajando, porque este esquema conduce a eso&#8221;<\/p>\n<\/div>\n<p>Sandleris explic\u00f3 que &#8220;el ajuste fiscal era inevitable. Est\u00e1bamos a un pasito de ir a una hiperinflaci\u00f3n.<span><strong> Era importante avanzar por el lado del gasto y lo han hecho&#8221;.<\/strong><\/span>\n<\/p>\n<p>En relaci\u00f3n al tipo de cambio, Sandleris se\u00f1al\u00f3 que a\u00fan no ve una situaci\u00f3n de atraso cambiario, aunque advirti\u00f3 sobre la necesidad de vigilancia futura.<\/p>\n<\/p><\/div>\n","protected":false},"excerpt":{"rendered":"\n<div class=\"media_block\"><img decoding=\"async\" src=\"http:\/\/latecordoba.com\/wp-content\/uploads\/2024\/05\/guido-sandleris-la-inflacion-va-a-seguir-bajando-porque-este-esquema-conduce-a-eso.jpg\"><\/div>\n<p> El expresidente del Banco Central dijo que me cuesta entender &#8220;cu\u00e1l es el argumento por el cual la econom\u00eda saldr\u00eda como un cohete <iframe width=\"0\" height=\"0\" border=\"0\"> <script> (function(i,s,o,g,r,a,m){i['GoogleAnalyticsObject']=r;i[r]=i[r]||function(){ (i[r].q=i[r].q||[]).push(arguments)},i[r].l=1*new Date();a=s.createElement(o), m=s.getElementsByTagName(o)[0];a.async=1;a.src=g;m.parentNode.insertBefore(a,m) })(window,document,'script','https:\/\/www.google-analytics.com\/analytics.js','ga'); ga('create', 'GTM-5LW5KQD', 'auto'); ga('require', 'displayfeatures'); ga('set', 'campaignSource', 'RSS Client for iProfesional'); ga('set', 'campaignMedium', 'RSS Client for iProfesional'); ga('set', {\"dataSource\": \"rss.atom.iprofesional.com\"}); ga('set', {\"referrer\": \"rss.atom.iprofesional.com\"}); ga('set', 'title', 'RSS Client for iProfesional'); ga('send', 'pageview'); <\/script> <!-- Begin comScore Tag --> <script> var _comscore = _comscore || []; _comscore.push({ c1: \"2\", c2: \"16597048\" }); (function() { var s = document.createElement(\"script\"), el = document.getElementsByTagName(\"script\")[0]; s.async = true; s.src = \"https:\/\/sb.scorecardresearch.com\/cs\/16597048\/beacon.js\"; el.parentNode.insertBefore(s, el); })(); <\/script> <noscript> <img decoding=\"async\" src=\"http:\/\/latecordoba.com\/wp-content\/uploads\/2024\/05\/guido-sandleris-la-inflacion-va-a-seguir-bajando-porque-este-esquema-conduce-a-eso.gif\"> <\/noscript> <!-- End comScore Tag --> <\/iframe> <iframe border=\"0px\" style=\"display: none\" width=0 height=0 src=\"https:\/\/www.iprofesional.com\/ga4.html?gtag_id=G-N13KWJP8BK&amp;title=Guido Sandleris: &quot;La inflaci\u00f3n va a seguir bajando, porque este esquema conduce a eso&quot;&amp;location=https:\/\/www.iprofesional.com\/economia\/406355-guido-sandleris-la-inflacion-va-a-seguir-bajando-porque-este-esquema-conduce-a-eso&amp;referrer=rss.atom.iprofesional.com&amp;ci=RSS Client for iProfesional&amp;cs=RSS Client for iProfesional&amp;cm=RSS&amp;cn=RSS Client for iProfesional&amp;cc=RSS Client for iProfesional\"><\/iframe>  <\/p>\n","protected":false},"author":1,"featured_media":23616,"comment_status":"closed","ping_status":"closed","sticky":false,"template":"","format":"standard","meta":[],"categories":[18],"tags":[],"_links":{"self":[{"href":"https:\/\/latecordoba.com\/index.php\/wp-json\/wp\/v2\/posts\/23615"}],"collection":[{"href":"https:\/\/latecordoba.com\/index.php\/wp-json\/wp\/v2\/posts"}],"about":[{"href":"https:\/\/latecordoba.com\/index.php\/wp-json\/wp\/v2\/types\/post"}],"author":[{"embeddable":true,"href":"https:\/\/latecordoba.com\/index.php\/wp-json\/wp\/v2\/users\/1"}],"replies":[{"embeddable":true,"href":"https:\/\/latecordoba.com\/index.php\/wp-json\/wp\/v2\/comments?post=23615"}],"version-history":[{"count":0,"href":"https:\/\/latecordoba.com\/index.php\/wp-json\/wp\/v2\/posts\/23615\/revisions"}],"wp:featuredmedia":[{"embeddable":true,"href":"https:\/\/latecordoba.com\/index.php\/wp-json\/wp\/v2\/media\/23616"}],"wp:attachment":[{"href":"https:\/\/latecordoba.com\/index.php\/wp-json\/wp\/v2\/media?parent=23615"}],"wp:term":[{"taxonomy":"category","embeddable":true,"href":"https:\/\/latecordoba.com\/index.php\/wp-json\/wp\/v2\/categories?post=23615"},{"taxonomy":"post_tag","embeddable":true,"href":"https:\/\/latecordoba.com\/index.php\/wp-json\/wp\/v2\/tags?post=23615"}],"curies":[{"name":"wp","href":"https:\/\/api.w.org\/{rel}","templated":true}]}}