{"id":23611,"date":"2024-05-19T13:05:31","date_gmt":"2024-05-19T13:05:31","guid":{"rendered":"https:\/\/elnoticierodigital.com.ar\/?p=2010108"},"modified":"2024-05-19T13:05:31","modified_gmt":"2024-05-19T13:05:31","slug":"la-critica-mas-fuerte-que-se-hace-nazarena-velez-como-madre-fue-preso-de","status":"publish","type":"post","link":"https:\/\/latecordoba.com\/index.php\/2024\/05\/19\/la-critica-mas-fuerte-que-se-hace-nazarena-velez-como-madre-fue-preso-de\/","title":{"rendered":"La cr\u00edtica m\u00e1s fuerte que se hace Nazarena V\u00e9lez como madre: \u201cFue preso de\u2026\u201d"},"content":{"rendered":"<p> <!-- image --><\/p>\n<div class=\"td-post-featured-image\"><a href=\"https:\/\/i0.wp.com\/elnoticierodigital.com.ar\/wp-content\/uploads\/2024\/05\/2010108.jpg?fit=1200%2C630&amp;ssl=1\" data-caption><img decoding=\"async\" loading=\"lazy\" width=\"696\" height=\"365\" class=\"entry-thumb td-modal-image\" src=\"http:\/\/latecordoba.com\/wp-content\/uploads\/2024\/05\/la-critica-mas-fuerte-que-se-hace-nazarena-velez-como-madre-fue-preso-de.jpg\" srcset=\"http:\/\/latecordoba.com\/wp-content\/uploads\/2024\/05\/la-critica-mas-fuerte-que-se-hace-nazarena-velez-como-madre-fue-preso-de-1.jpg 1200w, http:\/\/latecordoba.com\/wp-content\/uploads\/2024\/05\/la-critica-mas-fuerte-que-se-hace-nazarena-velez-como-madre-fue-preso-de-2.jpg 300w, http:\/\/latecordoba.com\/wp-content\/uploads\/2024\/05\/la-critica-mas-fuerte-que-se-hace-nazarena-velez-como-madre-fue-preso-de-3.jpg 1024w, http:\/\/latecordoba.com\/wp-content\/uploads\/2024\/05\/la-critica-mas-fuerte-que-se-hace-nazarena-velez-como-madre-fue-preso-de-4.jpg 768w, http:\/\/latecordoba.com\/wp-content\/uploads\/2024\/05\/la-critica-mas-fuerte-que-se-hace-nazarena-velez-como-madre-fue-preso-de-5.jpg 150w, http:\/\/latecordoba.com\/wp-content\/uploads\/2024\/05\/la-critica-mas-fuerte-que-se-hace-nazarena-velez-como-madre-fue-preso-de.jpg 696w, https:\/\/i0.wp.com\/elnoticierodigital.com.ar\/wp-content\/uploads\/2024\/05\/2010108.jpg?resize=1068%2C561&amp;ssl=1 1068w\" sizes=\"(max-width: 696px) 100vw, 696px\" alt title=\"2010108\"><\/a><\/div>\n<p> <!-- content --><\/p>\n<article readability=\"49\">Nazarena V\u00e9lez tiene una estrecha relaci\u00f3n con sus tres hijos, Barbie V\u00e9lez, Chyno Agostini y Thiago \u201cTiti\u201d Rodr\u00edguez. Sin embargo, a\u00f1os atr\u00e1s, Nazarena debi\u00f3 aprender a vivir lejos del hijo que tuvo con Daniel Agostini, quien decidi\u00f3 distanciarse durante un largo tiempo a ra\u00edz de un enojo de adolescente en un momento muy complicado.<\/p>\n<p>El Chyno Agostini ten\u00eda apenas 16 a\u00f1os y hab\u00eda quedado en medio de la guerra de Nazarena y su padre, un conflicto legal que incluy\u00f3 peleas fuert\u00edsimas en la v\u00eda p\u00fablica y hasta un auto destrozado en manos de la angelita cuando el m\u00fasico la amenaz\u00f3 con quitarle la tenencia.<\/p>\n<p>Sobre ese triste episodio del pasado se explay\u00f3 Nazarena V\u00e9lez en la mesa de Mirtha Legrand, luego de contar las novedades de su hijo, que actualmente, a sus 23 a\u00f1os, se aboc\u00f3 de lleno a cantar, con ayuda de su padre, referente de la cumbia. Adem\u00e1s de que, ahora, el joven vive con ella.<\/p>\n<p>\u201c\u00bfVos estuviste dos a\u00f1os sin hablarle?\u201d, le pregunt\u00f3 la diva, y la artista se\u00f1al\u00f3 que hab\u00eda sido decisi\u00f3n de su hijo, a pesar de todo lo que ella intent\u00f3 para que no ocurra esa divisi\u00f3n, en el peor momento de su vida.<\/p>\n<p>\u201cFue por la pelea que tuvimos con Daniel (Agostini). El Chyno fue un poco preso de la relaci\u00f3n fea y t\u00f3xica que ten\u00edamos con Daniel cuando nos separamos, que nos detest\u00e1bamos\u201d, indic\u00f3, y aclar\u00f3 que la relaci\u00f3n con su ex cambi\u00f3: \u201cAhora no nos queremos tanto, pero por lo menos nos llevamos bien, ahora todo fluye\u201d.<\/p>\n<p>Y la panelista de LAM explic\u00f3 la raz\u00f3n por la que su hijo decidi\u00f3 \u201ccastigarla\u201d: \u201cNo me hablaba porque yo no quer\u00eda que deje el secundario. Sufr\u00ed mucho, pero despu\u00e9s retom\u00f3 el colegio\u201d.<\/p>\n<p>Pasado el espantoso momento, Nazarena lo recuerda como \u201cdoloroso\u201d. Sin embargo, indic\u00f3 que pudo encontrarle un sentido y que luego de la distancia pudo sanar el v\u00ednculo con \u00e9l. \u201cSon procesos que uno pasa con los hijos\u201d, sostuvo Naza, antes de describir a su hijo como \u201cmuy bueno y muy talentoso\u201d, con una sonrisa de orgullo y amor.<\/p>\n<\/article>\n<p>Fuente: <a href=\"https:\/\/www.paparazzi.com.ar\/teve\/la-critica-mas-fuerte-que-se-hace-nazarena-velez-como-madre\/\">https:\/\/www.paparazzi.com.ar\/<\/a><\/p>\n","protected":false},"excerpt":{"rendered":"<p> Nazarena V\u00e9lez tiene una estrecha relaci\u00f3n con sus tres hijos, Barbie V\u00e9lez, Chyno Agostini y Thiago \u201cTiti\u201d Rodr\u00edguez. Sin embargo, a\u00f1os atr\u00e1s, Nazarena debi\u00f3 aprender a vivir lejos del hijo que tuvo con Daniel Agostini, quien decidi\u00f3 distanciarse durante un largo tiempo a ra\u00edz de un enojo de adolescente en un momento muy complicado. El [&#8230;]  <\/p>\n","protected":false},"author":1,"featured_media":23612,"comment_status":"closed","ping_status":"closed","sticky":false,"template":"","format":"standard","meta":[],"categories":[14],"tags":[],"_links":{"self":[{"href":"https:\/\/latecordoba.com\/index.php\/wp-json\/wp\/v2\/posts\/23611"}],"collection":[{"href":"https:\/\/latecordoba.com\/index.php\/wp-json\/wp\/v2\/posts"}],"about":[{"href":"https:\/\/latecordoba.com\/index.php\/wp-json\/wp\/v2\/types\/post"}],"author":[{"embeddable":true,"href":"https:\/\/latecordoba.com\/index.php\/wp-json\/wp\/v2\/users\/1"}],"replies":[{"embeddable":true,"href":"https:\/\/latecordoba.com\/index.php\/wp-json\/wp\/v2\/comments?post=23611"}],"version-history":[{"count":0,"href":"https:\/\/latecordoba.com\/index.php\/wp-json\/wp\/v2\/posts\/23611\/revisions"}],"wp:featuredmedia":[{"embeddable":true,"href":"https:\/\/latecordoba.com\/index.php\/wp-json\/wp\/v2\/media\/23612"}],"wp:attachment":[{"href":"https:\/\/latecordoba.com\/index.php\/wp-json\/wp\/v2\/media?parent=23611"}],"wp:term":[{"taxonomy":"category","embeddable":true,"href":"https:\/\/latecordoba.com\/index.php\/wp-json\/wp\/v2\/categories?post=23611"},{"taxonomy":"post_tag","embeddable":true,"href":"https:\/\/latecordoba.com\/index.php\/wp-json\/wp\/v2\/tags?post=23611"}],"curies":[{"name":"wp","href":"https:\/\/api.w.org\/{rel}","templated":true}]}}