{"id":23608,"date":"2024-05-18T15:34:05","date_gmt":"2024-05-18T15:34:05","guid":{"rendered":"https:\/\/www.radiourbanasf.com.ar\/?p=19000"},"modified":"2024-05-18T15:34:05","modified_gmt":"2024-05-18T15:34:05","slug":"pier-vuelve-a-san-francisco","status":"publish","type":"post","link":"https:\/\/latecordoba.com\/index.php\/2024\/05\/18\/pier-vuelve-a-san-francisco\/","title":{"rendered":"Pier vuelve a San Francisco"},"content":{"rendered":"<p> <!-- .share-post --> <!-- WhatsApp Share Button for WordPress: http:\/\/peadig.com\/wordpress-plugins\/whatsapp-share-button\/ --><\/p>\n<h2>La banda de los hermanos Cerezo actuar\u00e1 en nuestra ciudad el 29 de junio.<\/h2>\n<p>La fecha fue confirmada en la p\u00e1gina oficial del grupo que emprendi\u00f3 su gira \u201c30 a\u00f1os Tour\u201d y San Francisco est\u00e1 incluida en la misma ya que ac\u00e1 tiene un grupo importante de seguidores y amigos. Adem\u00e1s est\u00e9n atentos y hagan lugar en sus \u201cplaylist\u201d porque hay mas sorpresas para todos los que quieran celebrar junto a ellos.<\/p>\n<p>\u00a1A celebrar estos 30 a\u00f1os con Pier!<\/p>\n<p><a href=\"http:\/\/latecordoba.com\/wp-content\/uploads\/2024\/05\/pier-vuelve-a-san-francisco.jpg\"><img decoding=\"async\" loading=\"lazy\" class=\"alignnone size-full wp-image-19002\" src=\"http:\/\/latecordoba.com\/wp-content\/uploads\/2024\/05\/pier-vuelve-a-san-francisco.jpg\" alt width=\"1080\" height=\"1080\" srcset=\"http:\/\/latecordoba.com\/wp-content\/uploads\/2024\/05\/pier-vuelve-a-san-francisco.jpg 1080w, http:\/\/latecordoba.com\/wp-content\/uploads\/2024\/05\/pier-vuelve-a-san-francisco-2.jpg 300w, http:\/\/latecordoba.com\/wp-content\/uploads\/2024\/05\/pier-vuelve-a-san-francisco-3.jpg 1024w, http:\/\/latecordoba.com\/wp-content\/uploads\/2024\/05\/pier-vuelve-a-san-francisco-4.jpg 150w, http:\/\/www.radiourbanasf.com.ar\/wp-content\/uploads\/2024\/05\/Pier-30-anos-Tour-768x768.jpg 768w\" sizes=\"(max-width: 1080px) 100vw, 1080px\"><\/a><\/p>\n<p><!-- WhatsApp Share Button for WordPress: http:\/\/peadig.com\/wordpress-plugins\/whatsapp-share-button\/ -->  <\/p>\n","protected":false},"excerpt":{"rendered":"\n<div style=\"float:right;margin:0 0 20px 20px;\"><img decoding=\"async\" width=\"150\" height=\"150\" src=\"http:\/\/latecordoba.com\/wp-content\/uploads\/2024\/05\/pier-vuelve-a-san-francisco-1.jpg\" class=\"attachment-thumbnail size-thumbnail wp-post-image\" alt=\"\" loading=\"lazy\" \/><\/div>\n<p>La banda de los hermanos Cerezo actuar\u00e1 en nuestra ciudad el 29 de junio. La fecha fue confirmada en la p\u00e1gina oficial del grupo que emprendi\u00f3 su gira &#8220;30 a\u00f1os Tour&#8221; y San Francisco est\u00e1 incluida en la misma ya que ac\u00e1 tiene un grupo importante de seguidores y amigos. Adem\u00e1s est\u00e9n atentos y hagan &#8230;  <\/p>\n","protected":false},"author":1,"featured_media":23609,"comment_status":"closed","ping_status":"closed","sticky":false,"template":"","format":"standard","meta":[],"categories":[20],"tags":[],"_links":{"self":[{"href":"https:\/\/latecordoba.com\/index.php\/wp-json\/wp\/v2\/posts\/23608"}],"collection":[{"href":"https:\/\/latecordoba.com\/index.php\/wp-json\/wp\/v2\/posts"}],"about":[{"href":"https:\/\/latecordoba.com\/index.php\/wp-json\/wp\/v2\/types\/post"}],"author":[{"embeddable":true,"href":"https:\/\/latecordoba.com\/index.php\/wp-json\/wp\/v2\/users\/1"}],"replies":[{"embeddable":true,"href":"https:\/\/latecordoba.com\/index.php\/wp-json\/wp\/v2\/comments?post=23608"}],"version-history":[{"count":0,"href":"https:\/\/latecordoba.com\/index.php\/wp-json\/wp\/v2\/posts\/23608\/revisions"}],"wp:featuredmedia":[{"embeddable":true,"href":"https:\/\/latecordoba.com\/index.php\/wp-json\/wp\/v2\/media\/23609"}],"wp:attachment":[{"href":"https:\/\/latecordoba.com\/index.php\/wp-json\/wp\/v2\/media?parent=23608"}],"wp:term":[{"taxonomy":"category","embeddable":true,"href":"https:\/\/latecordoba.com\/index.php\/wp-json\/wp\/v2\/categories?post=23608"},{"taxonomy":"post_tag","embeddable":true,"href":"https:\/\/latecordoba.com\/index.php\/wp-json\/wp\/v2\/tags?post=23608"}],"curies":[{"name":"wp","href":"https:\/\/api.w.org\/{rel}","templated":true}]}}