{"id":23599,"date":"2024-05-19T14:48:05","date_gmt":"2024-05-19T14:48:05","guid":{"rendered":"https:\/\/www.puntal.com.ar\/coronel-moldes\/coronel-moldes-el-grupo-tango-pasion-lleva-la-danza-del-2x4-los-ninos-junto-la-municipalidad-n217586"},"modified":"2024-05-19T14:48:05","modified_gmt":"2024-05-19T14:48:05","slug":"coronel-moldes-el-grupo-tango-pasion-lleva-la-danza-del-2x4-a-los-ninos-junto-con-la-municipalidad","status":"publish","type":"post","link":"https:\/\/latecordoba.com\/index.php\/2024\/05\/19\/coronel-moldes-el-grupo-tango-pasion-lleva-la-danza-del-2x4-a-los-ninos-junto-con-la-municipalidad\/","title":{"rendered":"Coronel Moldes: el grupo Tango Pasi\u00f3n lleva la danza del 2&#215;4 a los ni\u00f1os junto con la Municipalidad"},"content":{"rendered":"\n<div><img decoding=\"async\" src=\"http:\/\/latecordoba.com\/wp-content\/uploads\/2024\/05\/coronel-moldes-el-grupo-tango-pasion-lleva-la-danza-del-2x4-a-los-ninos-junto-con-la-municipalidad.jpg\" class=\"ff-og-image-inserted\"><\/div>\n<div class=\"cuerpo\" data-twitter-link readability=\"38\">\n<p> Yo he elegido llevar el tango, la danza y el arte a los ni\u00f1os de los sectores m\u00e1s desfavorecidos, m\u00e1s vulnerables, llam\u00e9moslos as\u00ed. Es en coordinaci\u00f3n con la Municipalidad de Moldes, con Marita Sasia, con Laura M\u00e1rquez, con el intendente, que me han permitido llevar a adelante esto. Quiero mencionar tambi\u00e9n a Alicia Zalazar, que es la coordinadora de centros infantiles, se me han abierto las puertas de la guarder\u00eda municipal Santo Domingo Savio y de Famijugando, donde estamos comenzando a trabajar con los ni\u00f1os en esto de acercarles un poco la danza, la m\u00fasica del tango, el arte en general a trav\u00e9s de los juegos, a trav\u00e9s de lo l\u00fadico, a acercarnos un poquito a los ni\u00f1os.<\/p>\n<p>La idea del proyecto es esa b\u00e1sicamente y tambi\u00e9n despertar en los ni\u00f1os este inter\u00e9s por lo art\u00edstico, por la danza. A m\u00ed me interesa particularmente el tango, pero puede ser un disparador para cualquier otra actividad art\u00edstica de los ni\u00f1os y que, si tenemos suerte y esto va para adelante, que esto tambi\u00e9n tenga un efecto multiplicador, que ellos puedan llevar estas inquietudes a sus casas, a sus hermanos, a sus otros grupos en los que ellos participen, la escuela, as\u00ed que b\u00e1sicamente ser\u00eda eso el trabajo que estoy comenzado. En este mes de abril y mayo fueron los primeros meses de trabajo\u201d.<\/p>\n<\/div>\n","protected":false},"excerpt":{"rendered":"\n<p>Iv\u00e1n Echave, director del grupo, coment\u00f3 sobre el proyecto que impulsan: \u201cEs un trabajo social, yo he elegido llevar el tango a los ni\u00f1os de los sectores m\u00e1s desfavorables de la ciudad\u201d, dijo<\/p>\n","protected":false},"author":1,"featured_media":23600,"comment_status":"closed","ping_status":"closed","sticky":false,"template":"","format":"standard","meta":[],"categories":[14],"tags":[],"_links":{"self":[{"href":"https:\/\/latecordoba.com\/index.php\/wp-json\/wp\/v2\/posts\/23599"}],"collection":[{"href":"https:\/\/latecordoba.com\/index.php\/wp-json\/wp\/v2\/posts"}],"about":[{"href":"https:\/\/latecordoba.com\/index.php\/wp-json\/wp\/v2\/types\/post"}],"author":[{"embeddable":true,"href":"https:\/\/latecordoba.com\/index.php\/wp-json\/wp\/v2\/users\/1"}],"replies":[{"embeddable":true,"href":"https:\/\/latecordoba.com\/index.php\/wp-json\/wp\/v2\/comments?post=23599"}],"version-history":[{"count":0,"href":"https:\/\/latecordoba.com\/index.php\/wp-json\/wp\/v2\/posts\/23599\/revisions"}],"wp:featuredmedia":[{"embeddable":true,"href":"https:\/\/latecordoba.com\/index.php\/wp-json\/wp\/v2\/media\/23600"}],"wp:attachment":[{"href":"https:\/\/latecordoba.com\/index.php\/wp-json\/wp\/v2\/media?parent=23599"}],"wp:term":[{"taxonomy":"category","embeddable":true,"href":"https:\/\/latecordoba.com\/index.php\/wp-json\/wp\/v2\/categories?post=23599"},{"taxonomy":"post_tag","embeddable":true,"href":"https:\/\/latecordoba.com\/index.php\/wp-json\/wp\/v2\/tags?post=23599"}],"curies":[{"name":"wp","href":"https:\/\/api.w.org\/{rel}","templated":true}]}}