{"id":23581,"date":"2024-05-19T03:15:53","date_gmt":"2024-05-19T03:15:53","guid":{"rendered":"https:\/\/viapais.com.ar\/cordoba\/matias-suarez-y-la-dura-caida-de-belgrano-nos-vamos-contentos-porque-respetamos-la-idea-del-tecnico\/"},"modified":"2024-05-19T03:15:53","modified_gmt":"2024-05-19T03:15:53","slug":"matias-suarez-y-la-dura-caida-de-belgrano-nos-vamos-contentos-porque-respetamos-la-idea-del-tecnico","status":"publish","type":"post","link":"https:\/\/latecordoba.com\/index.php\/2024\/05\/19\/matias-suarez-y-la-dura-caida-de-belgrano-nos-vamos-contentos-porque-respetamos-la-idea-del-tecnico\/","title":{"rendered":"Mat\u00edas Su\u00e1rez y la dura ca\u00edda de Belgrano: \u201cNos vamos contentos porque respetamos la idea del t\u00e9cnico\u201d"},"content":{"rendered":"\n<p><b>Un <\/b><a href=\"https:\/\/viapais.com.ar\/cordoba\/belgrano-confirmo-una-rescicion-de-contrato-y-se-viene-una-despedida\/\" target=\"_blank\" rel=\"noopener\"><b>Belgrano<\/b><\/a><b> sin <\/b><a href=\"https:\/\/viapais.com.ar\/cordoba\/belgrano-sigue-en-la-mala-con-las-lesiones-que-le-paso-a-franco-jara-y-cuando-volvera\/\" target=\"_blank\" rel=\"noopener\"><b>Franco Jara<\/b>,<\/a> como antes se hab\u00eda quedado sin<b> Lucas Passerini,<\/b> recuperaba <b>una pieza importante con<\/b><a href=\"https:\/\/viapais.com.ar\/cordoba\/el-river-belgrano-con-el-homenaje-a-ariel-rojas-porque-se-retira-y-a-matias-suarez\/\" target=\"_blank\" rel=\"noopener\"><b> Mat\u00edas Su\u00e1rez,<\/b><\/a><b> qui\u00e9n despu\u00e9s de m\u00e1s de un mes<\/b><a href=\"https:\/\/viapais.com.ar\/cordoba\/resumen-de-la-derrota-de-belgrano-y-lo-que-viene-un-partido-de-seis-puntos\/\" target=\"_blank\" rel=\"noopener\"> volvi\u00f3 a integrar la delegaci\u00f3n,<\/a> e ingres\u00f3 en el segundo tiempo en la derrota<b> <\/b><a href=\"https:\/\/viapais.com.ar\/cordoba\/un-horror-en-la-salida-de-belgrano-desde-el-fondo-y-vino-el-1-a-0-de-river\/\" target=\"_blank\" rel=\"noopener\"><b>3-0 con River<\/b>.<\/a> <b>Un p\u00fablico Millonario que lo aplaudi\u00f3, por su paso por N\u00fa\u00f1ez.<\/b><\/p>\n<article class=\"article card videoCard\">\n<div class=\"article-inner \">\n<div class=\"article-image \"><a href=\"https:\/\/viapais.com.ar\/cordoba\/belgrano-y-el-arco-en-cero-la-asignatura-que-tiene-pendiente-en-los-torneos-locales\/\" title=\"Belgrano y el arco en cero; la asignatura que tiene pendiente en los torneos locales.\"><\/p>\n<figure><img alt=\"Belgrano y el arco en cero; la asignatura que tiene pendiente en los torneos locales.\" class=\" block \" src=\"http:\/\/latecordoba.com\/wp-content\/uploads\/2024\/05\/matias-suarez-y-la-dura-caida-de-belgrano-nos-vamos-contentos-porque-respetamos-la-idea-del-tecnico.jpg\" sizes=\"auto\" loading=\"lazy\" data-src=\"http:\/\/latecordoba.com\/wp-content\/uploads\/2024\/05\/matias-suarez-y-la-dura-caida-de-belgrano-nos-vamos-contentos-porque-respetamos-la-idea-del-tecnico.jpg\" width=\"307px\" fetchpriority=\"low\" decoding=\"async\" height=\"173px\"><\/figure>\n<p><\/a><\/div>\n<\/div>\n<\/article>\n<p>\u201cSab\u00edamos que era un partido complicado, hab\u00eda que estar <b>los 90 minutos concentrados al m\u00e1ximo porque River ataca mucho y en cualquier momento te puede convertir un gol\u201d, <\/b>declar\u00f3 Su\u00e1rez, en di\u00e1logo con el programa partidario <b>Hablemos de Belgrano.<\/b><\/p>\n<article class=\"article card\">\n<div class=\"article-inner \">\n<div class=\"article-image \"><a href=\"https:\/\/viapais.com.ar\/cordoba\/mariano-troilo-sera-ojeado-en-river-belgrano-que-clubes-europeos-lo-buscan\/\" title=\"Belgrano\"><\/p>\n<figure><img alt=\"Belgrano\" class=\" block \" src=\"http:\/\/latecordoba.com\/wp-content\/uploads\/2024\/05\/matias-suarez-y-la-dura-caida-de-belgrano-nos-vamos-contentos-porque-respetamos-la-idea-del-tecnico-1.jpg\" sizes=\"auto\" loading=\"lazy\" data-src=\"http:\/\/latecordoba.com\/wp-content\/uploads\/2024\/05\/matias-suarez-y-la-dura-caida-de-belgrano-nos-vamos-contentos-porque-respetamos-la-idea-del-tecnico-1.jpg\" width=\"307px\" fetchpriority=\"low\" decoding=\"async\" height=\"173px\"><\/figure>\n<p><\/a><\/div>\n<\/div>\n<\/article>\n<p><b>\u201cEl primer tiempo fue bueno. Despu\u00e9s no lo supimos manejar <\/b>y nos toc\u00f3 perder contra uno <b>de los mejores equipos del f\u00fatbol argentino. Hasta el 1 a 0 estuvimos en partido, despu\u00e9s del segundo gol ya nos ca\u00edmos\u201d, <\/b>analiz\u00f3.<\/p>\n<p>De cualquier modo, remarc\u00f3: <b>\u201cNos vamos contentos porque respetamos la idea del entrenador. Cada vez la entendemos mejor <\/b>y la estamos plasmando en la cancha. Ahora nos queda levantar la cabeza para el viernes, porque se vienen m\u00e1s partidos importantes\u201d.<\/p>\n<h2 class><b>MAT\u00cdAS SU\u00c1REZ Y SU LARGA AUSENCIA EN BELGRANO<\/b><\/h2>\n<p><b>\u201cYa estoy bien hace bastante tiempo. Ten\u00eda una molestia en la rodilla<\/b> y no me quer\u00edan arriegar, as\u00ed que me estuve poniendo bien en lo f\u00edsico para empezar a<b> jugar lo m\u00e1ximo que se pueda\u201d<\/b>, explic\u00f3 Su\u00e1rez. No integraba una delegaci\u00f3n del Celeste desde <b>el pasado 10 de abril, cuando el club dio parte m\u00e9dico de un cuadro de anginas<\/b>, y no pudo viajar con sus compa\u00f1eros a Ecuador, para enfrentar a Delf\u00edn por Copa Sudamericana.<\/p>\n<h2 class><b>EL AN\u00c1LISIS DE JUAN CRUZ REAL DE LA DERROTA DE BELGRANO<\/b><\/h2>\n<p><b>\u201cEn el primer gol del rival, comentemos un error del cual yo me hago totalmente responsable<\/b>\u201d, asumi\u00f3 <b>Juan Cruz Real,<\/b> sobre la gruesa falla defensiva que posibilit\u00f3 a River abrir el marcador. \u201cYo <b>les pido a los jugadores que intentemos elaborar. Atr\u00e1s tenemos dos chicos que entre los dos no tienen 40 partidos en Primera.<\/b> Sabiendo el riesgo que corremos, entendemos que es parte del proceso, yo me hago responsable\u201d, insisti\u00f3 el DT Celeste.<\/p>\n<figure><picture><img alt=\"Juan Cruz Real, DT de Belgrano, habl\u00f3 luego del encuentro ante River y se atribuy\u00f3 la responsabilidad en uno de los goles. (Fotobaires)\" class=\" block \" src=\"http:\/\/latecordoba.com\/wp-content\/uploads\/2024\/05\/matias-suarez-y-la-dura-caida-de-belgrano-nos-vamos-contentos-porque-respetamos-la-idea-del-tecnico-2.jpg\" sizes=\"auto\" loading=\"lazy\" data-src=\"http:\/\/latecordoba.com\/wp-content\/uploads\/2024\/05\/matias-suarez-y-la-dura-caida-de-belgrano-nos-vamos-contentos-porque-respetamos-la-idea-del-tecnico-2.jpg\" width=\"1023px\" fetchpriority=\"low\" decoding=\"async\" height=\"682px\"><\/picture><figcaption class>Juan Cruz Real, DT de Belgrano, habl\u00f3 luego del encuentro ante River y se atribuy\u00f3 la responsabilidad en uno de los goles. (Fotobaires)<\/figcaption><\/figure>\n<p><b>\u201cLos dos primeros goles fueron errores nuestros. <\/b>De los errores tenemos que aprender. Debimos haber tenido m\u00e1s juego, y no pudimos hacerlo\u201d, a\u00f1adi\u00f3. Para despu\u00e9s se\u00f1alar: \u201c<b>Quiero que el equipo tenga esa valent\u00eda para jugar.<\/b> Nos cost\u00f3 elaborar de la forma que lo quer\u00edamos hacer\u201d.<\/p>\n<p>Y complet\u00f3: \u201c<b>No fue el partido que quer\u00edamos hacer, ten\u00edamos la intenci\u00f3n de jugar mucho en el campo rival.<\/b> El primer tiempo nos cost\u00f3 much\u00edsimo, nos cost\u00f3 sostener la pelota. En el segundo tiempo mejoramos bastante, el partido se emparej\u00f3 a pesar de que no tuvimos situaciones claras\u201d.<\/p>\n","protected":false},"excerpt":{"rendered":"<p>Un Belgrano sin Franco Jara, como antes se hab\u00eda quedado sin Lucas Passerini, recuperaba una pieza importante con Mat\u00edas Su\u00e1rez, qui\u00e9n despu\u00e9s de m\u00e1s de un mes volvi\u00f3 a integrar la delegaci\u00f3n, e ingres\u00f3 en el segundo tiempo en la derrota 3-0 con River. Un p\u00fablico Millonario que lo aplaudi\u00f3, por su paso por N\u00fa\u00f1ez. [&hellip;]<\/p>\n","protected":false},"author":1,"featured_media":23582,"comment_status":"closed","ping_status":"closed","sticky":false,"template":"","format":"standard","meta":[],"categories":[15],"tags":[],"_links":{"self":[{"href":"https:\/\/latecordoba.com\/index.php\/wp-json\/wp\/v2\/posts\/23581"}],"collection":[{"href":"https:\/\/latecordoba.com\/index.php\/wp-json\/wp\/v2\/posts"}],"about":[{"href":"https:\/\/latecordoba.com\/index.php\/wp-json\/wp\/v2\/types\/post"}],"author":[{"embeddable":true,"href":"https:\/\/latecordoba.com\/index.php\/wp-json\/wp\/v2\/users\/1"}],"replies":[{"embeddable":true,"href":"https:\/\/latecordoba.com\/index.php\/wp-json\/wp\/v2\/comments?post=23581"}],"version-history":[{"count":0,"href":"https:\/\/latecordoba.com\/index.php\/wp-json\/wp\/v2\/posts\/23581\/revisions"}],"wp:featuredmedia":[{"embeddable":true,"href":"https:\/\/latecordoba.com\/index.php\/wp-json\/wp\/v2\/media\/23582"}],"wp:attachment":[{"href":"https:\/\/latecordoba.com\/index.php\/wp-json\/wp\/v2\/media?parent=23581"}],"wp:term":[{"taxonomy":"category","embeddable":true,"href":"https:\/\/latecordoba.com\/index.php\/wp-json\/wp\/v2\/categories?post=23581"},{"taxonomy":"post_tag","embeddable":true,"href":"https:\/\/latecordoba.com\/index.php\/wp-json\/wp\/v2\/tags?post=23581"}],"curies":[{"name":"wp","href":"https:\/\/api.w.org\/{rel}","templated":true}]}}