{"id":23579,"date":"2024-05-18T23:35:07","date_gmt":"2024-05-18T23:35:07","guid":{"rendered":"http:\/\/3b24bb004215426d858af0971db5e95b"},"modified":"2024-05-18T23:35:07","modified_gmt":"2024-05-18T23:35:07","slug":"el-secretario-de-culto-hablo-en-el-acto-de-vox-y-pidio-defender-los-valores-conservadores","status":"publish","type":"post","link":"https:\/\/latecordoba.com\/index.php\/2024\/05\/18\/el-secretario-de-culto-hablo-en-el-acto-de-vox-y-pidio-defender-los-valores-conservadores\/","title":{"rendered":"El secretario de Culto habl\u00f3 en el acto de Vox y pidi\u00f3 defender &#8220;los valores conservadores&#8221;"},"content":{"rendered":"\n<div class=\"media_block\"><img decoding=\"async\" src=\"http:\/\/latecordoba.com\/wp-content\/uploads\/2024\/05\/el-secretario-de-culto-hablo-en-el-acto-de-vox-y-pidio-defender-los-valores-conservadores.png\"><\/div>\n<div><img decoding=\"async\" src=\"http:\/\/latecordoba.com\/wp-content\/uploads\/2024\/05\/el-secretario-de-culto-hablo-en-el-acto-de-vox-y-pidio-defender-los-valores-conservadores-1.png\" class=\"ff-og-image-inserted\"><\/div>\n<p>El Secretario de Culto habl\u00f3 en la Convenci\u00f3n &#8220;Europa Viva 24&#8221; organizada por Vox. Como revel\u00f3 en exclusivo LPO, Francisco S\u00e1nchez, decidi\u00f3 viajar a Madrid con fondos de la Canciller\u00eda.&nbsp;<\/p>\n<p>En su discurso, S\u00e1nchez se defini\u00f3 como &#8220;conservador&#8221; y mencion\u00f3 leyes que se aprobaron en los \u00faltimos casi 40 a\u00f1os. &#8220;En la Argentina, desde que nac\u00ed hace 50 a\u00f1os, nuestras tradiciones han ido retrocediendo. En 1987, en plena crisis econ\u00f3mica, en un p\u00e9simo gobierno radical alfonsinista [por Ricardo Alfons\u00edn], se promovi\u00f3 el debate por el divorcio vincular y se aprob\u00f3. Y uno dec\u00eda que era el peor momento para plantear un tema como ese en una Argentina en crisis econ\u00f3mica. Pero se aprob\u00f3&#8221;,&nbsp;plante\u00f3.&nbsp;<\/p>\n<p>&nbsp;&#8220;M\u00e1s adelante, Cristina Kirchner promovi\u00f3 junto a su gobierno el matrimonio homosexual. Muchos cre\u00edamos que no era el momento en la Argentina, en plena crisis, como vivimos casi siempre, pero lo promovieron y lo aprobaron&#8221;, continu\u00f3.&nbsp;<\/p>\n<p><a href=\"https:\/\/www.lapoliticaonline.com\/tools\/redirect.php?t=3&amp;i=290195&amp;s=ead1f0134d468065e01cc6677932c816\" class=\"link-type-content content-type-noticia-ar\">El secretario de Culto fue a la cumbre de Vox en Madrid y agrava el esc\u00e1ndalo de los viajes privados que paga el Estado<\/a><\/p>\n<p>Luego,&nbsp;habl\u00f3 del gobierno de Alberto Fern\u00e1ndez donde se aprob\u00f3 el aborto y sostuvo:&nbsp;&#8220;En 2020, en plena crisis grav\u00edsima, no solamente econ\u00f3mica, sino tambi\u00e9n por el Covid, ese gobierno promovi\u00f3 una ley para, dicho tambi\u00e9n, promover el aborto, no solamente hacerlo legal sino promoverlo, y lo aprobaron&#8221;.&nbsp;<\/p>\n<p>&#8220;Tambi\u00e9n se aprobaron leyes para que la ideolog\u00eda de g\u00e9nero sea obligatoria en las escuelas, para pervertir a nuestros hijos, para hacer da\u00f1o en nuestra sociedad&#8221;, a\u00f1adi\u00f3.&nbsp;<\/p>\n<p>Es que existe en el estilo de S\u00e1nchez una suerte de autonom\u00eda de la conducci\u00f3n pol\u00edtica de la Canciller\u00eda. En la intimidad el secretario de Culto suele criticar a la canciller Diana Mondino a quien cuestiona su gesti\u00f3n y es uno de los funcionarios del Gobierno que pide su salida.<\/p>\n<p>La participaci\u00f3n del secretario de Culto en el acto con Vox lo har\u00e1 compartir \u00e1mbito con sectores con pensamientos anti-musulm\u00e1n y en alg\u00fan momento, por su ligaz\u00f3n de la derecha franquista, con ideas anti-semitas.<\/p>\n<p class=\"authorquote\" title=\"Francisco S\u00e1nchez, Secretario de Culto.\">Tambi\u00e9n se aprobaron leyes para que la ideolog\u00eda de g\u00e9nero sea obligatoria en las escuelas, para pervertir a nuestros hijos, para hacer da\u00f1o en nuestra sociedad <\/p>\n<p>S\u00e1nchez lleg\u00f3 al mundo Milei de la mano de Patricia Bullrich, fue diputado del PRO por Neuqu\u00e9n y es ultraconservador. Se define como antiabortista, antifeminista y apoya la libre portaci\u00f3n de armas para que &#8220;los ciudadanos decentes puedan enfrentar la inseguridad&#8221;.<\/p>\n<p>En otro tuit pol\u00e9mico manifest\u00f3 su islamofobia: &#8220;Hoy se cumplen 452 a\u00f1os, en que las fuerzas cat\u00f3licas vencieron a los otomanos en la batalla de Lepanto. Buen d\u00eda para recordar la gesta que salv\u00f3 a la cristiandad y a Occidente todo, de las hordas isl\u00e1micas. Espero que el mundo encuentre r\u00e1pidamente la Paz&#8221;.&nbsp;<\/p>\n<p>Una fuente que conoce a S\u00e1nchez se muy cerca explic\u00f3 a LPO que a pesar de integrar el PRO, el funcionario es un hombre de Victoria Villarruel con quien comparte la ideolog\u00eda lefebvrista.<\/p>\n<figure class=\"vsmwidget widget-type-twitter\" vsmtype=\"twitter\" contenteditable=\"false\" readability=\"-17.661538461538\">\n<blockquote class=\"twitter-tweet\" readability=\"11.48\">\n<p lang=\"es\" dir=\"ltr\">&#8220;En Argentina se aprobaron leyes para pervertir a nuestros hijos&#8221;<\/p>\n<p>El secretario de Culto, Francisco S\u00e1nchez, critic\u00f3 las leyes de divorcio, matrimonio igualitario y aborto legal y asegur\u00f3 que &#8220;los conservadores se aferran a lo poco que les queda&#8221;. <a href=\"https:\/\/t.co\/qDQca4kR9I\">pic.twitter.com\/qDQca4kR9I<\/a>\u2014 Corta %uD83C%uDFC6 (@somoscorta) <a href=\"https:\/\/twitter.com\/somoscorta\/status\/1791907681768190196?ref_src=twsrc%5Etfw\">May 18, 2024<\/a><\/p>\n<\/blockquote>\n<\/figure>\n<p>Los lefebvristas rechazan el Concilio Vaticano II y por lo tanto no aceptan el magisterio de los Papas de Juan XXIII en adelante. Son los seguidores del arzobispo franc\u00e9s Marcel Fran\u00e7ois Lefebvre que orden\u00f3 en 1988 a cuatro obispos a pesar de la oposici\u00f3n de Juan Pablo II y hoy son fervientes opositores al Papa Francisco.<\/p>\n<p> De hecho, S\u00e1nchez es un detractor consistente del monse\u00f1or Oscar Ojea, a quien critica que no haga de la derogaci\u00f3n de la ley del aborto, un eje central de su trabajo pastoral. Ojea es un hombre del ri\u00f1\u00f3n del Papa Francisco y est\u00e1 m\u00e1s enfocado en la necesidad de combatir la pobreza. <\/p>\n<p>Sanchez lleg\u00f3 al gobierno de la mano de Patricia Bullrich. Ultraconservador comparte con Victoria Villarruel la ideolog\u00eda cat\u00f3lica lefevrista, ferviente opositora al papa Francisco.<\/p>\n<p>Su cruzada anti Bergolio se cristaliz\u00f3 en el nombramiento del integrante de la congregaci\u00f3n cat\u00f3lica ultraconservadora Opus Dei, Jorge O\u00b4Reilly, como asesor personal. O\u00b4Reilly tiene v\u00ednculos muy cercanos con Victoria Villarruel y fue vetado para ocupar la embajada en el Vaticano por su mala relaci\u00f3n con Francisco.&nbsp;<\/p>\n","protected":false},"excerpt":{"rendered":"\n<div class=\"media_block\"><img decoding=\"async\" src=\"http:\/\/latecordoba.com\/wp-content\/uploads\/2024\/05\/el-secretario-de-culto-hablo-en-el-acto-de-vox-y-pidio-defender-los-valores-conservadores.png\"><\/div>\n<p>Francisco S\u00e1nchez critic\u00f3 al gobierno de Alfons\u00edn, Cristina y Alberto Fern\u00e1ndez por impulsar el divorcio, matrimonio igualitario y el aborto. Fue primicia exclusiva de LPO.  <\/p>\n","protected":false},"author":1,"featured_media":23580,"comment_status":"closed","ping_status":"closed","sticky":false,"template":"","format":"standard","meta":[],"categories":[18],"tags":[],"_links":{"self":[{"href":"https:\/\/latecordoba.com\/index.php\/wp-json\/wp\/v2\/posts\/23579"}],"collection":[{"href":"https:\/\/latecordoba.com\/index.php\/wp-json\/wp\/v2\/posts"}],"about":[{"href":"https:\/\/latecordoba.com\/index.php\/wp-json\/wp\/v2\/types\/post"}],"author":[{"embeddable":true,"href":"https:\/\/latecordoba.com\/index.php\/wp-json\/wp\/v2\/users\/1"}],"replies":[{"embeddable":true,"href":"https:\/\/latecordoba.com\/index.php\/wp-json\/wp\/v2\/comments?post=23579"}],"version-history":[{"count":0,"href":"https:\/\/latecordoba.com\/index.php\/wp-json\/wp\/v2\/posts\/23579\/revisions"}],"wp:featuredmedia":[{"embeddable":true,"href":"https:\/\/latecordoba.com\/index.php\/wp-json\/wp\/v2\/media\/23580"}],"wp:attachment":[{"href":"https:\/\/latecordoba.com\/index.php\/wp-json\/wp\/v2\/media?parent=23579"}],"wp:term":[{"taxonomy":"category","embeddable":true,"href":"https:\/\/latecordoba.com\/index.php\/wp-json\/wp\/v2\/categories?post=23579"},{"taxonomy":"post_tag","embeddable":true,"href":"https:\/\/latecordoba.com\/index.php\/wp-json\/wp\/v2\/tags?post=23579"}],"curies":[{"name":"wp","href":"https:\/\/api.w.org\/{rel}","templated":true}]}}