{"id":23573,"date":"2024-05-17T18:51:47","date_gmt":"2024-05-17T18:51:47","guid":{"rendered":"https:\/\/www.eldiariodeturismo.com.ar\/?p=246310"},"modified":"2024-05-17T18:51:47","modified_gmt":"2024-05-17T18:51:47","slug":"todos-los-atractivos-y-las-novedades-de-curacao-en-un-nuevo-road-show-con-escala-en-buenos-aires","status":"publish","type":"post","link":"https:\/\/latecordoba.com\/index.php\/2024\/05\/17\/todos-los-atractivos-y-las-novedades-de-curacao-en-un-nuevo-road-show-con-escala-en-buenos-aires\/","title":{"rendered":"Todos los atractivos y las novedades de Cura\u00e7ao en un nuevo Road Show con escala en Buenos Aires"},"content":{"rendered":"\n<p>La ciudad de Buenos Aires recibi\u00f3 un nuevo <strong>Road Show de Cura\u00e7ao<\/strong> en Buenos Aires -que seguir\u00e1 por Mendoza y por C\u00f3rdoba-, un evento en el que se capacit\u00f3 a los agentes de viajes sobre los atractivos del destino, se brind\u00f3 informaci\u00f3n sobre las novedades y los participantes tuvieron oportunidad de conocer informaci\u00f3n de diferentes prestadores tur\u00edsticos, hoteles, l\u00edneas a\u00e9reas, receptivos, servicios, entablando contacto directo con sus representantes.<\/p>\n<p><img loading=\"lazy\" decoding=\"async\" class=\"aligncenter wp-image-246313 size-full\" src=\"http:\/\/latecordoba.com\/wp-content\/uploads\/2024\/05\/todos-los-atractivos-y-las-novedades-de-curacao-en-un-nuevo-road-show-con-escala-en-buenos-aires.jpg\" alt width=\"500\" height=\"375\" srcset=\"http:\/\/latecordoba.com\/wp-content\/uploads\/2024\/05\/todos-los-atractivos-y-las-novedades-de-curacao-en-un-nuevo-road-show-con-escala-en-buenos-aires.jpg 500w, https:\/\/www.eldiariodeturismo.com.ar\/wp-content\/uploads\/2024\/05\/2-Curacao-300x225.jpg 300w\" sizes=\"(max-width: 500px) 100vw, 500px\"><\/p>\n<p>El evento que se realiz\u00f3 en Casa Sur Palermo estuvo a cargo de <strong>Iris Carrasco, Coordinadora para el Cono Sur,<\/strong> y <strong>Elaine Hart Francisca, Gerente Regional para Latinoam\u00e9rica y Caribe<\/strong>, quienes destacaron que hay una creciente llegada de argentinos que cada a\u00f1o van superando en cantidad de viajeros atra\u00eddos por las playas, la cultura local, su gastronom\u00eda, sus espect\u00e1culos art\u00edsticos.<\/p>\n<p>Hicieron menci\u00f3n a la proyecci\u00f3n de turistas para este a\u00f1o: las estimaciones era de 670.000 visitantes en 2024 pero es posible que el n\u00famero llegue a 700.000. Un dato interesante para validar esta afirmaci\u00f3n es el hecho que entraron a <strong>Cura\u00e7ao<\/strong> 242.600 viajeros en el primer cuatrimestre, un 27 % m\u00e1s que en el mismo lapso de tiempo del a\u00f1o 2023.<\/p>\n<div id=\"gallery-1\" class=\"gallery galleryid-246310 gallery-columns-2 gallery-size-large\">\n<figure class=\"gallery-item\">\n<div class=\"gallery-icon landscape\"> <a href=\"https:\/\/www.eldiariodeturismo.com.ar\/2024\/05\/17\/todos-los-atractivos-y-las-novedades-de-curacao-en-un-nuevo-road-show-con-escala-en-buenos-aires\/avianca-6\/\"><img loading=\"lazy\" decoding=\"async\" width=\"500\" height=\"375\" src=\"http:\/\/latecordoba.com\/wp-content\/uploads\/2024\/05\/todos-los-atractivos-y-las-novedades-de-curacao-en-un-nuevo-road-show-con-escala-en-buenos-aires-1.jpg\" class=\"attachment-large size-large\" alt aria-describedby=\"gallery-1-246314\" srcset=\"http:\/\/latecordoba.com\/wp-content\/uploads\/2024\/05\/todos-los-atractivos-y-las-novedades-de-curacao-en-un-nuevo-road-show-con-escala-en-buenos-aires-1.jpg 500w, https:\/\/www.eldiariodeturismo.com.ar\/wp-content\/uploads\/2024\/05\/Avianca-300x225.jpg 300w\" sizes=\"(max-width: 500px) 100vw, 500px\"><\/a> <\/div><figcaption class=\"wp-caption-text gallery-caption\" id=\"gallery-1-246314\"> Avianca <\/figcaption><\/figure>\n<figure class=\"gallery-item\">\n<div class=\"gallery-icon landscape\"> <a href=\"https:\/\/www.eldiariodeturismo.com.ar\/2024\/05\/17\/todos-los-atractivos-y-las-novedades-de-curacao-en-un-nuevo-road-show-con-escala-en-buenos-aires\/copa-7\/\"><img loading=\"lazy\" decoding=\"async\" width=\"500\" height=\"375\" src=\"http:\/\/latecordoba.com\/wp-content\/uploads\/2024\/05\/todos-los-atractivos-y-las-novedades-de-curacao-en-un-nuevo-road-show-con-escala-en-buenos-aires-2.jpg\" class=\"attachment-large size-large\" alt aria-describedby=\"gallery-1-246315\" srcset=\"http:\/\/latecordoba.com\/wp-content\/uploads\/2024\/05\/todos-los-atractivos-y-las-novedades-de-curacao-en-un-nuevo-road-show-con-escala-en-buenos-aires-2.jpg 500w, https:\/\/www.eldiariodeturismo.com.ar\/wp-content\/uploads\/2024\/05\/Copa-300x225.jpg 300w\" sizes=\"(max-width: 500px) 100vw, 500px\"><\/a> <\/div><figcaption class=\"wp-caption-text gallery-caption\" id=\"gallery-1-246315\"> Copa Airlines <\/figcaption><\/figure>\n<\/p><\/div>\n<p>Las aerol\u00edneas que llegan a <strong>Cura\u00e7ao<\/strong> desde Sudam\u00e9rica brindaron sus novedades. Copa Airlines&nbsp; ofrece vuelos diarios desde Panam\u00e1 y a partir de septiembre sumar\u00e1 dos frecuencias en la semana. Avianca tiene dos vuelos diarios desde Bogot\u00e1 y a partir de junio lanzar\u00e1 la ruta &nbsp;Buenos Aires-Medellin y conexi\u00f3n a Cura\u00e7ao.<\/p>\n<div id=\"gallery-2\" class=\"gallery galleryid-246310 gallery-columns-2 gallery-size-large\">\n<figure class=\"gallery-item\">\n<div class=\"gallery-icon landscape\"> <a href=\"https:\/\/www.eldiariodeturismo.com.ar\/2024\/05\/17\/todos-los-atractivos-y-las-novedades-de-curacao-en-un-nuevo-road-show-con-escala-en-buenos-aires\/inclusive-collection\/\"><img loading=\"lazy\" decoding=\"async\" width=\"500\" height=\"375\" src=\"http:\/\/latecordoba.com\/wp-content\/uploads\/2024\/05\/todos-los-atractivos-y-las-novedades-de-curacao-en-un-nuevo-road-show-con-escala-en-buenos-aires-3.jpg\" class=\"attachment-large size-large\" alt aria-describedby=\"gallery-2-246317\" srcset=\"http:\/\/latecordoba.com\/wp-content\/uploads\/2024\/05\/todos-los-atractivos-y-las-novedades-de-curacao-en-un-nuevo-road-show-con-escala-en-buenos-aires-3.jpg 500w, https:\/\/www.eldiariodeturismo.com.ar\/wp-content\/uploads\/2024\/05\/Inclusive-Collection-300x225.jpg 300w\" sizes=\"(max-width: 500px) 100vw, 500px\"><\/a> <\/div><figcaption class=\"wp-caption-text gallery-caption\" id=\"gallery-2-246317\"> Inclusive Collection <\/figcaption><\/figure>\n<figure class=\"gallery-item\">\n<div class=\"gallery-icon landscape\"> <a href=\"https:\/\/www.eldiariodeturismo.com.ar\/2024\/05\/17\/todos-los-atractivos-y-las-novedades-de-curacao-en-un-nuevo-road-show-con-escala-en-buenos-aires\/corendon-fiesta-tours\/\"><img loading=\"lazy\" decoding=\"async\" width=\"500\" height=\"375\" src=\"http:\/\/latecordoba.com\/wp-content\/uploads\/2024\/05\/todos-los-atractivos-y-las-novedades-de-curacao-en-un-nuevo-road-show-con-escala-en-buenos-aires-4.jpg\" class=\"attachment-large size-large\" alt aria-describedby=\"gallery-2-246316\" srcset=\"http:\/\/latecordoba.com\/wp-content\/uploads\/2024\/05\/todos-los-atractivos-y-las-novedades-de-curacao-en-un-nuevo-road-show-con-escala-en-buenos-aires-4.jpg 500w, https:\/\/www.eldiariodeturismo.com.ar\/wp-content\/uploads\/2024\/05\/Corendon-Fiesta-Tours-300x225.jpg 300w\" sizes=\"(max-width: 500px) 100vw, 500px\"><\/a> <\/div><figcaption class=\"wp-caption-text gallery-caption\" id=\"gallery-2-246316\"> Fiesta Tours Cura\u00e7ao y Mangrove Beach Corendon Cura\u00e7ao All-Inclusive Resort Curio by Hilton <\/figcaption><\/figure>\n<figure class=\"gallery-item\">\n<div class=\"gallery-icon landscape\"> <a href=\"https:\/\/www.eldiariodeturismo.com.ar\/2024\/05\/17\/todos-los-atractivos-y-las-novedades-de-curacao-en-un-nuevo-road-show-con-escala-en-buenos-aires\/marriott-2\/\"><img loading=\"lazy\" decoding=\"async\" width=\"500\" height=\"375\" src=\"http:\/\/latecordoba.com\/wp-content\/uploads\/2024\/05\/todos-los-atractivos-y-las-novedades-de-curacao-en-un-nuevo-road-show-con-escala-en-buenos-aires-5.jpg\" class=\"attachment-large size-large\" alt aria-describedby=\"gallery-2-246318\" srcset=\"http:\/\/latecordoba.com\/wp-content\/uploads\/2024\/05\/todos-los-atractivos-y-las-novedades-de-curacao-en-un-nuevo-road-show-con-escala-en-buenos-aires-5.jpg 500w, https:\/\/www.eldiariodeturismo.com.ar\/wp-content\/uploads\/2024\/05\/Marriott-300x225.jpg 300w\" sizes=\"(max-width: 500px) 100vw, 500px\"><\/a> <\/div><figcaption class=\"wp-caption-text gallery-caption\" id=\"gallery-2-246318\"> Cura\u00e7ao Marriott Beach Resort <\/figcaption><\/figure>\n<figure class=\"gallery-item\">\n<div class=\"gallery-icon landscape\"> <a href=\"https:\/\/www.eldiariodeturismo.com.ar\/2024\/05\/17\/todos-los-atractivos-y-las-novedades-de-curacao-en-un-nuevo-road-show-con-escala-en-buenos-aires\/sandals-3\/\"><img loading=\"lazy\" decoding=\"async\" width=\"500\" height=\"375\" src=\"http:\/\/latecordoba.com\/wp-content\/uploads\/2024\/05\/todos-los-atractivos-y-las-novedades-de-curacao-en-un-nuevo-road-show-con-escala-en-buenos-aires-6.jpg\" class=\"attachment-large size-large\" alt aria-describedby=\"gallery-2-246319\" srcset=\"http:\/\/latecordoba.com\/wp-content\/uploads\/2024\/05\/todos-los-atractivos-y-las-novedades-de-curacao-en-un-nuevo-road-show-con-escala-en-buenos-aires-6.jpg 500w, https:\/\/www.eldiariodeturismo.com.ar\/wp-content\/uploads\/2024\/05\/Sandals-300x225.jpg 300w\" sizes=\"(max-width: 500px) 100vw, 500px\"><\/a> <\/div><figcaption class=\"wp-caption-text gallery-caption\" id=\"gallery-2-246319\"> Sandals Royal Cura\u00e7ao Resort <\/figcaption><\/figure>\n<\/p><\/div>\n<p>En la presentaci\u00f3n sobre el destino, <strong>Iris Carrasco<\/strong> brind\u00f3 las \u00faltimas novedades, la agenda de espect\u00e1culos y festivales art\u00edsticos que habr\u00e1 este a\u00f1o con destacados m\u00fasicos internacionales, y ponder\u00f3 algunos datos diferenciales de <strong>Cura\u00e7ao<\/strong> con sus m\u00e1s de 35 playas -sin sargazo ni gran oleaje-; clima estable todo el a\u00f1o con 29\u00b0C grados de temperatura de promedio en la superficie y 27\u00b0C en el agua, y la privilegiada ubicaci\u00f3n fuera de la zona de huracanes.<\/p>\n<h6><em>Las fotos del evento fueron realizadas con el equipo <a href=\"https:\/\/www.instagram.com\/motorola_ar\/\" target=\"_blank\" rel=\"noopener\">@motorola_ar g54 5G<\/a><\/em><\/h6>\n<p>.<\/p>\n<p>EL DIARIO DE TURISMO<\/p>\n","protected":false},"excerpt":{"rendered":"<p> La ciudad de Buenos Aires recibi\u00f3 un nuevo Road Show de Cura\u00e7ao en Buenos Aires -que seguir\u00e1 por Mendoza y  <\/p>\n","protected":false},"author":1,"featured_media":23574,"comment_status":"open","ping_status":"closed","sticky":false,"template":"","format":"standard","meta":[],"categories":[19],"tags":[],"_links":{"self":[{"href":"https:\/\/latecordoba.com\/index.php\/wp-json\/wp\/v2\/posts\/23573"}],"collection":[{"href":"https:\/\/latecordoba.com\/index.php\/wp-json\/wp\/v2\/posts"}],"about":[{"href":"https:\/\/latecordoba.com\/index.php\/wp-json\/wp\/v2\/types\/post"}],"author":[{"embeddable":true,"href":"https:\/\/latecordoba.com\/index.php\/wp-json\/wp\/v2\/users\/1"}],"replies":[{"embeddable":true,"href":"https:\/\/latecordoba.com\/index.php\/wp-json\/wp\/v2\/comments?post=23573"}],"version-history":[{"count":0,"href":"https:\/\/latecordoba.com\/index.php\/wp-json\/wp\/v2\/posts\/23573\/revisions"}],"wp:featuredmedia":[{"embeddable":true,"href":"https:\/\/latecordoba.com\/index.php\/wp-json\/wp\/v2\/media\/23574"}],"wp:attachment":[{"href":"https:\/\/latecordoba.com\/index.php\/wp-json\/wp\/v2\/media?parent=23573"}],"wp:term":[{"taxonomy":"category","embeddable":true,"href":"https:\/\/latecordoba.com\/index.php\/wp-json\/wp\/v2\/categories?post=23573"},{"taxonomy":"post_tag","embeddable":true,"href":"https:\/\/latecordoba.com\/index.php\/wp-json\/wp\/v2\/tags?post=23573"}],"curies":[{"name":"wp","href":"https:\/\/api.w.org\/{rel}","templated":true}]}}