{"id":23560,"date":"2024-05-18T13:06:40","date_gmt":"2024-05-18T13:06:40","guid":{"rendered":"https:\/\/elnoticierodigital.com.ar\/?p=2008949"},"modified":"2024-05-18T13:06:40","modified_gmt":"2024-05-18T13:06:40","slug":"asi-es-el-nuevo-tatuaje-que-enzo-fernandez-se-hizo-en-el-cuello-parece-un","status":"publish","type":"post","link":"https:\/\/latecordoba.com\/index.php\/2024\/05\/18\/asi-es-el-nuevo-tatuaje-que-enzo-fernandez-se-hizo-en-el-cuello-parece-un\/","title":{"rendered":"As\u00ed es el nuevo tatuaje que Enzo Fern\u00e1ndez se hizo en el cuello: \u201cParece un\u2026\u201d"},"content":{"rendered":"<p> <!-- image --><\/p>\n<div class=\"td-post-featured-image\"><a href=\"https:\/\/i0.wp.com\/elnoticierodigital.com.ar\/wp-content\/uploads\/2024\/05\/2008949.jpg?fit=1161%2C630&amp;ssl=1\" data-caption><img decoding=\"async\" loading=\"lazy\" width=\"696\" height=\"378\" class=\"entry-thumb td-modal-image\" src=\"http:\/\/latecordoba.com\/wp-content\/uploads\/2024\/05\/asi-es-el-nuevo-tatuaje-que-enzo-fernandez-se-hizo-en-el-cuello-parece-un.jpg\" srcset=\"http:\/\/latecordoba.com\/wp-content\/uploads\/2024\/05\/asi-es-el-nuevo-tatuaje-que-enzo-fernandez-se-hizo-en-el-cuello-parece-un-1.jpg 1161w, http:\/\/latecordoba.com\/wp-content\/uploads\/2024\/05\/asi-es-el-nuevo-tatuaje-que-enzo-fernandez-se-hizo-en-el-cuello-parece-un-2.jpg 300w, http:\/\/latecordoba.com\/wp-content\/uploads\/2024\/05\/asi-es-el-nuevo-tatuaje-que-enzo-fernandez-se-hizo-en-el-cuello-parece-un-3.jpg 1024w, http:\/\/latecordoba.com\/wp-content\/uploads\/2024\/05\/asi-es-el-nuevo-tatuaje-que-enzo-fernandez-se-hizo-en-el-cuello-parece-un-4.jpg 768w, http:\/\/latecordoba.com\/wp-content\/uploads\/2024\/05\/asi-es-el-nuevo-tatuaje-que-enzo-fernandez-se-hizo-en-el-cuello-parece-un-5.jpg 150w, http:\/\/latecordoba.com\/wp-content\/uploads\/2024\/05\/asi-es-el-nuevo-tatuaje-que-enzo-fernandez-se-hizo-en-el-cuello-parece-un.jpg 696w, https:\/\/i0.wp.com\/elnoticierodigital.com.ar\/wp-content\/uploads\/2024\/05\/2008949.jpg?resize=1068%2C580&amp;ssl=1 1068w\" sizes=\"(max-width: 696px) 100vw, 696px\" alt title=\"2008949\"><\/a><\/div>\n<p> <!-- content --><\/p>\n<article readability=\"50\">Enzo Fern\u00e1ndez se encuentra en pleno proceso de recuperaci\u00f3n tras someterse a una cirug\u00eda de hernia inguinal que lo mantendr\u00e1 fuera de las canchas por un per\u00edodo estimado de un mes en Inglaterra, donde se luce desde esta temporada.<\/p>\n<p>Esta pausa forzosa llega en un momento crucial, justo cuando el Chelsea concluye su a\u00f1o, pero tambi\u00e9n abre un espacio para que el jugador se prepare de cara a la Copa Am\u00e9rica 2024, que se celebrar\u00e1 en Estados Unidos en los meses de junio y julio pr\u00f3ximo (Argentina debuta el 20 frente a Canad\u00e1).<\/p>\n<p>Sin embargo, en las \u00faltimas horas el campe\u00f3n del mundo fue noticia y no por su lesi\u00f3n. A pesar de su ausencia en los \u00faltimos juegos de su club, Enzo no se ha desligado completamente del f\u00fatbol ni de sus fans.<\/p>\n<p>Aprovechando este per\u00edodo de inactividad, el campe\u00f3n del mundo decidi\u00f3 a\u00f1adir m\u00e1s tinta a su ya impresionante colecci\u00f3n de tatuajes. \u201cSe la jug\u00f3. Est\u00e1 m\u00e1s rockero que nunca\u201d, dijeron sus fans, haciendo referencia a la banda de Axel Rose, Guns&amp;Roses, por las rosas en su cuello.<\/p>\n<p>A trav\u00e9s de Instagram, mostr\u00f3 con orgullo su nuevo arte corporal: un tatuaje en su cuello con una flor, pero adem\u00e1s mostr\u00f3 el arte que se hizo previamente en su mano con la Copa del Mundo que combina el n\u00famero 24, su dorsal con la Selecci\u00f3n Argentina, s\u00edmbolo de la victoria de Argentina en el Mundial de Qatar 2022.<\/p>\n<p>Junto al video de su nuevo tatuaje, Fern\u00e1ndez escribi\u00f3: \u201cGracias hermanito\u201d, y eligi\u00f3 la canci\u00f3n \u201cMuchachos\u201d de La Mosca, que reson\u00f3 con fuerza durante la celebraci\u00f3n del \u00faltimo mundial.<\/p>\n<p>La operaci\u00f3n, que tuvo lugar a finales de abril, fue necesaria para aliviar un dolor que Fern\u00e1ndez arrastraba desde hace m\u00e1s de un a\u00f1o. \u201cQuer\u00eda comunicarles que mi operaci\u00f3n se realiz\u00f3 con \u00e9xito, sali\u00f3 todo bien, gracias a Dios. Necesitaba hacerme esta cirug\u00eda, ya que ven\u00eda arrastrando el dolor por aproximadamente 6 meses\u201d, comparti\u00f3 el jugador a trav\u00e9s de sus redes sociales.<\/p>\n<\/article>\n<p>Fuente: <a href=\"https:\/\/www.paparazzi.com.ar\/deportes\/tremendo-asi-es-el-nuevo-tatuaje-que-enzo-fernandez-se-hizo-en-el-cuello\/\">https:\/\/www.paparazzi.com.ar\/<\/a><\/p>\n","protected":false},"excerpt":{"rendered":"<p> Enzo Fern\u00e1ndez se encuentra en pleno proceso de recuperaci\u00f3n tras someterse a una cirug\u00eda de hernia inguinal que lo mantendr\u00e1 fuera de las canchas por un per\u00edodo estimado de un mes en Inglaterra, donde se luce desde esta temporada. Esta pausa forzosa llega en un momento crucial, justo cuando el Chelsea concluye su a\u00f1o, pero [&#8230;]  <\/p>\n","protected":false},"author":1,"featured_media":23561,"comment_status":"closed","ping_status":"closed","sticky":false,"template":"","format":"standard","meta":[],"categories":[14],"tags":[],"_links":{"self":[{"href":"https:\/\/latecordoba.com\/index.php\/wp-json\/wp\/v2\/posts\/23560"}],"collection":[{"href":"https:\/\/latecordoba.com\/index.php\/wp-json\/wp\/v2\/posts"}],"about":[{"href":"https:\/\/latecordoba.com\/index.php\/wp-json\/wp\/v2\/types\/post"}],"author":[{"embeddable":true,"href":"https:\/\/latecordoba.com\/index.php\/wp-json\/wp\/v2\/users\/1"}],"replies":[{"embeddable":true,"href":"https:\/\/latecordoba.com\/index.php\/wp-json\/wp\/v2\/comments?post=23560"}],"version-history":[{"count":0,"href":"https:\/\/latecordoba.com\/index.php\/wp-json\/wp\/v2\/posts\/23560\/revisions"}],"wp:featuredmedia":[{"embeddable":true,"href":"https:\/\/latecordoba.com\/index.php\/wp-json\/wp\/v2\/media\/23561"}],"wp:attachment":[{"href":"https:\/\/latecordoba.com\/index.php\/wp-json\/wp\/v2\/media?parent=23560"}],"wp:term":[{"taxonomy":"category","embeddable":true,"href":"https:\/\/latecordoba.com\/index.php\/wp-json\/wp\/v2\/categories?post=23560"},{"taxonomy":"post_tag","embeddable":true,"href":"https:\/\/latecordoba.com\/index.php\/wp-json\/wp\/v2\/tags?post=23560"}],"curies":[{"name":"wp","href":"https:\/\/api.w.org\/{rel}","templated":true}]}}