{"id":23557,"date":"2024-05-17T14:15:49","date_gmt":"2024-05-17T14:15:49","guid":{"rendered":"https:\/\/www.radiourbanasf.com.ar\/?p=18993"},"modified":"2024-05-17T14:15:49","modified_gmt":"2024-05-17T14:15:49","slug":"nuevo-disco-de-david-lebon","status":"publish","type":"post","link":"https:\/\/latecordoba.com\/index.php\/2024\/05\/17\/nuevo-disco-de-david-lebon\/","title":{"rendered":"Nuevo disco de David Leb\u00f3n"},"content":{"rendered":"\n<div><img decoding=\"async\" src=\"http:\/\/latecordoba.com\/wp-content\/uploads\/2024\/05\/nuevo-disco-de-david-lebon.jpg\" class=\"ff-og-image-inserted\"><\/div>\n<p><!-- .share-post --> <!-- WhatsApp Share Button for WordPress: http:\/\/peadig.com\/wordpress-plugins\/whatsapp-share-button\/ --><\/p>\n<h2>Mientras prepara otro nuevo \u00e1lbum, el legendario referente del rock argentino public\u00f3 uno a uno los temas de su nuevo disco \u201cHerencia Leb\u00f3n\u201d y est\u00e1 nominado a los Premios Gardel.<\/h2>\n<p>Con la direcci\u00f3n musical del propio&nbsp;<b>David Leb\u00f3n&nbsp;<\/b>junto a su tecladista Leandro Bulacio, llega el \u00e1lbum \u201c<b>Herencia Leb\u00f3n<\/b>\u201c.<\/p>\n<p>El disco cont\u00f3 con la participaci\u00f3n de m\u00fasicos invitados como Luis Salinas y Luz Gaggi (ex participante del reality \u201cLa voz Argentina\u201d (2021), donde da a conocer de manera masiva sus virtudes vocales y sus capacidades interpretativas.), entre otros.<\/p>\n<p>A partir de ese momento, la composici\u00f3n y sonido de sus canciones quedan enriquecidos con reminiscencias del flamenco, el hip hop afroamericano, con el adicional de instrumentos latinos y sonidos de ra\u00edz. \u201c<i>Quiero definir mi propio sonido para tener un sello distintivo, original y ser referente del empoderamiento<\/i>\u201d, confiesa.<br \/>El 21 de diciembre de ese a\u00f1o publica su single \u201cSed\u201d.<\/p>\n<p>En paralelo, David Leb\u00f3n ya est\u00e1 preparando un nuevo \u00e1lbum con canciones in\u00e9ditas y a la vez, junto al periodista Marcelo Fern\u00e1ndez Bitar, le est\u00e1n dando los \u00faltimos retoques a su libro autobiogr\u00e1fico.<\/p>\n<p>Les compartimos el reciente lanzamiento de la versi\u00f3n de \u201cFrecuencia modulada\u201d:<\/p>\n<p>Adem\u00e1s, Leb\u00f3n tiene conciertos por delante:<\/p>\n<p>31 de mayo: ARENAS MAIP\u00da \u2013 MENDOZA<\/p>\n<p>1 de junio: TEATRO DEL BICENTENARIO \u2013 SAN JUAN<\/p>\n<p>19 de julio: TEATRO ARGENTINO \u2013 LA PLATA<\/p>\n<p>31 de agosto: TEATRO ESPA\u00d1OL \u2013 NEUQUEN<\/p>\n<p><!-- WhatsApp Share Button for WordPress: http:\/\/peadig.com\/wordpress-plugins\/whatsapp-share-button\/ -->  <\/p>\n","protected":false},"excerpt":{"rendered":"\n<div style=\"float:right;margin:0 0 20px 20px;\"><img decoding=\"async\" width=\"150\" height=\"150\" src=\"http:\/\/latecordoba.com\/wp-content\/uploads\/2024\/05\/nuevo-disco-de-david-lebon-1.jpg\" class=\"attachment-thumbnail size-thumbnail wp-post-image\" alt=\"\" loading=\"lazy\" \/><\/div>\n<p>Mientras prepara otro nuevo \u00e1lbum, el legendario referente del rock argentino public\u00f3 uno a uno los temas de su nuevo disco &#8220;Herencia Leb\u00f3n&#8221; y est\u00e1 nominado a los Premios Gardel. Con la direcci\u00f3n musical del propio\u00a0David Leb\u00f3n\u00a0junto a su tecladista Leandro Bulacio, llega el \u00e1lbum &#8220;Herencia Leb\u00f3n&#8220;. El disco cont\u00f3 con la participaci\u00f3n de m\u00fasicos &#8230;  <\/p>\n","protected":false},"author":1,"featured_media":23558,"comment_status":"closed","ping_status":"closed","sticky":false,"template":"","format":"standard","meta":[],"categories":[20],"tags":[],"_links":{"self":[{"href":"https:\/\/latecordoba.com\/index.php\/wp-json\/wp\/v2\/posts\/23557"}],"collection":[{"href":"https:\/\/latecordoba.com\/index.php\/wp-json\/wp\/v2\/posts"}],"about":[{"href":"https:\/\/latecordoba.com\/index.php\/wp-json\/wp\/v2\/types\/post"}],"author":[{"embeddable":true,"href":"https:\/\/latecordoba.com\/index.php\/wp-json\/wp\/v2\/users\/1"}],"replies":[{"embeddable":true,"href":"https:\/\/latecordoba.com\/index.php\/wp-json\/wp\/v2\/comments?post=23557"}],"version-history":[{"count":0,"href":"https:\/\/latecordoba.com\/index.php\/wp-json\/wp\/v2\/posts\/23557\/revisions"}],"wp:featuredmedia":[{"embeddable":true,"href":"https:\/\/latecordoba.com\/index.php\/wp-json\/wp\/v2\/media\/23558"}],"wp:attachment":[{"href":"https:\/\/latecordoba.com\/index.php\/wp-json\/wp\/v2\/media?parent=23557"}],"wp:term":[{"taxonomy":"category","embeddable":true,"href":"https:\/\/latecordoba.com\/index.php\/wp-json\/wp\/v2\/categories?post=23557"},{"taxonomy":"post_tag","embeddable":true,"href":"https:\/\/latecordoba.com\/index.php\/wp-json\/wp\/v2\/tags?post=23557"}],"curies":[{"name":"wp","href":"https:\/\/api.w.org\/{rel}","templated":true}]}}