{"id":23546,"date":"2024-05-18T00:26:24","date_gmt":"2024-05-18T00:26:24","guid":{"rendered":"http:\/\/d524493bb569ab6a026f9a823bcdcbb6"},"modified":"2024-05-18T00:26:24","modified_gmt":"2024-05-18T00:26:24","slug":"bullrich-manda-200-gendarmes-a-misiones-y-arma-un-comite-de-crisis-para-frenar-la-protesta-policial","status":"publish","type":"post","link":"https:\/\/latecordoba.com\/index.php\/2024\/05\/18\/bullrich-manda-200-gendarmes-a-misiones-y-arma-un-comite-de-crisis-para-frenar-la-protesta-policial\/","title":{"rendered":"Bullrich manda 200 gendarmes a Misiones y arma un comit\u00e9 de crisis para frenar la protesta policial"},"content":{"rendered":"\n<div class=\"media_block\"><img decoding=\"async\" src=\"http:\/\/latecordoba.com\/wp-content\/uploads\/2024\/05\/bullrich-manda-200-gendarmes-a-misiones-y-arma-un-comite-de-crisis-para-frenar-la-protesta-policial.jpg\"><\/div>\n<div><img decoding=\"async\" src=\"http:\/\/latecordoba.com\/wp-content\/uploads\/2024\/05\/bullrich-manda-200-gendarmes-a-misiones-y-arma-un-comite-de-crisis-para-frenar-la-protesta-policial-1.jpg\" class=\"ff-og-image-inserted\"><\/div>\n<p>&nbsp;Patricia Bullrich arm\u00f3 un comit\u00e9 de crisis y enviar\u00e1 200 gendarmes a Misiones para hacer frente a la <a href=\"https:\/\/www.lapoliticaonline.com\/politica\/conflicto-social-se-acuartelo-la-policia-de-misiones-y-los-docentes-irrumpieron-en-la-legislatura\/\" target=\"_blank\" rel=\"noopener\">protesta de polic\u00edas retirados<\/a> que tomaron el Comando Radioel\u00e9ctrico de Posadas para solicitar una mejora salarial.<\/p>\n<p>La propia ministra encabezar\u00e1 el comit\u00e9 junto al gobernador misionero, Hugo Paasslacqua, para tratar de contener la situaci\u00f3n en la capital provincial, en la que tambi\u00e9n los docentes protestan en las calles.<\/p>\n<p>Esta madrugada un grupo de retirados de la Polic\u00eda de Misiones iniciaron una protesta frente al edificio del Comando Radioel\u00e9ctrico, ubicado sobre la Avenida Uruguay de Posadas. Esta ma\u00f1ana la circulaci\u00f3n segu\u00eda interrumpida y el edificio tomado de manera pac\u00edfica.<\/p>\n<p>Los reclamos de los estatales misioneros vienen desde hace d\u00edas de parte de los docentes, que adem\u00e1s de los paros cortaron rutas y avenidas. El ruido de los maestros arrastr\u00f3 primero a los trabajadores de la Salud y en las \u00faltimas horas sum\u00f3 la polic\u00eda, lo que da cuenta de una situaci\u00f3n muy delicada para el gobierno de Hugo Passalacqua.<\/p>\n<p>Durante la jornada de protestas trascendi\u00f3 que el gobierno provincial dio a conocer las nuevas escalas salariales para polic\u00edas e integrantes del Servicio Penitenciario, pero la misma habr\u00eda sido rechazada por los uniformados.<\/p>\n","protected":false},"excerpt":{"rendered":"\n<div class=\"media_block\"><img decoding=\"async\" src=\"http:\/\/latecordoba.com\/wp-content\/uploads\/2024\/05\/bullrich-manda-200-gendarmes-a-misiones-y-arma-un-comite-de-crisis-para-frenar-la-protesta-policial.jpg\"><\/div>\n<p>La ministra incluy\u00f3 al gobernador Passalacqua en el comando. Los polic\u00edas habr\u00edan rechazado una mejora salarial.  <\/p>\n","protected":false},"author":1,"featured_media":23547,"comment_status":"closed","ping_status":"closed","sticky":false,"template":"","format":"standard","meta":[],"categories":[18],"tags":[],"_links":{"self":[{"href":"https:\/\/latecordoba.com\/index.php\/wp-json\/wp\/v2\/posts\/23546"}],"collection":[{"href":"https:\/\/latecordoba.com\/index.php\/wp-json\/wp\/v2\/posts"}],"about":[{"href":"https:\/\/latecordoba.com\/index.php\/wp-json\/wp\/v2\/types\/post"}],"author":[{"embeddable":true,"href":"https:\/\/latecordoba.com\/index.php\/wp-json\/wp\/v2\/users\/1"}],"replies":[{"embeddable":true,"href":"https:\/\/latecordoba.com\/index.php\/wp-json\/wp\/v2\/comments?post=23546"}],"version-history":[{"count":0,"href":"https:\/\/latecordoba.com\/index.php\/wp-json\/wp\/v2\/posts\/23546\/revisions"}],"wp:featuredmedia":[{"embeddable":true,"href":"https:\/\/latecordoba.com\/index.php\/wp-json\/wp\/v2\/media\/23547"}],"wp:attachment":[{"href":"https:\/\/latecordoba.com\/index.php\/wp-json\/wp\/v2\/media?parent=23546"}],"wp:term":[{"taxonomy":"category","embeddable":true,"href":"https:\/\/latecordoba.com\/index.php\/wp-json\/wp\/v2\/categories?post=23546"},{"taxonomy":"post_tag","embeddable":true,"href":"https:\/\/latecordoba.com\/index.php\/wp-json\/wp\/v2\/tags?post=23546"}],"curies":[{"name":"wp","href":"https:\/\/api.w.org\/{rel}","templated":true}]}}