{"id":23544,"date":"2024-05-18T09:00:05","date_gmt":"2024-05-18T09:00:05","guid":{"rendered":"https:\/\/viapais.com.ar\/cordoba\/clima-en-cordoba-como-estara-el-tiempo-este-viernes-17-de-mayo-y-el-fin-de-semana\/"},"modified":"2024-05-18T09:00:05","modified_gmt":"2024-05-18T09:00:05","slug":"clima-en-cordoba-como-estara-el-tiempo-este-sabado-18-de-mayo-y-el-fin-de-semana","status":"publish","type":"post","link":"https:\/\/latecordoba.com\/index.php\/2024\/05\/18\/clima-en-cordoba-como-estara-el-tiempo-este-sabado-18-de-mayo-y-el-fin-de-semana\/","title":{"rendered":"Clima en C\u00f3rdoba: c\u00f3mo estar\u00e1 el tiempo este s\u00e1bado 18 de mayo y el fin de semana"},"content":{"rendered":"<br \/>\n<section readability=\"10.739583333333\">\n<p>El Servicio Meteorol\u00f3gico Nacional (SMN) inform\u00f3 que en <a href=\"https:\/\/viapais.com.ar\/cordoba\/clima-en-cordoba-como-estara-el-tiempo-este-miercoles-15-de-mayo-con-minima-bajo-cero\/\" target=\"_blank\" rel=\"noopener\"><b>C\u00f3rdoba<\/b><\/a> las <a href=\"https:\/\/viapais.com.ar\/cordoba\/el-clima-en-cordoba-como-estara-el-tiempo-este-sabado-6-de-abril-fresquito-y-con-lluvia\/\" target=\"_blank\" rel=\"noopener\"><b>temperaturas<\/b><\/a><b> bajas <\/b>seguir\u00e1n vigentes pero con un leve repunte para el domingo, que dar\u00e1 una<b> tregua a los cordobeses tras una semana muy fr\u00eda<\/b> y con registros cerca del cero grado.<\/p>\n<article class=\"article card\">\n<div class=\"article-inner \">\n<div class=\"article-image \"><a href=\"https:\/\/viapais.com.ar\/cordoba\/una-localidad-de-cordoba-se-apropiara-de-los-caballos-que-anden-sueltos-por-la-ciudad\/\" title><\/p>\n<figure><img alt class=\" block \" src=\"http:\/\/latecordoba.com\/wp-content\/uploads\/2024\/05\/clima-en-cordoba-como-estara-el-tiempo-este-sabado-18-de-mayo-y-el-fin-de-semana.jpg\" sizes=\"auto\" loading=\"lazy\" data-src=\"http:\/\/latecordoba.com\/wp-content\/uploads\/2024\/05\/clima-en-cordoba-como-estara-el-tiempo-este-sabado-18-de-mayo-y-el-fin-de-semana.jpg\" width=\"307px\" fetchpriority=\"low\" decoding=\"async\" height=\"173px\"><\/figure>\n<p><\/a><\/div>\n<\/div>\n<\/article>\n<h2 class><b>C\u00d3MO ESTAR\u00c1 EL TIEMPO EN C\u00d3RDOBA ESTE VIERNES Y EL FINDE<\/b><\/h2>\n<p>Para este s\u00e1bado en <a href=\"https:\/\/viapais.com.ar\/cordoba\/clima-en-cordoba-con-lluvias-asi-estara-el-tiempo-este-viernes-12-de-abril\/\" target=\"_blank\" rel=\"noopener\"><b>C\u00f3rdoba<\/b><\/a>, el SMN prev\u00e9 una <b>m\u00ednima de 3 grados mientras que la m\u00e1xima se ubicar\u00e1 en los 12\u00b0C.<\/b> Cielo cubierto durante la jornada y sin pron\u00f3stico de precipitaciones. Para ma\u00f1ana <b>domingo, m\u00ednima muy baja tambi\u00e9n pero con una m\u00e1xima que trepar\u00e1 a los 17 <\/b>grados. Y desde el <b>lunes, paulatino aumento de temperatura.<\/b><\/p>\n<article class=\"article card\">\n<div class=\"article-inner \">\n<div class=\"article-image \"><a href=\"https:\/\/viapais.com.ar\/cordoba\/fue-a-pagar-con-una-carretilla-repleta-de-billetes-y-desato-una-investigacion-por-fraude-en-cordoba\/\" title=\"Huinca Renanc\u00f3\"><\/p>\n<figure><img alt=\"Huinca Renanc\u00f3\" class=\" block \" src=\"http:\/\/latecordoba.com\/wp-content\/uploads\/2024\/05\/clima-en-cordoba-como-estara-el-tiempo-este-sabado-18-de-mayo-y-el-fin-de-semana-1.jpg\" sizes=\"auto\" loading=\"lazy\" data-src=\"http:\/\/latecordoba.com\/wp-content\/uploads\/2024\/05\/clima-en-cordoba-como-estara-el-tiempo-este-sabado-18-de-mayo-y-el-fin-de-semana-1.jpg\" width=\"307px\" fetchpriority=\"low\" decoding=\"async\" height=\"173px\"><\/figure>\n<p><\/a><\/div>\n<\/div>\n<\/article>\n<h2 class><b>PRON\u00d3STICO EXTENDIDO EN C\u00d3RDOBA<\/b><\/h2>\n<ul>\n<li><span><b>Domingo<\/b>. M\u00ednima de 3\u00b0C y m\u00e1xima de 17\u00b0C. Cielo algo nublado.<\/span><\/li>\n<li><span><b>Lunes<\/b>. M\u00ednima de 6\u00b0C y m\u00e1xima de 19\u00b0C. Cielo parcialmente nublado.<\/span><\/li>\n<li><span><b>Martes. <\/b>M\u00e1xima de 19\u00b0C y m\u00ednima de 8\u00b0C. De parcial a mayormente nublado durante la jornada.<\/span><\/li>\n<li><span><b>Mi\u00e9rcoles. <\/b>M\u00e1xima de 16\u00b0C y m\u00ednima de 10\u00b0C. Mayormente nublado.<\/span><\/li>\n<li><span><b>Jueves. <\/b>M\u00e1xima de 15\u00b0C y m\u00ednima de 10\u00b0C. De mayor a parcialmente nublado.<\/span><\/li>\n<\/ul>\n<\/section>\n<div class=\"story-tags noreadme-audima\">\n<h3>Temas Relacionados<\/h3>\n<\/div>\n","protected":false},"excerpt":{"rendered":"<p>El Servicio Meteorol\u00f3gico Nacional (SMN) inform\u00f3 que en C\u00f3rdoba las temperaturas bajas seguir\u00e1n vigentes pero con un leve repunte para el domingo, que dar\u00e1 una tregua a los cordobeses tras una semana muy fr\u00eda y con registros cerca del cero grado. C\u00d3MO ESTAR\u00c1 EL TIEMPO EN C\u00d3RDOBA ESTE VIERNES Y EL FINDE Para este s\u00e1bado [&hellip;]<\/p>\n","protected":false},"author":1,"featured_media":23545,"comment_status":"closed","ping_status":"closed","sticky":false,"template":"","format":"standard","meta":[],"categories":[15],"tags":[],"_links":{"self":[{"href":"https:\/\/latecordoba.com\/index.php\/wp-json\/wp\/v2\/posts\/23544"}],"collection":[{"href":"https:\/\/latecordoba.com\/index.php\/wp-json\/wp\/v2\/posts"}],"about":[{"href":"https:\/\/latecordoba.com\/index.php\/wp-json\/wp\/v2\/types\/post"}],"author":[{"embeddable":true,"href":"https:\/\/latecordoba.com\/index.php\/wp-json\/wp\/v2\/users\/1"}],"replies":[{"embeddable":true,"href":"https:\/\/latecordoba.com\/index.php\/wp-json\/wp\/v2\/comments?post=23544"}],"version-history":[{"count":0,"href":"https:\/\/latecordoba.com\/index.php\/wp-json\/wp\/v2\/posts\/23544\/revisions"}],"wp:featuredmedia":[{"embeddable":true,"href":"https:\/\/latecordoba.com\/index.php\/wp-json\/wp\/v2\/media\/23545"}],"wp:attachment":[{"href":"https:\/\/latecordoba.com\/index.php\/wp-json\/wp\/v2\/media?parent=23544"}],"wp:term":[{"taxonomy":"category","embeddable":true,"href":"https:\/\/latecordoba.com\/index.php\/wp-json\/wp\/v2\/categories?post=23544"},{"taxonomy":"post_tag","embeddable":true,"href":"https:\/\/latecordoba.com\/index.php\/wp-json\/wp\/v2\/tags?post=23544"}],"curies":[{"name":"wp","href":"https:\/\/api.w.org\/{rel}","templated":true}]}}