{"id":23542,"date":"2024-05-17T23:13:47","date_gmt":"2024-05-17T23:13:47","guid":{"rendered":"https:\/\/viapais.com.ar\/cordoba\/talleres-sancionaron-duramente-a-un-hincha-por-lo-ocurrido-en-el-partido-con-cobresal\/"},"modified":"2024-05-17T23:13:47","modified_gmt":"2024-05-17T23:13:47","slug":"talleres-sancionaron-duramente-a-un-hincha-por-lo-ocurrido-en-el-partido-con-cobresal","status":"publish","type":"post","link":"https:\/\/latecordoba.com\/index.php\/2024\/05\/17\/talleres-sancionaron-duramente-a-un-hincha-por-lo-ocurrido-en-el-partido-con-cobresal\/","title":{"rendered":"Talleres: sancionaron duramente a un hincha por lo ocurrido en el partido con Cobresal"},"content":{"rendered":"<br \/>\n<section readability=\"22.55421686747\">\n<p>En oportunidad del encuentro en el que <a href=\"https:\/\/viapais.com.ar\/cordoba\/cuanto-pide-talleres-por-ramon-sosa-y-que-clubes-estan-interesados-en-el-paraguayo\/\" target=\"_blank\" rel=\"noopener\"><b>Talleres<\/b><\/a><b> derrot\u00f3 a Cobresal <\/b>de Chile por la quinta fecha de la<b> <\/b><a href=\"https:\/\/viapais.com.ar\/cordoba\/talleres-en-copa-libertadores-con-el-empate-del-san-pablo-que-necesita-la-t-para-ser-el-primero-del-grupo\/\" target=\"_blank\" rel=\"noopener\"><b>Copa Libertadores<\/b><\/a><b> <\/b>en el Kempes, un socio Albiazul <b>salt\u00f3 <\/b><a href=\"https:\/\/viapais.com.ar\/cordoba\/talleres-belgrano-e-instituto-cuando-juegan-la-ultima-fecha-antes-del-receso-por-copa-america\/\" target=\"_blank\" rel=\"noopener\"><b>desde la platea Ardiles en el segundo tiempo<\/b><\/a><b> en un intento de invasi\u00f3n<\/b> de campo de juego, por lo que recibi\u00f3 una <b>dura sanci\u00f3n.<\/b><\/p>\n<article class=\"article card videoCard\">\n<div class=\"article-inner \">\n<div class=\"article-image \"><a href=\"https:\/\/viapais.com.ar\/cordoba\/belgrano-talleres-el-polemico-posteo-del-pirata-a-110-anos-del-primer-clasico\/\" title=\"Belgrano\"><\/p>\n<figure><img alt=\"Belgrano\" class=\" block \" src=\"http:\/\/latecordoba.com\/wp-content\/uploads\/2024\/05\/talleres-sancionaron-duramente-a-un-hincha-por-lo-ocurrido-en-el-partido-con-cobresal.jpg\" sizes=\"auto\" loading=\"lazy\" data-src=\"http:\/\/latecordoba.com\/wp-content\/uploads\/2024\/05\/talleres-sancionaron-duramente-a-un-hincha-por-lo-ocurrido-en-el-partido-con-cobresal.jpg\" width=\"307px\" fetchpriority=\"low\" decoding=\"async\" height=\"173px\"><\/figure>\n<p><\/a><\/div>\n<\/div>\n<\/article>\n<figure><picture><img alt=\"El hincha de Talleres que quiso entrar al campo de juego del Kempes en el Talleres-Cobresal. (Captura de pantalla)\" class=\" block \" src=\"http:\/\/latecordoba.com\/wp-content\/uploads\/2024\/05\/talleres-sancionaron-duramente-a-un-hincha-por-lo-ocurrido-en-el-partido-con-cobresal-1.jpg\" sizes=\"auto\" loading=\"lazy\" data-src=\"http:\/\/latecordoba.com\/wp-content\/uploads\/2024\/05\/talleres-sancionaron-duramente-a-un-hincha-por-lo-ocurrido-en-el-partido-con-cobresal-1.jpg\" width=\"1023px\" fetchpriority=\"low\" decoding=\"async\" height=\"687px\"><\/picture><figcaption class>El hincha de Talleres que quiso entrar al campo de juego del Kempes en el Talleres-Cobresal. (Captura de pantalla)<\/figcaption><\/figure>\n<p><b>El Cosedepro<\/b> (Comit\u00e9 de Seguridad Deportiva Provincial) lo sancion\u00f3 a trav\u00e9s del programa Programa Tribuna Segura, y por el lapso de tres a\u00f1os no podr\u00e1 ingresar a estadios del f\u00fatbol argentino. <b>La identidad del hincha no trascendi\u00f3 <\/b>porque el \u00fanico que puede brindarla es el <b>Ministerio de Seguridad de la Naci\u00f3n, responsable del Programa y al que el Cosedepro gir\u00f3 los datos <\/b>del episodio.<\/p>\n<article class=\"article card\">\n<div class=\"article-inner \">\n<div class=\"article-image \"><a href=\"https:\/\/viapais.com.ar\/cordoba\/el-gol-de-federico-girotti-con-el-que-talleres-le-gano-a-cobresal-en-el-kempes-por-copa-libertadores\/\" title=\"Talleres\"><\/p>\n<figure><img alt=\"Talleres\" class=\" block \" src=\"http:\/\/latecordoba.com\/wp-content\/uploads\/2024\/05\/talleres-sancionaron-duramente-a-un-hincha-por-lo-ocurrido-en-el-partido-con-cobresal.webp\" sizes=\"auto\" loading=\"lazy\" data-src=\"http:\/\/latecordoba.com\/wp-content\/uploads\/2024\/05\/talleres-sancionaron-duramente-a-un-hincha-por-lo-ocurrido-en-el-partido-con-cobresal.webp\" width=\"307px\" fetchpriority=\"low\" decoding=\"async\" height=\"173px\"><\/figure>\n<p><\/a><\/div>\n<\/div>\n<\/article>\n<figure><picture><img alt=\"El Ministerio de Seguridad y el Consejo de Seguridad Deportiva Provincial dio a conocer la sanci\u00f3n para el hincha de Talleres. (Ministerio de Seguridad)\" class=\" block \" src=\"http:\/\/latecordoba.com\/wp-content\/uploads\/2024\/05\/talleres-sancionaron-duramente-a-un-hincha-por-lo-ocurrido-en-el-partido-con-cobresal-2.jpg\" sizes=\"auto\" loading=\"lazy\" data-src=\"http:\/\/latecordoba.com\/wp-content\/uploads\/2024\/05\/talleres-sancionaron-duramente-a-un-hincha-por-lo-ocurrido-en-el-partido-con-cobresal-2.jpg\" width=\"1023px\" fetchpriority=\"low\" decoding=\"async\" height=\"1023px\"><\/picture><figcaption class>El Ministerio de Seguridad y el Consejo de Seguridad Deportiva Provincial dio a conocer la sanci\u00f3n para el hincha de Talleres. (Ministerio de Seguridad)<\/figcaption><\/figure>\n<h2 class><b>QU\u00c9 ACTITUD TOM\u00d3 EL CLUB CON EL HINCHA SANCIONADO<\/b><\/h2>\n<p>Paralelamente, el socio Albiazul fue <b>suspendido preventivamente por Mesa Directiva de Talleres<\/b>, hasta tanto su Tribunal de Disciplina&nbsp;dictamine la sanci\u00f3n correspondiente. Vale se\u00f1alar que el accionar del individuo puede<b> derivar en multas y hasta en sanciones <\/b>para el club de barrio Jard\u00edn.<\/p>\n<figure><picture><img alt=\"Talleres vs Cobresal por la Libertadores en el estadio Kempes (Javier Ferreyra \/ La Voz)\" class=\" block \" src=\"http:\/\/latecordoba.com\/wp-content\/uploads\/2024\/05\/talleres-sancionaron-duramente-a-un-hincha-por-lo-ocurrido-en-el-partido-con-cobresal-3.jpg\" sizes=\"auto\" loading=\"lazy\" data-src=\"http:\/\/latecordoba.com\/wp-content\/uploads\/2024\/05\/talleres-sancionaron-duramente-a-un-hincha-por-lo-ocurrido-en-el-partido-con-cobresal-3.jpg\" width=\"1023px\" fetchpriority=\"low\" decoding=\"async\" height=\"682px\"><\/picture><figcaption class>Talleres vs Cobresal por la Libertadores en el estadio Kempes (Javier Ferreyra \/ La Voz) Foto: Javier Ferreyra<\/figcaption><\/figure>\n<p>\u201cEs muy importante destacar que <b>este tipo de situaciones irregulares en relaci\u00f3n a la seguridad y de incumplimiento del Reglamento de Competencia, pueden significar importantes sanciones deportivas y fuertes multas econ\u00f3micas <\/b>al club por parte de la Conmebol\u201d, justific\u00f3 la directiva albiazul en un comunicado.<\/p>\n<\/section>\n<div class=\"story-tags noreadme-audima\">\n<h3>Temas Relacionados<\/h3>\n<\/div>\n","protected":false},"excerpt":{"rendered":"<p>En oportunidad del encuentro en el que Talleres derrot\u00f3 a Cobresal de Chile por la quinta fecha de la Copa Libertadores en el Kempes, un socio Albiazul salt\u00f3 desde la platea Ardiles en el segundo tiempo en un intento de invasi\u00f3n de campo de juego, por lo que recibi\u00f3 una dura sanci\u00f3n. El hincha de [&hellip;]<\/p>\n","protected":false},"author":1,"featured_media":23543,"comment_status":"closed","ping_status":"closed","sticky":false,"template":"","format":"standard","meta":[],"categories":[15],"tags":[],"_links":{"self":[{"href":"https:\/\/latecordoba.com\/index.php\/wp-json\/wp\/v2\/posts\/23542"}],"collection":[{"href":"https:\/\/latecordoba.com\/index.php\/wp-json\/wp\/v2\/posts"}],"about":[{"href":"https:\/\/latecordoba.com\/index.php\/wp-json\/wp\/v2\/types\/post"}],"author":[{"embeddable":true,"href":"https:\/\/latecordoba.com\/index.php\/wp-json\/wp\/v2\/users\/1"}],"replies":[{"embeddable":true,"href":"https:\/\/latecordoba.com\/index.php\/wp-json\/wp\/v2\/comments?post=23542"}],"version-history":[{"count":0,"href":"https:\/\/latecordoba.com\/index.php\/wp-json\/wp\/v2\/posts\/23542\/revisions"}],"wp:featuredmedia":[{"embeddable":true,"href":"https:\/\/latecordoba.com\/index.php\/wp-json\/wp\/v2\/media\/23543"}],"wp:attachment":[{"href":"https:\/\/latecordoba.com\/index.php\/wp-json\/wp\/v2\/media?parent=23542"}],"wp:term":[{"taxonomy":"category","embeddable":true,"href":"https:\/\/latecordoba.com\/index.php\/wp-json\/wp\/v2\/categories?post=23542"},{"taxonomy":"post_tag","embeddable":true,"href":"https:\/\/latecordoba.com\/index.php\/wp-json\/wp\/v2\/tags?post=23542"}],"curies":[{"name":"wp","href":"https:\/\/api.w.org\/{rel}","templated":true}]}}