{"id":23534,"date":"2024-05-16T14:31:40","date_gmt":"2024-05-16T14:31:40","guid":{"rendered":"https:\/\/www.eldiariodeturismo.com.ar\/?p=246240"},"modified":"2024-05-16T14:31:40","modified_gmt":"2024-05-16T14:31:40","slug":"acuerdo-asociacion-de-visitantes-de-taiwan-faevyt-para-impulsar-nuevas-oportunidades-para-las-agencias-de-viajes","status":"publish","type":"post","link":"https:\/\/latecordoba.com\/index.php\/2024\/05\/16\/acuerdo-asociacion-de-visitantes-de-taiwan-faevyt-para-impulsar-nuevas-oportunidades-para-las-agencias-de-viajes\/","title":{"rendered":"Acuerdo Asociaci\u00f3n de Visitantes de Taiw\u00e1n-FAEVYT para impulsar nuevas oportunidades para las agencias de viajes"},"content":{"rendered":"\n<p><img loading=\"lazy\" decoding=\"async\" class=\"alignright wp-image-246241\" src=\"http:\/\/latecordoba.com\/wp-content\/uploads\/2024\/05\/acuerdo-asociacion-de-visitantes-de-taiwan-faevyt-para-impulsar-nuevas-oportunidades-para-las-agencias-de-viajes.jpg\" alt width=\"350\" height=\"374\" srcset=\"http:\/\/latecordoba.com\/wp-content\/uploads\/2024\/05\/acuerdo-asociacion-de-visitantes-de-taiwan-faevyt-para-impulsar-nuevas-oportunidades-para-las-agencias-de-viajes.jpg 400w, https:\/\/www.eldiariodeturismo.com.ar\/wp-content\/uploads\/2024\/05\/Encuentro-FAEVYT-Taiwan-281x300.jpg 281w\" sizes=\"(max-width: 350px) 100vw, 350px\">Encabezado por Andr\u00e9s Dey\u00e1 presidente de la Federaci\u00f3n Argentina de Asociaciones de Empresas de Viajes y Turismo \u2013FAEVYT- y con la presencia de la Embajadora Florencia Miao-hung HSIE, Directora General de la Oficina Comercial y Cultural de Taipei en Argentina; Eric Wu, Director de la Divisi\u00f3n Econ\u00f3mica de la Oficina Comercial y Cultural de Taipei en Argentina y de forma remota Chu-lan YEH, Presidenta de la Asociaci\u00f3n de Visitantes de Taiw\u00e1n (TVA) se llev\u00f3 adelante la firma del Memorando de Entendimiento (MOU) con la Asociaci\u00f3n de Visitantes de Taiw\u00e1n.<\/p>\n<p>Andr\u00e9s Dey\u00e1 destac\u00f3 el acuerdo y se\u00f1al\u00f3 que <em>\u201cFortalecer los lazos tur\u00edsticos con Taiw\u00e1n no solo beneficiar\u00e1 a nuestras empresas de viajes y turismo, sino que tambi\u00e9n contribuir\u00e1 al crecimiento econ\u00f3mico y al desarrollo de nuestra industria tur\u00edstica en general.<br \/>Sumar nuevas oportunidades de negocios es fundamental para ampliar los mercados y seguir creciendo\u00bb<\/em><\/p>\n<p>El acuerdo establece una serie de compromisos destinados a fomentar la cooperaci\u00f3n en materia de turismo, incluyendo el intercambio de informaci\u00f3n sobre pol\u00edticas de promoci\u00f3n tur\u00edstica, la promoci\u00f3n de contactos entre los miembros de ambas asociaciones y la organizaci\u00f3n de actividades conjuntas para promover destinos tur\u00edsticos en Argentina y Taiw\u00e1n.<\/p>\n<p>.<\/p>\n<p>FUENTE: SANTOS PALMERO<\/p>\n","protected":false},"excerpt":{"rendered":"<p> Encabezado por Andr\u00e9s Dey\u00e1 presidente de la Federaci\u00f3n Argentina de Asociaciones de Empresas de Viajes y Turismo \u2013FAEVYT- y con  <\/p>\n","protected":false},"author":1,"featured_media":23535,"comment_status":"open","ping_status":"closed","sticky":false,"template":"","format":"standard","meta":[],"categories":[19],"tags":[],"_links":{"self":[{"href":"https:\/\/latecordoba.com\/index.php\/wp-json\/wp\/v2\/posts\/23534"}],"collection":[{"href":"https:\/\/latecordoba.com\/index.php\/wp-json\/wp\/v2\/posts"}],"about":[{"href":"https:\/\/latecordoba.com\/index.php\/wp-json\/wp\/v2\/types\/post"}],"author":[{"embeddable":true,"href":"https:\/\/latecordoba.com\/index.php\/wp-json\/wp\/v2\/users\/1"}],"replies":[{"embeddable":true,"href":"https:\/\/latecordoba.com\/index.php\/wp-json\/wp\/v2\/comments?post=23534"}],"version-history":[{"count":0,"href":"https:\/\/latecordoba.com\/index.php\/wp-json\/wp\/v2\/posts\/23534\/revisions"}],"wp:featuredmedia":[{"embeddable":true,"href":"https:\/\/latecordoba.com\/index.php\/wp-json\/wp\/v2\/media\/23535"}],"wp:attachment":[{"href":"https:\/\/latecordoba.com\/index.php\/wp-json\/wp\/v2\/media?parent=23534"}],"wp:term":[{"taxonomy":"category","embeddable":true,"href":"https:\/\/latecordoba.com\/index.php\/wp-json\/wp\/v2\/categories?post=23534"},{"taxonomy":"post_tag","embeddable":true,"href":"https:\/\/latecordoba.com\/index.php\/wp-json\/wp\/v2\/tags?post=23534"}],"curies":[{"name":"wp","href":"https:\/\/api.w.org\/{rel}","templated":true}]}}