{"id":23531,"date":"2024-05-17T13:28:08","date_gmt":"2024-05-17T13:28:08","guid":{"rendered":"https:\/\/www.diariocronica.com.ar\/noticias\/2024\/05\/17\/96393-thomas-micheloud-va-a-estar-en-san-nicolas"},"modified":"2024-05-17T13:28:08","modified_gmt":"2024-05-17T13:28:08","slug":"thomas-micheloud-va-a-estar-en-san-nicolas","status":"publish","type":"post","link":"https:\/\/latecordoba.com\/index.php\/2024\/05\/17\/thomas-micheloud-va-a-estar-en-san-nicolas\/","title":{"rendered":"Thomas Micheloud va a estar en San Nicol\u00e1s"},"content":{"rendered":"\n<div class=\"media_block\"><a href=\"http:\/\/latecordoba.com\/wp-content\/uploads\/2024\/05\/thomas-micheloud-va-a-estar-en-san-nicolas.jpg\"><img decoding=\"async\" src=\"http:\/\/latecordoba.com\/wp-content\/uploads\/2024\/05\/thomas-micheloud-va-a-estar-en-san-nicolas.jpg\" class=\"media_thumbnail\"><\/a><\/div>\n<div><img decoding=\"async\" src=\"http:\/\/latecordoba.com\/wp-content\/uploads\/2024\/05\/thomas-micheloud-va-a-estar-en-san-nicolas-1.jpg\" class=\"ff-og-image-inserted\"><\/div>\n<p>El Aut\u00f3dromo San Nicol\u00e1s Ciudad volver\u00e1 a recibir este fin de semana al TC 2000, por la 3\u00ba fecha \u201cGran Premio Juan Mar\u00eda Traverso\u201d del 45\u00ba Campeonato Argentino YPF Infinia y de la Copa Rookie Latam junto a la 2\u00ba fecha del Campeonato Argentino de Motociclismo de Velocidad YPF Infinia, el 3\u00ba cap\u00edtulo de la Fiat Competizione y la 4\u00ba carrera del a\u00f1o del Sport Prototipo Argentino. Ser\u00e1 un fin de semana de gran actividad en el circuito a partir de hoy y con mucha alternativas en pista, solo que el TC 2000 tendr\u00e1 un entrenamiento en la jornada de hoy.<\/p>\n<p>En la carrera y disputando la Copa Latam estar\u00e1 el comodorense Thomas Micheloud, ubicado en el cuarto lugar del certamen, entre el grupo de novatos de este a\u00f1o que se suman a la categor\u00eda.<\/p>\n<p>La categor\u00eda TC 2000 disputar\u00e1 un evento especial porque el formato de competencia ser\u00e1 con dos carreras. En tanto, las penalizaciones por tiempo estar\u00e1n y afectar\u00e1n a los ocho primeros del campeonato. De esta forma, para la conformaci\u00f3n de la grilla de la Carrera 1 del TC 2000 se aplicar\u00e1 al resultado de la clasificaci\u00f3n, la Penalizaci\u00f3n de Tiempo por Handicap seg\u00fan la posici\u00f3n que ocupen los 8 (ocho) primeros pilotos de campeonato de TC 2000 2024 actualizado.<\/p>\n<p>Todas las alternativas las podr\u00e1n seguir entre ma\u00f1ana s\u00e1bado y domingo con transmisi\u00f3n en vivo y en directo por Canal 13, TyC Sports y TyC Sports Play. <\/p>\n","protected":false},"excerpt":{"rendered":"\n<div class=\"media_block\"><a href=\"http:\/\/latecordoba.com\/wp-content\/uploads\/2024\/05\/thomas-micheloud-va-a-estar-en-san-nicolas.jpg\"><img decoding=\"async\" src=\"http:\/\/latecordoba.com\/wp-content\/uploads\/2024\/05\/thomas-micheloud-va-a-estar-en-san-nicolas.jpg\" class=\"media_thumbnail\"><\/a><\/div>\n<p> Thomas Micheloud va a estar en San Nicol\u00e1s  <\/p>\n","protected":false},"author":1,"featured_media":23532,"comment_status":"closed","ping_status":"closed","sticky":false,"template":"","format":"standard","meta":[],"categories":[17],"tags":[],"_links":{"self":[{"href":"https:\/\/latecordoba.com\/index.php\/wp-json\/wp\/v2\/posts\/23531"}],"collection":[{"href":"https:\/\/latecordoba.com\/index.php\/wp-json\/wp\/v2\/posts"}],"about":[{"href":"https:\/\/latecordoba.com\/index.php\/wp-json\/wp\/v2\/types\/post"}],"author":[{"embeddable":true,"href":"https:\/\/latecordoba.com\/index.php\/wp-json\/wp\/v2\/users\/1"}],"replies":[{"embeddable":true,"href":"https:\/\/latecordoba.com\/index.php\/wp-json\/wp\/v2\/comments?post=23531"}],"version-history":[{"count":0,"href":"https:\/\/latecordoba.com\/index.php\/wp-json\/wp\/v2\/posts\/23531\/revisions"}],"wp:featuredmedia":[{"embeddable":true,"href":"https:\/\/latecordoba.com\/index.php\/wp-json\/wp\/v2\/media\/23532"}],"wp:attachment":[{"href":"https:\/\/latecordoba.com\/index.php\/wp-json\/wp\/v2\/media?parent=23531"}],"wp:term":[{"taxonomy":"category","embeddable":true,"href":"https:\/\/latecordoba.com\/index.php\/wp-json\/wp\/v2\/categories?post=23531"},{"taxonomy":"post_tag","embeddable":true,"href":"https:\/\/latecordoba.com\/index.php\/wp-json\/wp\/v2\/tags?post=23531"}],"curies":[{"name":"wp","href":"https:\/\/api.w.org\/{rel}","templated":true}]}}