{"id":23527,"date":"2024-05-17T13:50:00","date_gmt":"2024-05-17T13:50:00","guid":{"rendered":"https:\/\/www.iprofesional.com\/tecnologia\/406260-la-camara-de-fotos-mas-rapida-del-mundo-llega-a-la-argentina"},"modified":"2024-05-17T13:50:00","modified_gmt":"2024-05-17T13:50:00","slug":"la-camara-mas-rapida-del-mundo-llega-a-la-argentina","status":"publish","type":"post","link":"https:\/\/latecordoba.com\/index.php\/2024\/05\/17\/la-camara-mas-rapida-del-mundo-llega-a-la-argentina\/","title":{"rendered":"La c\u00e1mara m\u00e1s r\u00e1pida del mundo llega a la Argentina"},"content":{"rendered":"\n<div class=\"media_block\"><img decoding=\"async\" src=\"http:\/\/latecordoba.com\/wp-content\/uploads\/2024\/05\/la-camara-mas-rapida-del-mundo-llega-a-la-argentina.jpg\"><\/div>\n<p>La filial argentina de la empresa japonesa <strong>Sony <\/strong>anunci\u00f3 la llegada al mercado local de la <a href=\"https:\/\/www.iprofesional.com\/tecnologia\/395491-6-celulares-con-mejores-camaras-para-comprar-en-2024\" target=\"_blank\" rel=\"noopener noreferrer\">c\u00e1mara<\/a> de fotograf\u00edas m\u00e1s r\u00e1pida del mundo, la Alpha 9 III, con capacidad de hacer 120 capturas en un segundo.\n<\/p>\n<p>El anuncio se realiz\u00f3 en una conferencia de prensa, en la que particip\u00f3 iProfesional, en un lugar donde ya se utiliza esta c\u00e1mara: el predio de la <strong>Asociaci\u00f3n del F\u00fatbol Argentino<\/strong> (AFA), cercano al aeropuerto internacional de Ezeiza, en el sudoeste del Gran Buenos Aires.\n<\/p>\n<p>Sony anunci\u00f3 tambi\u00e9n su alianza con la AFA, como una licenciataria oficial. <strong>Gustavo &#8220;Tato&#8221; Pagano<\/strong>, fot\u00f3grafo oficial de la AFA, ya registr\u00f3 al seleccionado argentino campe\u00f3n mundial de f\u00fatbol masculino con la Alpha 9 III (\u03b19 III).\n<\/p>\n<p>Esta c\u00e1mara profesional, cuyo cuerpo cuesta alrededor de <strong>6 mil d\u00f3lares<\/strong>, es la primera del mundo con sensor de imagen &#8220;full-frame&#8221; con un sistema de obturador global, que permite disparos de alta velocidad de hasta 120 im\u00e1genes por segundo, sin distorsi\u00f3n y sin &#8220;blackout&#8221;.\n<\/p>\n<p>La alianza con la AFA cobra sentido porque este nuevo modelo es ideal para fotografiar <strong>pr\u00e1cticas deportivas y de fauna al aire libre<\/strong>, porque puede capturar sujetos en r\u00e1pido movimiento sin distorsi\u00f3n de imagen y conservar momentos de fracciones de segundo con gran detalle.\n<\/p>\n<p>Sony proporcionar\u00e1 equipos, accesorios y soporte t\u00e9cnico a Pagano, quien luego de dos d\u00e9cadas de trabajo con una marca competidora pas\u00f3 a la empresa japonesa. Como parte de la alianza, Sony tambi\u00e9n dar\u00e1 respaldo tecnol\u00f3gico al resto de los seleccionados masculino y femeninos de la AFA, incluyendo <strong>futsal y f\u00fatbol playa<\/strong>.\n<\/p>\n<div class=\"imagen\" readability=\"7\"><img decoding=\"async\" loading=\"lazy\" class=\"lazyload\" src=\"http:\/\/latecordoba.com\/wp-content\/uploads\/2024\/05\/la-camara-mas-rapida-del-mundo-llega-a-la-argentina-1.jpg\" alt=\"La Alpha 9 iii vista desde arriba.\" width=\"1200\" height=\"675\"><\/p>\n<p>La Alpha 9 iii vista desde arriba.<\/p>\n<\/div>\n<p>El acuerdo de tres a\u00f1os incluye la Copa Am\u00e9rica 2024 y la <strong>Copa Mundial de Clubes de la FIFA 2025<\/strong>, competencia donde ya est\u00e1 clasificado River Plate.&nbsp;En estas actividades, Pagano usar\u00e1 la tecnolog\u00eda de obturador global y el nuevo lente <strong>FE 300mm F2.8 GM OSS<\/strong>, que tiene un costo de alrededor de 6 mil d\u00f3lares.&nbsp;La c\u00e1mara y el lente estar\u00e1n disponibles en la Argentina desde junio a trav\u00e9s del sitio web de Sony Argentina, a un precio que a\u00fan no se defini\u00f3.\n<\/p>\n<p>&#8220;La alianza con la AFA confirma la apuesta de Sony Alpha en el segmento profesional deportivo, ya que nos permitir\u00e1 de primera mano poner a prueba los \u00faltimos avances tecnol\u00f3gicos mientras seguimos recibiendo retroalimentaci\u00f3n y posibles mejoras de grandes fot\u00f3grafos como Pagano&#8221;, dijo <strong>Angelo Marconi<\/strong>, gerente regional de la categor\u00eda Digital Image para Sony Latinoam\u00e9rica.\n<\/p>\n<h2>Una c\u00e1mara con inteligencia artificial<\/h2>\n<p>La <strong>\u03b19 III <\/strong>presenta un sensor de imagen CMOS apilado de fotograma completo con obturador global, el primero de su tipo en el mundo, con aproximadamente 24.6 megap\u00edxeles efectivos y memoria integrada.\n<\/p>\n<p>Esto se combina con el motor de procesamiento de im\u00e1genes <strong>Bionz XR<\/strong>, lo que permite un disparo continuo sin espacios negros del visor, con seguimiento AF\/AE de hasta 120 im\u00e1genes por segundo.\n<\/p>\n<p>Cuenta con la funci\u00f3n de captura, que permite grabar momentos que pasaron antes de que se libere el obturador.&nbsp;Gracias a su unidad de procesamiento de <a href=\"https:\/\/www.iprofesional.com\/tecnologia\/400636-celulares-la-inteligencia-artificial-brilla-en-el-congreso-de-moviles-de-barcelona\" target=\"_blank\" rel=\"noopener noreferrer\">inteligencia artificial<\/a>, este nuevo modelo permite un <span>reconocimiento preciso del movimiento y de la forma del sujeto, tanto en video como en fotograf\u00edas<\/span>.\n<\/p>\n<p>La tecnolog\u00eda de estimaci\u00f3n de la pose humana <strong>detecta los ojos y la posici\u00f3n precisa del cuerpo y la cabeza<\/strong>.&nbsp;El aumento de la velocidad de captura continua eleva en forma temporal la velocidad de captura durante la toma de r\u00e1fagas, garantizando una toma precisa de la acci\u00f3n en movimiento.&nbsp;Esta funci\u00f3n resulta muy \u00fatil al fotografiar deportes y otras actividades r\u00e1pidas, donde es crucial anticipar el momento clave.\n<\/p>\n<div class=\"imagen\" readability=\"7\"><img decoding=\"async\" loading=\"lazy\" class=\"lazyload\" src=\"http:\/\/latecordoba.com\/wp-content\/uploads\/2024\/05\/la-camara-mas-rapida-del-mundo-llega-a-la-argentina-2.jpg\" alt=\"La Alpha 9 iii se present\u00f3 en el predio de la AFA en Ezeiza.\" width=\"1200\" height=\"675\"><\/p>\n<p>La Alpha 9 iii se present\u00f3 en el predio de la AFA en Ezeiza.<\/p>\n<\/div>\n<p>Cuando se utiliza un flash compatible de Sony, como el <strong>HVL-F60RM2 o el HVL-F46RM <\/strong>(disponibles por separado), se puede sincronizar con todas las velocidades de obturaci\u00f3n, permitiendo la captura de fotograf\u00edas incluso a velocidades de hasta 1\/80000 de segundo.\n<\/p>\n<p>&#8220;La Alpha 9 III y el lente SEL300F8GM son el resultado de una continua comunicaci\u00f3n con los fot\u00f3grafos profesionales. El <strong>dise\u00f1o ergon\u00f3mico<\/strong>, la disposici\u00f3n de los botones y las funciones incluidas en el men\u00fa hacen que esta c\u00e1mara sea perfecta para capturar momentos en acci\u00f3n&#8221;, dijo Marconi.\n<\/p>\n<p>La \u03b19 III est\u00e1 equipada con un <strong>monitor multi \u00e1ngulo de 4 ejes <\/strong>que combina la practicidad de un monitor inclinable con la versatilidad de un \u00e1ngulo variable de apertura lateral, permitiendo ajustar el \u00e1ngulo de visi\u00f3n sin restricciones, tanto en capturas verticales como horizontales.\n<\/p>\n<p>Su dise\u00f1o se adapta c\u00f3modamente a la mano del usuario y permite separar el monitor de la parte posterior del cuerpo y ajustarlo hasta 98\u00b0 hacia arriba, 40\u00b0 hacia abajo y 180\u00b0 hacia los lados.&nbsp;Con una <strong>pantalla LCD t\u00e1ctil de 3,2 mm<\/strong>, optimizada para uso en exteriores, ofrece una resoluci\u00f3n de 2,1 millones de puntos.&nbsp;Dispone de un nuevo bot\u00f3n frontal personalizado que facilita un acceso m\u00e1s r\u00e1pido al aumento de velocidad de captura continua.\n<\/p>\n<h2>Videos en m\u00e1xima calidad<\/h2>\n<p>La \u03b19 III es la primera de la serie Alpha que es capaz de grabar video 4K de hasta 120p a <strong>altas frecuencias de cuadro sin recorte<\/strong>, lo que permite al usuario grabar con el \u00e1ngulo de visi\u00f3n deseado. Tambi\u00e9n es posible grabar <a href=\"https:\/\/www.iprofesional.com\/tecnologia\/386575-deberias-comprar-el-iphone-14-o-esperar-al-iphone-15\" target=\"_blank\" rel=\"noopener noreferrer\">videos de alta resoluci\u00f3n 4K<\/a> 60p con sobremuestreo 6K.\n<\/p>\n<p>Su funci\u00f3n S-Cinetone ofrece la misma ciencia del color que garantiza colores atractivos y tonos de piel excepcionales, caracter\u00edsticas distintivas de la l\u00ednea <strong>Cinema Line<\/strong>.&nbsp;S-Cinetone produce tonos medios naturales esenciales para resaltar la piel humana, junto con colores suaves e iluminaciones naturales.&nbsp;\n<\/p>\n<div class=\"video\">\n<div class=\"lazy-video video-406260202405171115591377690121\" data-src=\"<iframe class='video-loaded video-406260202405171115591377690121' src='https:\/\/www.iprofesional.com\/video?source=https:\/\/assets.iprofesional.com\/assets\/mp4\/2024\/05\/574383.mp4&amp;type=video&amp;id=406260' style='border:none;overflow:hidden;left:0;top:0;margin-top:0px;position:relative;'><\/iframe>&#8220;> <\/p>\n<div class=\"image-container img-wide\"> <picture><source media=\"(min-width:465px)\" srcset=\"http:\/\/latecordoba.com\/wp-content\/uploads\/2024\/05\/la-camara-mas-rapida-del-mundo-llega-a-la-argentina-3.jpg\" data-backup=\"https:\/\/resizer.iproimg.com\/unsafe\/640x\/filters:format(webp)\/https:\/\/assets.iprofesional.com\/assets\/jpg\/2024\/05\/574381.jpg\" class=\"lazyload\"><source media=\"(min-width:650px)\" srcset=\"http:\/\/latecordoba.com\/wp-content\/uploads\/2024\/05\/la-camara-mas-rapida-del-mundo-llega-a-la-argentina-3.jpg\" data-backup=\"https:\/\/resizer.iproimg.com\/unsafe\/640x\/filters:format(webp)\/https:\/\/assets.iprofesional.com\/assets\/jpg\/2024\/05\/574381.jpg\" class=\"lazyload\"><img decoding=\"async\" loading=\"lazy\" class=\"lazyload\" src=\"http:\/\/latecordoba.com\/wp-content\/uploads\/2024\/05\/la-camara-mas-rapida-del-mundo-llega-a-la-argentina-3.jpg\" data-backup=\"https:\/\/resizer.iproimg.com\/unsafe\/640x\/filters:format(webp)\/https:\/\/assets.iprofesional.com\/assets\/jpg\/2024\/05\/574381.jpg\" alt=\"De la mano de la AFA, llega a la Argentina la c\u00e1mara m\u00e1s r\u00e1pida del mundo\" width=\"100%\" height=\"auto\"> <\/picture> <\/div>\n<\/div>\n<\/div>\n<p>Esto permite a los creadores enfocarse en la captura, logrando un aspecto cinematogr\u00e1fico sin la necesidad de graduar los colores.<\/p>\n","protected":false},"excerpt":{"rendered":"\n<div class=\"media_block\"><img decoding=\"async\" src=\"http:\/\/latecordoba.com\/wp-content\/uploads\/2024\/05\/la-camara-mas-rapida-del-mundo-llega-a-la-argentina.jpg\"><\/div>\n<p> Esta c\u00e1mara profesional es la primera del mundo con sensor de imagen full-frame con un sistema de obturador global, que permite disparos de alta velocidad <iframe width=\"0\" height=\"0\" border=\"0\"> <script> (function(i,s,o,g,r,a,m){i['GoogleAnalyticsObject']=r;i[r]=i[r]||function(){ (i[r].q=i[r].q||[]).push(arguments)},i[r].l=1*new Date();a=s.createElement(o), m=s.getElementsByTagName(o)[0];a.async=1;a.src=g;m.parentNode.insertBefore(a,m) })(window,document,'script','https:\/\/www.google-analytics.com\/analytics.js','ga'); ga('create', 'GTM-5LW5KQD', 'auto'); ga('require', 'displayfeatures'); ga('set', 'campaignSource', 'RSS Client for iProfesional'); ga('set', 'campaignMedium', 'RSS Client for iProfesional'); ga('set', {\"dataSource\": \"rss.atom.iprofesional.com\"}); ga('set', {\"referrer\": \"rss.atom.iprofesional.com\"}); ga('set', 'title', 'RSS Client for iProfesional'); ga('send', 'pageview'); <\/script> <!-- Begin comScore Tag --> <script> var _comscore = _comscore || []; _comscore.push({ c1: \"2\", c2: \"16597048\" }); (function() { var s = document.createElement(\"script\"), el = document.getElementsByTagName(\"script\")[0]; s.async = true; s.src = \"https:\/\/sb.scorecardresearch.com\/cs\/16597048\/beacon.js\"; el.parentNode.insertBefore(s, el); })(); <\/script> <noscript> <img decoding=\"async\" src=\"http:\/\/latecordoba.com\/wp-content\/uploads\/2024\/05\/la-camara-mas-rapida-del-mundo-llega-a-la-argentina.gif\"> <\/noscript> <!-- End comScore Tag --> <\/iframe> <iframe border=\"0px\" style=\"display: none\" width=0 height=0 src=\"https:\/\/www.iprofesional.com\/ga4.html?gtag_id=G-N13KWJP8BK&amp;title=La c\u00e1mara m\u00e1s r\u00e1pida del mundo llega a la Argentina&amp;location=https:\/\/www.iprofesional.com\/tecnologia\/406260-la-camara-de-fotos-mas-rapida-del-mundo-llega-a-la-argentina&amp;referrer=rss.atom.iprofesional.com&amp;ci=RSS Client for iProfesional&amp;cs=RSS Client for iProfesional&amp;cm=RSS&amp;cn=RSS Client for iProfesional&amp;cc=RSS Client for iProfesional\"><\/iframe>  <\/p>\n","protected":false},"author":1,"featured_media":23528,"comment_status":"open","ping_status":"closed","sticky":false,"template":"","format":"standard","meta":[],"categories":[13],"tags":[],"_links":{"self":[{"href":"https:\/\/latecordoba.com\/index.php\/wp-json\/wp\/v2\/posts\/23527"}],"collection":[{"href":"https:\/\/latecordoba.com\/index.php\/wp-json\/wp\/v2\/posts"}],"about":[{"href":"https:\/\/latecordoba.com\/index.php\/wp-json\/wp\/v2\/types\/post"}],"author":[{"embeddable":true,"href":"https:\/\/latecordoba.com\/index.php\/wp-json\/wp\/v2\/users\/1"}],"replies":[{"embeddable":true,"href":"https:\/\/latecordoba.com\/index.php\/wp-json\/wp\/v2\/comments?post=23527"}],"version-history":[{"count":0,"href":"https:\/\/latecordoba.com\/index.php\/wp-json\/wp\/v2\/posts\/23527\/revisions"}],"wp:featuredmedia":[{"embeddable":true,"href":"https:\/\/latecordoba.com\/index.php\/wp-json\/wp\/v2\/media\/23528"}],"wp:attachment":[{"href":"https:\/\/latecordoba.com\/index.php\/wp-json\/wp\/v2\/media?parent=23527"}],"wp:term":[{"taxonomy":"category","embeddable":true,"href":"https:\/\/latecordoba.com\/index.php\/wp-json\/wp\/v2\/categories?post=23527"},{"taxonomy":"post_tag","embeddable":true,"href":"https:\/\/latecordoba.com\/index.php\/wp-json\/wp\/v2\/tags?post=23527"}],"curies":[{"name":"wp","href":"https:\/\/api.w.org\/{rel}","templated":true}]}}