{"id":23525,"date":"2024-05-17T13:52:00","date_gmt":"2024-05-17T13:52:00","guid":{"rendered":"https:\/\/www.iprofesional.com\/politica\/406261-planes-sociales-la-piquetera-a-la-que-le-secuestraron-54-000-dolares-rompio-el-silencio"},"modified":"2024-05-17T13:52:00","modified_gmt":"2024-05-17T13:52:00","slug":"la-piquetera-a-la-que-le-secuestraron-us54-000-por-presuntas-extorsiones-con-planes-sociales-rompio-el-silencio","status":"publish","type":"post","link":"https:\/\/latecordoba.com\/index.php\/2024\/05\/17\/la-piquetera-a-la-que-le-secuestraron-us54-000-por-presuntas-extorsiones-con-planes-sociales-rompio-el-silencio\/","title":{"rendered":"La piquetera a la que le secuestraron u$s54.000 por presuntas extorsiones con planes sociales rompi\u00f3 el silencio"},"content":{"rendered":"\n<div class=\"media_block\"><img decoding=\"async\" src=\"http:\/\/latecordoba.com\/wp-content\/uploads\/2024\/05\/la-piquetera-a-la-que-le-secuestraron-us54-000-por-presuntas-extorsiones-con-planes-sociales-rompio-el-silencio.png\"><\/div>\n<div id>\n<p> Mar\u00eda Isolda Dotti dio detalles del allanamiento en su domicilio. Dijo que el dinero es producto de la venta de un inmueble correspondiente a una herencia <\/p>\n<p><strong>17\/05\/2024<\/strong> &#8211; 10:52hs<\/p>\n<div class=\"image-container img-wide padding-b\"> <picture><source media=\"(min-width:650px)\" srcset=\"http:\/\/latecordoba.com\/wp-content\/uploads\/2024\/05\/la-piquetera-a-la-que-le-secuestraron-us54-000-por-presuntas-extorsiones-con-planes-sociales-rompio-el-silencio.webp\" data-srcset=\"http:\/\/latecordoba.com\/wp-content\/uploads\/2024\/05\/la-piquetera-a-la-que-le-secuestraron-us54-000-por-presuntas-extorsiones-con-planes-sociales-rompio-el-silencio.webp\" class><source media=\"(min-width:465px)\" srcset=\"http:\/\/latecordoba.com\/wp-content\/uploads\/2024\/05\/la-piquetera-a-la-que-le-secuestraron-us54-000-por-presuntas-extorsiones-con-planes-sociales-rompio-el-silencio.webp\" data-srcset=\"http:\/\/latecordoba.com\/wp-content\/uploads\/2024\/05\/la-piquetera-a-la-que-le-secuestraron-us54-000-por-presuntas-extorsiones-con-planes-sociales-rompio-el-silencio.webp\" class><img decoding=\"async\" loading=\"lazy\" src=\"http:\/\/latecordoba.com\/wp-content\/uploads\/2024\/05\/la-piquetera-a-la-que-le-secuestraron-us54-000-por-presuntas-extorsiones-con-planes-sociales-rompio-el-silencio.webp\" data-src=\"http:\/\/latecordoba.com\/wp-content\/uploads\/2024\/05\/la-piquetera-a-la-que-le-secuestraron-us54-000-por-presuntas-extorsiones-con-planes-sociales-rompio-el-silencio.webp\" class alt=\"Extorsiones con planes sociales: la piquetera a la que le secuestraron u$s54.000 rompi\u00f3 el silencio\" width=\"1280px\" height=\"720px\"> <\/picture> <\/div>\n<\/p><\/div>\n<div readability=\"123.04929716888\">\n<p>La dirigente del Polo Obrero, <strong>Mar\u00eda Isolda Dotti<\/strong>, conocida como &#8220;Tango&#8221;, se refiri\u00f3 al allanamiento que se realiz\u00f3 en su casa y la inmovilizaron de los bienes en el marco de la causa que investiga a piqueteros por <a href=\"https:\/\/www.iprofesional.com\/legales\/405922-realizan-allanamientos-por-en-la-causa-por-extorsion-a-beneficiarios-de-planes-sociales\" target=\"_blank\" rel=\"noopener noreferrer\">supuestamente tener una red de extorsi\u00f3n<\/a> y hacer malos manejos del <strong>plan Potenciar Trabajo<\/strong>.\n<\/p>\n<p>A Dotti <strong>le secuestraron 54.000 d\u00f3lares <\/strong>durante las primeras horas del jueves. En di\u00e1logo con Cr\u00f3nica TV dijo que <strong>los obtuvo de una herencia familiar<\/strong>, asegur\u00f3 que vive de su sueldo y tambi\u00e9n aleg\u00f3 que los casi $500.000 que ten\u00eda en su poder eran ahorros para el viaje de egresados de su hijo.\n<\/p>\n<p>En el procedimiento que comand\u00f3 la Polic\u00eda Federal Argentina (PFA) -y que tuvo como blanco tambi\u00e9n a otros piqueteros en el expediente que instruyen el fiscal Gerardo Pollicita y el juez Sebasti\u00e1n Casanello- a Dotti <strong>le llevaron, adem\u00e1s de los u$s54.000 en efectivo, $478.800<\/strong>, su tel\u00e9fono celular y un boleto de compraventa de una propiedad.\n<\/p>\n<p>&#8220;[Los u$s54.000 vienen] de la herencia de mi familia. Uno de los t\u00edtulos que lo demuestra se lo llevaron en el allanamiento. El resto estamos preparando para presentarlo ante el fiscal, la documentaci\u00f3n que muestra que es herencia. Mi pap\u00e1 era profesor universitario, muy reconocido; mi mam\u00e1 tambi\u00e9n, jubilada actualmente, pero profesora universitaria&#8221;, sostuvo la dirigente social en Cr\u00f3nica TV. Dijo, entonces, que con los abogados que la representan ya recolectan el resto de los documentos legales que le permitan comprobar en sede judicial de d\u00f3nde vienen esas cifras que todav\u00eda no justific\u00f3.\n<\/p>\n<p>De profesi\u00f3n portera en un jard\u00edn de infantes del barrio porte\u00f1o de Soldati, tarea por la que asever\u00f3 cobrar $515.000 por mes, Dotti indic\u00f3: &#8220;Vivo de mi sueldo&#8221;. Asegur\u00f3, en tanto, que <strong>los casi $500.000 que tambi\u00e9n se llev\u00f3 la Polic\u00eda eran ahorros para el viaje de egresados de su hijo, que est\u00e1 en s\u00e9ptimo grado de la primaria<\/strong>.\n<\/p>\n<div class=\"imagen\" readability=\"7\"><img decoding=\"async\" loading=\"lazy\" class=\"lazyload\" src=\"http:\/\/latecordoba.com\/wp-content\/uploads\/2024\/05\/la-piquetera-a-la-que-le-secuestraron-us54-000-por-presuntas-extorsiones-con-planes-sociales-rompio-el-silencio.jpg\" alt width=\"1140\" height=\"641\"><\/p>\n<p>La referente del Polo Obrero se defendi\u00f3 de las acusaciones por extorsi\u00f3n con planes sociales<\/p>\n<\/div>\n<h2>Extorsiones con planes sociales: la referente piquetera se defendi\u00f3<\/h2>\n<p>Cuando le consultaron si manejaba dinero del Polo Obrero, Dotti dud\u00f3. &#8220;Eh, no\u2026 Muy ocasionalmente. <strong>Nosotros nos autofinanciamos para <a href=\"https:\/\/www.iprofesional.com\/politica\/406125-cuanta-plata-perdio-el-gobierno-por-comedores-fantasma-y-planes-sociales\" target=\"_blank\" rel=\"noopener noreferrer\">alquilar los lugares donde funcionan los comedores<\/a><\/strong>; comprar la garrafa, el detergente. Entonces en algunos momentos se hacen actividades, recaudaciones. En alg\u00fan momento he manejado montos de esas caracter\u00edsticas&#8221;, sostuvo y, al respecto de cu\u00e1nta plata representaban estas cifras, a\u00f1adi\u00f3: &#8220;No\u2026 Eso es un manejo temporario. Se recauda, hay que pagar un alquiler. Ac\u00e1 en una villa un alquiler para un comedor puede salir alrededor de $150.000, los alquileres suben en todos lados, la crisis de la vivienda la conocemos. Una garrafa sale $12.000, $15.000. Son manejos de dinero temporario para el funcionamiento de la organizaci\u00f3n, que no es el dinero que yo ten\u00eda en mi casa&#8221;.\n<\/p>\n<p>Sobre ese &#8220;autofinanciamiento&#8221; del grupo de izquierda, Dotti indic\u00f3 que se basa en &#8220;aportes voluntarios&#8221; de quienes lo integran. &#8220;El que puede [aporta] el 2%. El que no puede no. La pertenencia al Polo Obrero es optativa&#8221;, manifest\u00f3 sobre un porcentaje que le devengan a las personas de lo que cobran por el plan social. &#8220;<a href=\"https:\/\/www.iprofesional.com\/politica\/406201-planes-sociales-emilio-persico-reconocio-que-hubo-extorsiones-de-piqueteros\" target=\"_blank\" rel=\"noopener noreferrer\"><strong>Yo no cobro ni le pago nada a nadie<\/strong><\/a>. La persona que logra acceder al Potenciar Trabajo a trav\u00e9s de una organizaci\u00f3n, porque no hay otra manera legal de acceder, se inscribe, va a retirar su tarjeta, va al cajero y cobra. <strong>Si quiere, viene y hace su aporte a la organizaci\u00f3n que elige pertenecer<\/strong>&#8220;, sostuvo. Asimismo, descart\u00f3 que echen a aquellos que no se movilizan y marc\u00f3 que todos los comedores del Polo Obrero existen <a href=\"https:\/\/www.iprofesional.com\/politica\/406096-nicolas-posse-contra-piqueteros-que-manejan-planes-sociales-esclavitud-moderna\" target=\"_blank\" rel=\"noopener noreferrer\">pese a que el Gobierno denunci\u00f3 que el 50% de los registrados no est\u00e1 en funcionamiento<\/a>.\n<\/p>\n<p>De momento, la dirigente -que milita desde hace 30 a\u00f1os- aventur\u00f3 que el allanamiento que le hicieron se dio porque <strong>es parte de las autoridades de una de las cooperativas de la agrupaci\u00f3n comandada por Eduardo Belliboni<\/strong>. &#8220;<strong>Me levanto a las 5.30 de la ma\u00f1ana para ir a trabajar<\/strong>. Me son\u00f3 el despertador y empec\u00e9 a sentir golpes en la puerta poco despu\u00e9s de las 5.30, habr\u00e1n sido seis menos cuarto, plena noche cerrada. No esperaba recibir a nadie. Veo a la Polic\u00eda en la puerta. La primera preocupaci\u00f3n fue el temor ante una situaci\u00f3n de violencia represiva, no sab\u00eda de qu\u00e9 se trataba. Cuando ingresaron a mi domicilio y me empezaron a leer, ah\u00ed empec\u00e9 a entender que era una cosa m\u00e1s general y no algo particular m\u00edo&#8221;, expres\u00f3.\n<\/p>\n<p>Dijo incluso que todo el dinero que ten\u00eda, ella misma se lo present\u00f3 a los oficiales. &#8220;No tengo nada que ocultar. Conociendo lamentablemente experiencias de tanta gente que en los allanamientos se les rompe la casa&#8230; No fue este el caso, fue un allanamiento bastante prolijo&#8221;, coment\u00f3, pese a que desde su organizaci\u00f3n ya presentaron un pedido de nulidad por considerar que estuvieron mal realizados.\n<\/p>\n<p>Esta causa se inici\u00f3 por llamados con denuncias al 134, la l\u00ednea que la funcionaria puso a disposici\u00f3n para denunciar aprietes.<\/p>\n<\/p><\/div>\n","protected":false},"excerpt":{"rendered":"\n<div class=\"media_block\"><img decoding=\"async\" src=\"http:\/\/latecordoba.com\/wp-content\/uploads\/2024\/05\/la-piquetera-a-la-que-le-secuestraron-us54-000-por-presuntas-extorsiones-con-planes-sociales-rompio-el-silencio.png\"><\/div>\n<p> Mar\u00eda Isolda Dotti dio detalles del allanamiento en su domicilio. Dijo que el dinero es producto de la venta de un inmueble correspondiente a una herencia <iframe width=\"0\" height=\"0\" border=\"0\"> <script> (function(i,s,o,g,r,a,m){i['GoogleAnalyticsObject']=r;i[r]=i[r]||function(){ (i[r].q=i[r].q||[]).push(arguments)},i[r].l=1*new Date();a=s.createElement(o), m=s.getElementsByTagName(o)[0];a.async=1;a.src=g;m.parentNode.insertBefore(a,m) })(window,document,'script','https:\/\/www.google-analytics.com\/analytics.js','ga'); ga('create', 'GTM-5LW5KQD', 'auto'); ga('require', 'displayfeatures'); ga('set', 'campaignSource', 'RSS Client for iProfesional'); ga('set', 'campaignMedium', 'RSS Client for iProfesional'); ga('set', {\"dataSource\": \"rss.atom.iprofesional.com\"}); ga('set', {\"referrer\": \"rss.atom.iprofesional.com\"}); ga('set', 'title', 'RSS Client for iProfesional'); ga('send', 'pageview'); <\/script> <!-- Begin comScore Tag --> <script> var _comscore = _comscore || []; _comscore.push({ c1: \"2\", c2: \"16597048\" }); (function() { var s = document.createElement(\"script\"), el = document.getElementsByTagName(\"script\")[0]; s.async = true; s.src = \"https:\/\/sb.scorecardresearch.com\/cs\/16597048\/beacon.js\"; el.parentNode.insertBefore(s, el); })(); <\/script> <noscript> <img decoding=\"async\" src=\"http:\/\/latecordoba.com\/wp-content\/uploads\/2024\/05\/la-piquetera-a-la-que-le-secuestraron-us54-000-por-presuntas-extorsiones-con-planes-sociales-rompio-el-silencio.gif\"> <\/noscript> <!-- End comScore Tag --> <\/iframe> <iframe border=\"0px\" style=\"display: none\" width=0 height=0 src=\"https:\/\/www.iprofesional.com\/ga4.html?gtag_id=G-N13KWJP8BK&amp;title=La piquetera a la que le secuestraron u$s54.000 por presuntas extorsiones con planes sociales rompi\u00f3 el silencio&amp;location=https:\/\/www.iprofesional.com\/politica\/406261-planes-sociales-la-piquetera-a-la-que-le-secuestraron-54-000-dolares-rompio-el-silencio&amp;referrer=rss.atom.iprofesional.com&amp;ci=RSS Client for iProfesional&amp;cs=RSS Client for iProfesional&amp;cm=RSS&amp;cn=RSS Client for iProfesional&amp;cc=RSS Client for iProfesional\"><\/iframe>  <\/p>\n","protected":false},"author":1,"featured_media":23526,"comment_status":"open","ping_status":"closed","sticky":false,"template":"","format":"standard","meta":[],"categories":[19],"tags":[],"_links":{"self":[{"href":"https:\/\/latecordoba.com\/index.php\/wp-json\/wp\/v2\/posts\/23525"}],"collection":[{"href":"https:\/\/latecordoba.com\/index.php\/wp-json\/wp\/v2\/posts"}],"about":[{"href":"https:\/\/latecordoba.com\/index.php\/wp-json\/wp\/v2\/types\/post"}],"author":[{"embeddable":true,"href":"https:\/\/latecordoba.com\/index.php\/wp-json\/wp\/v2\/users\/1"}],"replies":[{"embeddable":true,"href":"https:\/\/latecordoba.com\/index.php\/wp-json\/wp\/v2\/comments?post=23525"}],"version-history":[{"count":0,"href":"https:\/\/latecordoba.com\/index.php\/wp-json\/wp\/v2\/posts\/23525\/revisions"}],"wp:featuredmedia":[{"embeddable":true,"href":"https:\/\/latecordoba.com\/index.php\/wp-json\/wp\/v2\/media\/23526"}],"wp:attachment":[{"href":"https:\/\/latecordoba.com\/index.php\/wp-json\/wp\/v2\/media?parent=23525"}],"wp:term":[{"taxonomy":"category","embeddable":true,"href":"https:\/\/latecordoba.com\/index.php\/wp-json\/wp\/v2\/categories?post=23525"},{"taxonomy":"post_tag","embeddable":true,"href":"https:\/\/latecordoba.com\/index.php\/wp-json\/wp\/v2\/tags?post=23525"}],"curies":[{"name":"wp","href":"https:\/\/api.w.org\/{rel}","templated":true}]}}