{"id":23521,"date":"2024-05-17T14:00:00","date_gmt":"2024-05-17T14:00:00","guid":{"rendered":"https:\/\/www.iprofesional.com\/finanzas\/406199-el-precio-del-dolar-es-caro-o-barato-economistas-lo-revelaron"},"modified":"2024-05-17T14:00:00","modified_gmt":"2024-05-17T14:00:00","slug":"precio-del-dolar-el-tipo-de-cambio-real-alcanzo-el-nivel-de-la-salida-del-cepo-de-mauricio-macri","status":"publish","type":"post","link":"https:\/\/latecordoba.com\/index.php\/2024\/05\/17\/precio-del-dolar-el-tipo-de-cambio-real-alcanzo-el-nivel-de-la-salida-del-cepo-de-mauricio-macri\/","title":{"rendered":"Precio del d\u00f3lar: el tipo de cambio real alcanz\u00f3 el nivel de la salida del cepo de Mauricio Macri"},"content":{"rendered":"\n<div class=\"media_block\"><img decoding=\"async\" src=\"http:\/\/latecordoba.com\/wp-content\/uploads\/2024\/05\/precio-del-dolar-el-tipo-de-cambio-real-alcanzo-el-nivel-de-la-salida-del-cepo-de-mauricio-macri.jpg\"><\/div>\n<p>El Gobierno insiste con firmeza en que el tipo de cambio de la Argentina no est\u00e1 atrasado, <span><strong>a pesar de que <a href=\"https:\/\/www.iprofesional.com\/finanzas\/406137-dolar-inflacion-y-plazo-fijo-se-viene-el-plan-3-patitos-de-luis-caputo\" target=\"_blank\" rel=\"noopener noreferrer\">el d\u00f3lar oscila desde que comenz\u00f3 el a\u00f1o entre los $1.000 y los $1.100<\/a><\/strong><a href=\"https:\/\/www.iprofesional.com\/finanzas\/406137-dolar-inflacion-y-plazo-fijo-se-viene-el-plan-3-patitos-de-luis-caputo\" target=\"_blank\" rel=\"noopener noreferrer\">,<\/a> mientras que la inflaci\u00f3n transcurrida desde diciembre fue del 65%<\/span>. La hip\u00f3tesis que hay detr\u00e1s de ese razonamiento es que anteriormente el peso estaba muy &#8220;adelantado&#8221;, por culpa de las &#8220;pol\u00edticas populistas&#8221;.\n<\/p>\n<p>Dependiendo del punto de vista que se mire, hay argumentos para sostener tanto la posici\u00f3n de que es necesario corregir la distorsi\u00f3n que est\u00e1 generando la estabilidad del d\u00f3lar, o que no es necesario.\n<\/p>\n<h2>\u00bfEl d\u00f3lar est\u00e1 caro o barato?<\/h2>\n<p>Lo cierto es que si se mantienen los d\u00f3lares quietos y sube la inflaci\u00f3n, <strong>la econom\u00eda se vuelve m\u00e1s cara.<\/strong>\n<\/p>\n<p><span>&#8220;El debate sobre el d\u00f3lar atrasado o no atrasado es una discusi\u00f3n del pasado. Todas las devaluaciones terminaron en fracaso, <strong>hay que bajar impuestos&#8221;<\/strong><\/span><strong>,<\/strong> se\u00f1ala el consultor Salvador Di St\u00e9fano en su \u00faltimo informe semanal.\n<\/p>\n<p>En todo caso, si es que el peso est\u00e1 sobrevaluado frente a la moneda de los Estados Unidos, seg\u00fan Di Stefano los que &#8220;est\u00e1n adelantados son los impuestos&#8221;.\n<\/p>\n<p>Seg\u00fan se\u00f1ala el analista <strong>&#8220;la presi\u00f3n impositiva es muy elevada para sectores de la exportaci\u00f3n como el campo, industria <\/strong>y otros&#8221;.\n<\/p>\n<div class=\"imagen\" readability=\"8\"><img decoding=\"async\" loading=\"lazy\" class=\"lazyload\" src=\"http:\/\/latecordoba.com\/wp-content\/uploads\/2024\/05\/precio-del-dolar-el-tipo-de-cambio-real-alcanzo-el-nivel-de-la-salida-del-cepo-de-mauricio-macri.png\" alt=\"Ricardo L\u00f3pez Murphy y Salvador Di St\u00e9fano son algunos de los m\u00e1s cr\u00edticos sobre el tipo de cambio\" width=\"879\" height=\"494\"><\/p>\n<p>Ricardo L\u00f3pez Murphy y Salvador Di St\u00e9fano son algunos de los m\u00e1s cr\u00edticos sobre el tipo de cambio.<\/p>\n<\/div>\n<p>&#8220;Las peque\u00f1as y medianas empresas est\u00e1n descapitalizadas, la suba de tarifas, los aumentos salariales, el stock de deuda y la falta de trabajo las ponen al borde la convocatoria de acreedores&#8221;, advierte.\n<\/p>\n<h2>El punto de equilibrio del tipo de cambio<\/h2>\n<p>Al respecto, el director de la Fundaci\u00f3n Libertad y Progreso, Aldo Abram, se\u00f1al\u00f3 a iProfesional que <span><strong>&#8220;el d\u00f3lar oficial efectivamente est\u00e1 atrasado<\/strong> respecto de si reflejara todo lo que perdi\u00f3 el peso con la inflaci\u00f3n, pero el valor d\u00f3lar s\u00ed se refleja en los mercados libres, de modo que ya hay una referencia&#8221;.<\/span>\n<\/p>\n<p>&#8220;El precio de equilibrio no va a estar en los d\u00f3lares financieros porque ah\u00ed no est\u00e1n reflejados todos los mercados, pero va a estar cerca de esos valores&#8221;, se\u00f1al\u00f3 ante una hip\u00f3tesis de salida del cepo y unificaci\u00f3n de mercados.\n<\/p>\n<p>En ese sentido, Abram indic\u00f3 que &#8220;esta discusi\u00f3n ya estuvo durante el inicio del gobierno de Mauricio Macri, con el cepo que hab\u00eda dejado Cristina Fern\u00e1ndez y la verdad es que <strong>cuando se unific\u00f3 y se liber\u00f3 el cepo el valor fue entre los paralelos y el d\u00f3lar oficial&#8221;.<\/strong>\n<\/p>\n<p><span>Al respecto, se\u00f1ala que &#8220;no se puede decir cual es el punto exacto de equilibrio pero si se sabe que<strong> est\u00e1 entre el oficial y paralelo&#8221;<\/strong> y plante\u00f3 que &#8220;si se puede advertir es que si se agranda la brecha va a quedar m\u00e1s atrasado el oficial&#8221;.<\/span>\n<\/p>\n<h2>Para los exportadores, no hay atraso<\/h2>\n<p>Si hay alguien que sabe si le conviene o no vender sus granos es el productor agropecuario. Cuando intuye que <a href=\"https:\/\/www.iprofesional.com\/finanzas\/406175-tras-una-nueva-baja-de-tasa-el-mercado-esta-en-alerta-por-su-impacto-en-el-dolar-blue\" target=\"_blank\" rel=\"noopener noreferrer\">el d\u00f3lar puede estar m\u00e1s caro<\/a> suspende la exportaci\u00f3n y espera. Al respecto, el vicepresidente de la Sociedad Rural Argentina (SRA), Marcos Pereda, considera que el d\u00f3lar &#8220;no est\u00e1 atrasado&#8221; y en consecuencia el sector liquidar\u00e1 la cosecha sin especular con una devaluaci\u00f3n.\n<\/p>\n<div class=\"imagen\" readability=\"9\"><img decoding=\"async\" loading=\"lazy\" class=\"lazyload\" src=\"http:\/\/latecordoba.com\/wp-content\/uploads\/2024\/05\/precio-del-dolar-el-tipo-de-cambio-real-alcanzo-el-nivel-de-la-salida-del-cepo-de-mauricio-macri-1.jpg\" alt=\"Ante empresarios, Milei sostuvo que el d\u00f3lar no est\u00e1 atrasado y que mentendr\u00e1 devaluaciones diarias del 2%.\" width=\"1268\" height=\"694\"><\/p>\n<p>Ante empresarios, Milei sostuvo que el d\u00f3lar no est\u00e1 atrasado y que mentendr\u00e1 devaluaciones diarias del 2%.<\/p>\n<\/div>\n<p><strong>&#8220;No creo que el sector agropecuario considere que el d\u00f3lar est\u00e9 atrasado&#8221;<\/strong>, sostuvo Pereda.\n<\/p>\n<p>El empresario tambi\u00e9n es presidente del Consejo Interamericano de Comercio y Producci\u00f3n (CICyP) y fue anfitri\u00f3n del presidente Javier Milei durante un almuerzo en el que el jefe de Estado apunt\u00f3 contra los que cuestionan la pol\u00edtica cambiaria del Gobierno\n<\/p>\n<p>Pereda rechaza la idea de que el campo pueda retener la cosecha especulando con una devaluaci\u00f3n. En ese marco sostuvo que &#8220;el d\u00f3lar no est\u00e1 atrasado&#8221; y asegur\u00f3 que <strong>en la actualidad los &#8220;m\u00e1rgenes del campo est\u00e1n dentro del promedio hist\u00f3rico&#8221;.<\/strong>\n<\/p>\n<h2>El retraso de Miguel Pesce<\/h2>\n<p>En cambio, el presidente del Banco Central durante la gesti\u00f3n de Alberto Fern\u00e1ndez, Miguel Pesce, tiene la visi\u00f3n inversa. <span>&#8220;Hay un valor que se toma como referencia del tipo de cambio real, que es el de la devaluaci\u00f3n de 2015, que est\u00e1 hoy en 93. Entonces, si se contin\u00faa con niveles de inflaci\u00f3n decrecientes pero altos, <strong>ese tipo de cambio real va a seguir cayendo<\/strong> y eso va tener efectos sobre la competitividad de la econom\u00eda&#8221;<\/span>, asegura el ex funcionario.\n<\/p>\n<p>Pesce advierte que el sector sojero &#8220;que tiene mucho poder, porque exporta un tercio del comercio exterior argentino, <strong>deber\u00eda haber empezado a liquidar divisas de manera importante<\/strong>, pero eso no est\u00e1 sucediendo&#8221;.\n<\/p>\n<p>E hizo referencia al tipo de cambio de salida del cepo de diciembre de 2015. En ese momento, apenas hab\u00eda asumido la presidencia Mauricio Macri, el entonces ministro de Hacienda, Alfonso Prat Gay, dispuso una salida del cepo con una devaluaci\u00f3n del 40%. Con ese movimiento, <strong>el Tipo de Cambio Real Multilateral (TCRM) se ubic\u00f3 en 94 puntos.<\/strong>\n<\/p>\n<div class=\"imagen\" readability=\"9\"><img decoding=\"async\" loading=\"lazy\" class=\"lazyload\" src=\"http:\/\/latecordoba.com\/wp-content\/uploads\/2024\/05\/precio-del-dolar-el-tipo-de-cambio-real-alcanzo-el-nivel-de-la-salida-del-cepo-de-mauricio-macri-2.jpg\" alt=\"Para economistas, el tipo de cambio ideal se ubicar\u00eda entre el valor del d\u00f3lar oficial y el paralelo.\" width=\"1280\" height=\"720\"><\/p>\n<p>Para economistas, el tipo de cambio ideal se ubicar\u00eda entre el valor del d\u00f3lar oficial y el paralelo.<\/p>\n<\/div>\n<p>Precisamente, el pasado 9 de mayo, el TCRM cay\u00f3 por debajo del nivel que tuvo a la salida del cepo del 2015. Es por ello, que desde el Gobierno se considera que en t\u00e9rminos hist\u00f3ricos, tomando con punto de referencia a esa anterior experiencia, todav\u00eda <strong><a href=\"https:\/\/www.iprofesional.com\/finanzas\/406109-javier-milei-ante-empresarios-contra-los-economistas-no-hay-atraso-cambiario\" target=\"_blank\" rel=\"noopener noreferrer\">al d\u00f3lar le quedar\u00eda margen para apreciarse<\/a>.<\/strong>\n<\/p>\n<h2>El FMI pide flexibilidad<\/h2>\n<p>En el Fondo Monetario Internacional (FMI) ven que el esquema que mantiene el equipo econ\u00f3mico de <strong>mantener una tasa de devaluaci\u00f3n mensual del 2% es muy poco flexible<\/strong> para ayudar a que los exportadores liquiden sus d\u00f3lares y colaboren a acumular reservas internacionales.\n<\/p>\n<p><span>Julie Kozak, la vocera del organismo dijo que<strong> la pol\u00edtica monetaria del Gobierno &#8220;tendr\u00e1 que seguir evolucionando para mantener la inflaci\u00f3n y las expectativas&#8221;<\/strong>. &#8220;Y sus efectos tendr\u00e1n que volverse m\u00e1s flexibles con el tiempo para salvaguardar una mejora en la cobertura de reservas&#8221;, explic\u00f3.<\/span>\n<\/p>\n<p>En diciembre, cuando asumi\u00f3, la gesti\u00f3n Milei dispuso una devaluaci\u00f3n del 2% mensual, ritmo que se mantiene en la actualidad, aunque numerosos analistas hablan cada vez con mayor insistencia de un &#8220;atraso cambiario&#8221;.\n<\/p>\n<p>&#8220;Estos cambios en las pol\u00edticas ser\u00e1n necesarios <strong>al tiempo que los controles cambiarios sean levantados gradualmente, seg\u00fan las condiciones<\/strong>, y mientras las autoridades hacen la transici\u00f3n a un nuevo r\u00e9gimen monetario&#8221;, explic\u00f3 Kozack.\n<\/p>\n<p>La funcionaria dijo que el r\u00e9gimen incluye para Argentina &#8220;la competencia de monedas, en el que el peso y otras monedas, como el d\u00f3lar, pueden coexistir y son libremente usables como el caso de Per\u00fa o Uruguay.<\/p>\n","protected":false},"excerpt":{"rendered":"\n<div class=\"media_block\"><img decoding=\"async\" src=\"http:\/\/latecordoba.com\/wp-content\/uploads\/2024\/05\/precio-del-dolar-el-tipo-de-cambio-real-alcanzo-el-nivel-de-la-salida-del-cepo-de-mauricio-macri.jpg\"><\/div>\n<p> En diciembre de 2015, tras una devaluaci\u00f3n del 40%, Cambiemos dispon\u00eda salir del cepo que hab\u00eda dejado CFK. Para Milei no hay atraso, pero s\u00ed divergencias <iframe width=\"0\" height=\"0\" border=\"0\"> <script> (function(i,s,o,g,r,a,m){i['GoogleAnalyticsObject']=r;i[r]=i[r]||function(){ (i[r].q=i[r].q||[]).push(arguments)},i[r].l=1*new Date();a=s.createElement(o), m=s.getElementsByTagName(o)[0];a.async=1;a.src=g;m.parentNode.insertBefore(a,m) })(window,document,'script','https:\/\/www.google-analytics.com\/analytics.js','ga'); ga('create', 'GTM-5LW5KQD', 'auto'); ga('require', 'displayfeatures'); ga('set', 'campaignSource', 'RSS Client for iProfesional'); ga('set', 'campaignMedium', 'RSS Client for iProfesional'); ga('set', {\"dataSource\": \"rss.atom.iprofesional.com\"}); ga('set', {\"referrer\": \"rss.atom.iprofesional.com\"}); ga('set', 'title', 'RSS Client for iProfesional'); ga('send', 'pageview'); <\/script> <!-- Begin comScore Tag --> <script> var _comscore = _comscore || []; _comscore.push({ c1: \"2\", c2: \"16597048\" }); (function() { var s = document.createElement(\"script\"), el = document.getElementsByTagName(\"script\")[0]; s.async = true; s.src = \"https:\/\/sb.scorecardresearch.com\/cs\/16597048\/beacon.js\"; el.parentNode.insertBefore(s, el); })(); <\/script> <noscript> <img decoding=\"async\" src=\"http:\/\/latecordoba.com\/wp-content\/uploads\/2024\/05\/precio-del-dolar-el-tipo-de-cambio-real-alcanzo-el-nivel-de-la-salida-del-cepo-de-mauricio-macri.gif\"> <\/noscript> <!-- End comScore Tag --> <\/iframe> <iframe border=\"0px\" style=\"display: none\" width=0 height=0 src=\"https:\/\/www.iprofesional.com\/ga4.html?gtag_id=G-N13KWJP8BK&amp;title=Precio del d\u00f3lar: el tipo de cambio real alcanz\u00f3 el nivel de la salida del cepo de Mauricio Macri&amp;location=https:\/\/www.iprofesional.com\/finanzas\/406199-el-precio-del-dolar-es-caro-o-barato-economistas-lo-revelaron&amp;referrer=rss.atom.iprofesional.com&amp;ci=RSS Client for iProfesional&amp;cs=RSS Client for iProfesional&amp;cm=RSS&amp;cn=RSS Client for iProfesional&amp;cc=RSS Client for iProfesional\"><\/iframe>  <\/p>\n","protected":false},"author":1,"featured_media":23522,"comment_status":"closed","ping_status":"closed","sticky":false,"template":"","format":"standard","meta":[],"categories":[18],"tags":[],"_links":{"self":[{"href":"https:\/\/latecordoba.com\/index.php\/wp-json\/wp\/v2\/posts\/23521"}],"collection":[{"href":"https:\/\/latecordoba.com\/index.php\/wp-json\/wp\/v2\/posts"}],"about":[{"href":"https:\/\/latecordoba.com\/index.php\/wp-json\/wp\/v2\/types\/post"}],"author":[{"embeddable":true,"href":"https:\/\/latecordoba.com\/index.php\/wp-json\/wp\/v2\/users\/1"}],"replies":[{"embeddable":true,"href":"https:\/\/latecordoba.com\/index.php\/wp-json\/wp\/v2\/comments?post=23521"}],"version-history":[{"count":0,"href":"https:\/\/latecordoba.com\/index.php\/wp-json\/wp\/v2\/posts\/23521\/revisions"}],"wp:featuredmedia":[{"embeddable":true,"href":"https:\/\/latecordoba.com\/index.php\/wp-json\/wp\/v2\/media\/23522"}],"wp:attachment":[{"href":"https:\/\/latecordoba.com\/index.php\/wp-json\/wp\/v2\/media?parent=23521"}],"wp:term":[{"taxonomy":"category","embeddable":true,"href":"https:\/\/latecordoba.com\/index.php\/wp-json\/wp\/v2\/categories?post=23521"},{"taxonomy":"post_tag","embeddable":true,"href":"https:\/\/latecordoba.com\/index.php\/wp-json\/wp\/v2\/tags?post=23521"}],"curies":[{"name":"wp","href":"https:\/\/api.w.org\/{rel}","templated":true}]}}